{"id":24335,"date":"2010-07-19T21:03:04","date_gmt":"2010-07-19T21:03:04","guid":{"rendered":"http:\/\/www.korhanyilmaz.com\/?p=24335"},"modified":"2010-07-19T21:03:04","modified_gmt":"2010-07-19T21:03:04","slug":"hukumet-pttye-el-atti","status":"publish","type":"post","link":"http:\/\/www.korhanyilmaz.com\/?p=24335","title":{"rendered":"H\u00fck\u00fcmet PTT&#8217;ye el att\u0131"},"content":{"rendered":"<p><a href=\"http:\/\/www.korhanyilmaz.com\/wp-content\/uploads\/2010\/07\/320.jpg\"  class=\"lightview\"><img loading=\"lazy\" decoding=\"async\" class=\"aligncenter size-full wp-image-24336\" src=\"http:\/\/www.korhanyilmaz.com\/wp-content\/uploads\/2010\/07\/320.jpg\" alt=\"\" width=\"292\" height=\"194\" \/><\/a><\/p>\n<p style=\"text-align: justify;\">Adalet Bakan\u0131 Sadullah Ergin, Bakanlar Kurulu&#8217;nda ele al\u0131nan tasar\u0131 ile PTT&#8217;nin Kamu \u0130ktisadi Te\u015febb\u00fcs\u00fc (K\u0130T) olmaktan \u00e7\u0131kart\u0131l\u0131p, anonim \u015firket haline getirilmesinin \u00f6ng\u00f6r\u00fcld\u00fc\u011f\u00fcn\u00fc bildirdi.<\/p>\n<p style=\"text-align: justify;\">Ergin, Bakanlar Kurulu toplant\u0131s\u0131n\u0131n ard\u0131ndan yapt\u0131\u011f\u0131 a\u00e7\u0131klamada, toplant\u0131da iki kanun tasar\u0131s\u0131n\u0131n ele al\u0131nd\u0131\u011f\u0131n\u0131 bildirdi. <!--more--><\/p>\n<p style=\"text-align: justify;\">Bunlardan birinin Ula\u015ft\u0131rma Bakanl\u0131\u011f\u0131n\u0131n haz\u0131rlad\u0131\u011f\u0131 &#8220;Posta Hizmetleri Kanun Tasar\u0131s\u0131&#8221; oldu\u011funu belirten Ergin, Tasar\u0131n\u0131n i\u00e7eri\u011fi hakk\u0131nda bilgi verdi.<\/p>\n<p style=\"text-align: justify;\">Bakan Ergin, tasar\u0131 ile posta sekt\u00f6r\u00fcn\u00fcn kalite, serbestle\u015fme, g\u00fcvenilirlik, eri\u015filebilirlik, denetim ve rekabet a\u00e7\u0131s\u0131ndan yeniden yap\u0131land\u0131r\u0131lmas\u0131n\u0131n \u00f6ng\u00f6r\u00fcld\u00fc\u011f\u00fcn\u00fc ifade etti.<\/p>\n<p style=\"text-align: justify;\">Ergin, bu d\u00fczenleme ile PTT&#8217;nin K\u0130T olmaktan \u00e7\u0131kart\u0131l\u0131p, anonim \u015firket haline d\u00f6n\u00fc\u015ft\u00fcr\u00fclmesinin, mevcut PTT kadrolar\u0131 ve PTT \u00e7al\u0131\u015fanlar\u0131n\u0131n \u00f6zl\u00fck haklar\u0131 muhafaza edilerek yeni s\u00f6zle\u015fmeli personel istihdam\u0131n\u0131n \u00f6ng\u00f6r\u00fcld\u00fc\u011f\u00fcn\u00fc belirtti.<\/p>\n<p style=\"text-align: justify;\">Toplant\u0131da, Sanayi Bakanl\u0131\u011f\u0131 taraf\u0131ndan haz\u0131rlanan &#8220;End\u00fcstri B\u00f6lgeleri Kanunu&#8217;nda De\u011fi\u015fiklik Yap\u0131lmas\u0131 Hakk\u0131nda Kanun Tasar\u0131s\u0131&#8221;n\u0131n da g\u00f6r\u00fc\u015f\u00fcld\u00fc\u011f\u00fcn\u00fc bildiren Bakan Ergin, tasar\u0131n\u0131n be\u015f maddeden olu\u015ftu\u011funu s\u00f6yledi.<\/p>\n<p style=\"text-align: justify;\">4737 say\u0131l\u0131 End\u00fcstri B\u00f6lgeleri Yasas\u0131&#8217;n\u0131n ge\u00e7ici ikinci maddesi ile \u00f6zel end\u00fcstri b\u00f6lgelerinin kurulmas\u0131na izin verildi\u011fini an\u0131msatan Bakan Ergin, yasa ile \u00f6zel end\u00fcstri b\u00f6lgesi kurma s\u00fcresinin 1 Temmuz 2005&#8217;te sona erdi\u011fini s\u00f6yledi.<\/p>\n<p style=\"text-align: justify;\">Ergin, &#8220;\u015eimdi getirilen d\u00fczenleme ile bu maddenin uygulamas\u0131na ili\u015fkin s\u00fcrenin bitmesi nedeniyle b\u00fcy\u00fck yat\u0131r\u0131mlar\u0131n kapasite art\u0131r\u0131m\u0131na, geli\u015ftirilmesine ve yeni teknolojilere uyumunun sa\u011flamas\u0131na y\u00f6nelik olu\u015fan taleplerin kar\u015f\u0131lanmas\u0131 amac\u0131yla 4737 say\u0131l\u0131 Kanun&#8217;a kal\u0131c\u0131 bir h\u00fck\u00fcm eklenmek suretiyle g\u00fcncellenmesinden ibaret bir d\u00fczenleme&#8221; dedi.<\/p>\n<p style=\"text-align: justify;\">Ergin, &#8220;Tasar\u0131 ile \u00fczerinde sanayi tesisi bulunan, arazi alan\u0131 250 bin metrekareden b\u00fcy\u00fck ve yeni yap\u0131lacak yat\u0131r\u0131mlar i\u00e7in en az y\u00fczde 50 geni\u015fleme imkan\u0131 veren imar planlar\u0131 uyar\u0131nca gerekli izinleri alarak faaliyete ge\u00e7mi\u015f, m\u00fclkiyeti yat\u0131r\u0131mc\u0131s\u0131na ait alanlar\u0131n, m\u00fclk sahibinin ba\u015fvurusu, bakanl\u0131\u011f\u0131n teklifi ve Bakanlar Kurulunun uygun g\u00f6rmesi \u00fczerine \u00f6zel end\u00fcstri b\u00f6lgesi olarak ilan\u0131n\u0131 \u00f6ng\u00f6r\u00fclm\u00fc\u015ft\u00fcr&#8221; dedi.<\/p>\n<p style=\"text-align: justify;\">Bakan Ergin, tasar\u0131n\u0131n hem kapasite art\u0131r\u0131m\u0131 hem de ilave istihdam sa\u011flanmas\u0131 a\u00e7\u0131s\u0131ndan da \u00f6nemli oldu\u011funu ifade etti.<\/p>\n<p style=\"text-align: justify;\">Toplant\u0131da ayr\u0131ca AB ile m\u00fczakere s\u00fcrecine ili\u015fkin Devlet Bakan\u0131 ve Ba\u015fm\u00fczakereci Egemen Ba\u011f\u0131\u015f&#8217;\u0131n geni\u015fleme konusuyla ilgili bilgi verdi\u011fini bildiren Bakan Ergin, konunun etrafl\u0131ca de\u011ferlendirildi\u011fini s\u00f6yledi.<\/p>\n<p style=\"text-align: justify;\"><span style=\"color: #888888;\">CNN T\u00dcRK<\/span><\/p>\n","protected":false},"excerpt":{"rendered":"<\/p>\n<p style=\"text-align: justify;\">Adalet Bakan\u0131 Sadullah Ergin, Bakanlar Kurulu&#8217;nda ele al\u0131nan tasar\u0131 ile PTT&#8217;nin Kamu \u0130ktisadi Te\u015febb\u00fcs\u00fc (K\u0130T) olmaktan \u00e7\u0131kart\u0131l\u0131p, anonim \u015firket haline getirilmesinin \u00f6ng\u00f6r\u00fcld\u00fc\u011f\u00fcn\u00fc bildirdi.<\/p>\n<p style=\"text-align: justify;\">Ergin, Bakanlar Kurulu toplant\u0131s\u0131n\u0131n ard\u0131ndan yapt\u0131\u011f\u0131 a\u00e7\u0131klamada, toplant\u0131da iki kanun tasar\u0131s\u0131n\u0131n ele al\u0131nd\u0131\u011f\u0131n\u0131 bildirdi. <\/p>\n","protected":false},"author":1,"featured_media":0,"comment_status":"open","ping_status":"closed","sticky":false,"template":"","format":"standard","meta":{"footnotes":""},"categories":[105],"tags":[],"class_list":["post-24335","post","type-post","status-publish","format-standard","hentry","category-gundem","odd"],"_links":{"self":[{"href":"http:\/\/www.korhanyilmaz.com\/index.php?rest_route=\/wp\/v2\/posts\/24335","targetHints":{"allow":["GET"]}}],"collection":[{"href":"http:\/\/www.korhanyilmaz.com\/index.php?rest_route=\/wp\/v2\/posts"}],"about":[{"href":"http:\/\/www.korhanyilmaz.com\/index.php?rest_route=\/wp\/v2\/types\/post"}],"author":[{"embeddable":true,"href":"http:\/\/www.korhanyilmaz.com\/index.php?rest_route=\/wp\/v2\/users\/1"}],"replies":[{"embeddable":true,"href":"http:\/\/www.korhanyilmaz.com\/index.php?rest_route=%2Fwp%2Fv2%2Fcomments&post=24335"}],"version-history":[{"count":0,"href":"http:\/\/www.korhanyilmaz.com\/index.php?rest_route=\/wp\/v2\/posts\/24335\/revisions"}],"wp:attachment":[{"href":"http:\/\/www.korhanyilmaz.com\/index.php?rest_route=%2Fwp%2Fv2%2Fmedia&parent=24335"}],"wp:term":[{"taxonomy":"category","embeddable":true,"href":"http:\/\/www.korhanyilmaz.com\/index.php?rest_route=%2Fwp%2Fv2%2Fcategories&post=24335"},{"taxonomy":"post_tag","embeddable":true,"href":"http:\/\/www.korhanyilmaz.com\/index.php?rest_route=%2Fwp%2Fv2%2Ftags&post=24335"}],"curies":[{"name":"wp","href":"https:\/\/api.w.org\/{rel}","templated":true}]}}