{"id":24328,"date":"2010-07-19T12:47:09","date_gmt":"2010-07-19T12:47:09","guid":{"rendered":"http:\/\/www.korhanyilmaz.com\/?p=24328"},"modified":"2010-07-19T12:47:09","modified_gmt":"2010-07-19T12:47:09","slug":"recep-bey-anayasa-mahkemesinin-yaninda-ev-tutsun","status":"publish","type":"post","link":"http:\/\/www.korhanyilmaz.com\/?p=24328","title":{"rendered":"&#8216;Recep Bey Anayasa Mahkemesi&#8217;nin yan\u0131nda ev tutsun&#8217;"},"content":{"rendered":"<p style=\"text-align: center;\"><a href=\"http:\/\/www.korhanyilmaz.com\/wp-content\/uploads\/2010\/07\/319.jpg\"  class=\"lightview\"><img loading=\"lazy\" decoding=\"async\" class=\"aligncenter size-full wp-image-24329\" src=\"http:\/\/www.korhanyilmaz.com\/wp-content\/uploads\/2010\/07\/319.jpg\" alt=\"\" width=\"396\" height=\"198\" \/><\/a><\/p>\n<p style=\"text-align: justify;\">CHP Genel Ba\u015fkan\u0131 Kemal K\u0131l\u0131\u00e7daro\u011flu, Yalova ve il\u00e7elerindeydi.<\/p>\n<p style=\"text-align: justify;\">CHP Genel Ba\u015fkan\u0131 Kemal K\u0131l\u0131\u00e7daro\u011flu, h\u00fck\u00fcmetin Anayasa de\u011fi\u015fikli ile yarg\u0131y\u0131 ele ge\u00e7tirmek istedi\u011fini s\u00f6yledi. K\u0131l\u0131\u00e7daro\u011flu, Ba\u015fbakan Recep Tayyip Erdo\u011fan&#8217;\u0131n Y\u00fcce Divan&#8217;da kendi hakimleri taraf\u0131ndan yarg\u0131lanmak istedi\u011fini belirtip, \u201cRecep Bey Anayasa Mahkemesi&#8217;nin yan\u0131nda ev tutusun. Taksi paras\u0131 \u00f6demesin. Bu zahmetten de kurtulsun\u201d dedi.<!--more--><\/p>\n<p style=\"text-align: justify;\">Bursa&#8217;da d\u00fcn partisince d\u00fczenlenen 9 ayr\u0131 mitingde konu\u015ftuktan sonra d\u00fcn gece Yalova merkeze ba\u011fl\u0131 Elmal\u0131 K\u00f6y\u00fc&#8217;ne 2 kilometre uzakl\u0131ktaki bir restoranda yemek yedi. Saat 22.30 s\u0131ralar\u0131nda yemekten \u00e7\u0131kan K\u0131l\u0131\u00e7daro\u011flu, Yalova Belediyesi&#8217;ne ait bir tankerin bozulmas\u0131, partililere ait otomobillerin usuls\u00fcz park etmesi sonucu 30 dakika yolun a\u00e7\u0131lmas\u0131n\u0131 bekledi. K\u0131l\u0131\u00e7daro\u011flu yolun a\u00e7\u0131lmad\u0131\u011f\u0131n\u0131 g\u00f6r\u00fcnce yakla\u015f\u0131k 150 metreden olu\u015fan patika ve \u00e7amurlu yoldan y\u00fcr\u00fcy\u00fcp bir ba\u015fka otomobile binerek Termal&#8217;deki oteline gidip istirahat etti.<\/p>\n<p style=\"text-align: justify;\"><strong>\u2018BEDEL\u0130 A\u011eIR \u00d6DEN\u0130R\u2019 <\/strong><\/p>\n<p style=\"text-align: justify;\">CHP Genel Ba\u015fkan\u0131 Kemal K\u0131l\u0131\u00e7daro\u011flu, bu sabah ise Yalova&#8217;daki sivil toplum kurulu\u015flar\u0131n\u0131n temsilcileriyle T\u0130GEM tesislerinde bir araya geldi. Toplant\u0131da sorunlar\u0131 dinleyen K\u0131l\u0131\u00e7daro\u011flu, daha sonra yapt\u0131\u011f\u0131 konu\u015fmas\u0131nda h\u00fck\u00fcmeti ele\u015ftirdi. H\u00fck\u00fcmetin ayr\u0131m modeli \u00fczerinde a\u00e7\u0131l\u0131m politikas\u0131 uygulad\u0131\u011f\u0131n\u0131 savunan K\u0131l\u0131\u00e7daro\u011flu, \u015funlar\u0131 s\u00f6yledi:<\/p>\n<p style=\"text-align: justify;\">\u201cBu yanl\u0131\u015f. Anayasa de\u011fi\u015fikli\u011fi ile siyaset yarg\u0131y\u0131 ele ge\u00e7irmek istiyor. Siyaset yarg\u0131y\u0131 ele ge\u00e7irirse bunun bedelini \u00e7ok a\u011f\u0131r \u00f6der. 27 May\u0131s\u2019tan sonra bu \u00fclkede ba\u015fbakan asmad\u0131k m\u0131? 12 Eyl\u00fcl sonras\u0131 da idam sehpalar\u0131 kuruldu. 16 ya\u015f\u0131ndaki \u00e7ocu\u011fun ya\u015f\u0131 b\u00fcy\u00fct\u00fcl\u00fcp idam edildi. \u0130nsan\u0131n vicdan\u0131 s\u0131zlam\u0131yor mu? Yarg\u0131c\u0131n karar\u0131 kamunun vicdan\u0131d\u0131r. Hani derler ya \u2018\u015eeriat\u0131n kesti\u011fi parmak ac\u0131maz\u2019 diye. Yarg\u0131 taraf\u0131ndan verilen o karar do\u011fru ise kamu vicdan\u0131 s\u0131zlamaz. Fakat AKP h\u00fck\u00fcmeti yarg\u0131y\u0131 ele ge\u00e7irmek istiyor. \u2018Anayasa de\u011fi\u015fikli\u011fi ile \u015fehit yak\u0131nlar\u0131na, gazilere, kad\u0131n ve engellilere pozitif ayr\u0131mc\u0131l\u0131k yapaca\u011f\u0131z\u2019 diyorlar. Bu \u00fclkede onlara zaten pozitif ayr\u0131mcil\u0131k var. Engelllilere imkan sa\u011flamak i\u00e7in Anayasa de\u011fi\u015fikli\u011fine gerek mi var? Yapars\u0131n olur biter. Ama onlar\u0131n as\u0131l amac\u0131 dedi\u011fim gibi yarg\u0131y\u0131 ele ge\u00e7irmek.\u201d<\/p>\n<p style=\"text-align: justify;\"><strong>\u2018CEHENNEME G\u0130DEN YOLLAR \u0130Y\u0130 N\u0130YET TA\u015eLARIYLA D\u00d6\u015eEN\u0130R\u2019 <\/strong><\/p>\n<p style=\"text-align: justify;\">CHP Genel Ba\u015fkan\u0131 Kemal K\u0131l\u0131\u00e7daro\u011flu, sivil toplum kurulu\u015far\u0131yla g\u00f6r\u00fc\u015fmesinden sonra \u00c7\u0131narc\u0131k \u0130l\u00e7esi&#8217;ne ba\u011fl\u0131 Koru Beldesi&#8217;nde, ard\u0131ndan da \u00c7\u0131narc\u0131k \u0130l\u00e7esi&#8217;ni ziyaret etti, kendisini g\u00f6rmek isteyenlerce co\u015fkuyla kar\u015f\u0131land\u0131.<\/p>\n<p style=\"text-align: justify;\">\u00c7\u0131narc\u0131k&#8217;ta se\u00e7im otob\u00fcs\u00fcn\u00fcn \u00fczerinden k\u0131sa bir konu\u015fma yapan K\u0131l\u0131\u00e7daro\u011flu, \u015funlar\u0131 s\u00f6yledi:<\/p>\n<p style=\"text-align: justify;\">\u201cCehenneme giden yollar iyi niyet ta\u015flar\u0131yla d\u00f6\u015fenir. Sand\u0131\u011fa giderken bunu d\u00fc\u015f\u00fcnmenizi istiyorum. Referandumda AKP&#8217;ye gereken dersi verelim. Recep bey, Anayasa de\u011fi\u015fikli\u011fini \u2018hap\u2019 halinde \u00f6n\u00fcm\u00fcze getiriyormu\u015f. T\u0131p fak\u00fcltesi okumadan doktor olmaya kalk\u0131\u015f\u0131yor. O hap\u0131n d\u0131\u015f\u0131 \u015feker i\u00e7i zehir. Recep bey ameliyata girerse oradan hasta sa\u011f \u00e7\u0131kmaz. Bunu b\u00f6yle bilin. Oyunuzu ona g\u00f6re kullan\u0131n.<\/p>\n<p style=\"text-align: justify;\">K\u0131l\u0131\u00e7daro\u011flu, Ba\u015fbakan Recep Tayyip Erdo\u011fan&#8217;\u0131n, Anayasa de\u011fi\u015fikli\u011finin ard\u0131ndan olu\u015fturaca\u011f\u0131 Y\u00fcce Divan&#8217;da kendi hakimleri taraf\u0131ndan yarg\u0131lanmak istedi\u011fini savunup, \u201cBen buradan kendisine seslenmek istiyorum. Recep Bey Anayasa Mahkemesi&#8217;nin yan\u0131nda ev tutsun. Taksi paras\u0131 \u00f6demesin. Bu zahmetten de kurtulsun\u201d dedi.<\/p>\n<p style=\"text-align: justify;\">CHP Genel Ba\u015fkan\u0131 Kemal K\u0131l\u0131\u00e7daro\u011flu daha sonra se\u00e7im otob\u00fcs\u00fcyle Alt\u0131nova \u0130l\u00e7esi&#8217;ne hareket etti.<\/p>\n<p style=\"text-align: justify;\"><span style=\"color: #888888;\">Vatan<\/span><\/p>\n","protected":false},"excerpt":{"rendered":"<p style=\"text-align: center;\">\n<p style=\"text-align: justify;\">CHP Genel Ba\u015fkan\u0131 Kemal K\u0131l\u0131\u00e7daro\u011flu, Yalova ve il\u00e7elerindeydi.<\/p>\n<p style=\"text-align: justify;\">CHP Genel Ba\u015fkan\u0131 Kemal K\u0131l\u0131\u00e7daro\u011flu, h\u00fck\u00fcmetin Anayasa de\u011fi\u015fikli ile yarg\u0131y\u0131 ele ge\u00e7tirmek istedi\u011fini s\u00f6yledi. K\u0131l\u0131\u00e7daro\u011flu, Ba\u015fbakan Recep Tayyip Erdo\u011fan&#8217;\u0131n Y\u00fcce Divan&#8217;da kendi hakimleri taraf\u0131ndan yarg\u0131lanmak istedi\u011fini belirtip, \u201cRecep Bey Anayasa Mahkemesi&#8217;nin yan\u0131nda ev tutusun. Taksi paras\u0131 \u00f6demesin. Bu zahmetten de <\/p>\n","protected":false},"author":1,"featured_media":0,"comment_status":"open","ping_status":"closed","sticky":false,"template":"","format":"standard","meta":{"footnotes":""},"categories":[105],"tags":[],"class_list":["post-24328","post","type-post","status-publish","format-standard","hentry","category-gundem","odd"],"_links":{"self":[{"href":"http:\/\/www.korhanyilmaz.com\/index.php?rest_route=\/wp\/v2\/posts\/24328","targetHints":{"allow":["GET"]}}],"collection":[{"href":"http:\/\/www.korhanyilmaz.com\/index.php?rest_route=\/wp\/v2\/posts"}],"about":[{"href":"http:\/\/www.korhanyilmaz.com\/index.php?rest_route=\/wp\/v2\/types\/post"}],"author":[{"embeddable":true,"href":"http:\/\/www.korhanyilmaz.com\/index.php?rest_route=\/wp\/v2\/users\/1"}],"replies":[{"embeddable":true,"href":"http:\/\/www.korhanyilmaz.com\/index.php?rest_route=%2Fwp%2Fv2%2Fcomments&post=24328"}],"version-history":[{"count":0,"href":"http:\/\/www.korhanyilmaz.com\/index.php?rest_route=\/wp\/v2\/posts\/24328\/revisions"}],"wp:attachment":[{"href":"http:\/\/www.korhanyilmaz.com\/index.php?rest_route=%2Fwp%2Fv2%2Fmedia&parent=24328"}],"wp:term":[{"taxonomy":"category","embeddable":true,"href":"http:\/\/www.korhanyilmaz.com\/index.php?rest_route=%2Fwp%2Fv2%2Fcategories&post=24328"},{"taxonomy":"post_tag","embeddable":true,"href":"http:\/\/www.korhanyilmaz.com\/index.php?rest_route=%2Fwp%2Fv2%2Ftags&post=24328"}],"curies":[{"name":"wp","href":"https:\/\/api.w.org\/{rel}","templated":true}]}}