{"id":24322,"date":"2010-07-19T00:31:11","date_gmt":"2010-07-19T00:31:11","guid":{"rendered":"http:\/\/www.korhanyilmaz.com\/?p=24322"},"modified":"2010-07-19T00:31:11","modified_gmt":"2010-07-19T00:31:11","slug":"pkk%e2%80%99yi-tsk-mi-yonetiyor","status":"publish","type":"post","link":"http:\/\/www.korhanyilmaz.com\/?p=24322","title":{"rendered":"PKK\u2019y\u0131 TSK m\u0131 Y\u00f6netiyor?"},"content":{"rendered":"<p><a href=\"http:\/\/www.korhanyilmaz.com\/wp-content\/uploads\/2010\/07\/318.jpg\"  class=\"lightview\"><img loading=\"lazy\" decoding=\"async\" class=\"aligncenter size-full wp-image-24323\" src=\"http:\/\/www.korhanyilmaz.com\/wp-content\/uploads\/2010\/07\/318.jpg\" alt=\"\" width=\"250\" height=\"175\" \/><\/a><\/p>\n<p style=\"text-align: justify;\">G\u00fcnay Aslan, uzun y\u0131llar T\u00fcrkiye\u2019de gazetecilik yapt\u0131. Cumhuriyet ve \u00d6zg\u00fcr G\u00fcndem Gazeteleri ve 2000\u2019e Do\u011fru Dergisi\u2019nde \u00e7al\u0131\u015fan Aslan, \u201cYas Tutan Tarih\u201c kitab\u0131yla Yunus Nadi \u00d6d\u00fcl\u00fc ald\u0131. G\u00fcnay Aslan daha sonra yurtd\u0131\u015f\u0131na \u00e7\u0131karak PKK\u2019ya yak\u0131n \u00d6zg\u00fcr Politika Gazeetsi\u2019nde yazarl\u0131k, Med tv\u2019de program sunuculu\u011fu yapt\u0131. <!--more--><\/p>\n<p style=\"text-align: justify;\">G\u00fcnay Aslan son olarak T\u00fcrkiye\u2019nin g\u00fcndemine 10 Temmuz tarihinde Taraf Gazetesi\u2019ne yazd\u0131\u011f\u0131 yaz\u0131yla geldi. Aslan yaz\u0131s\u0131nda, PKK ile devlet aras\u0131nda uzun y\u0131llard\u0131r \u00e7at\u0131\u015fmay\u0131 durdurmak i\u00e7in \u00e7e\u015fitli kereler g\u00f6r\u00fc\u015fmeler yap\u0131ld\u0131\u011f\u0131n\u0131, \u00f6rt\u00fcl\u00fc yap\u0131lan g\u00f6r\u00fc\u015fmelerin s\u0131k s\u0131k kesildi\u011fini s\u00f6yledi. Aslan\u2019\u0131n iddias\u0131na g\u00f6re \u00d6zal\u2019dan Erbakan\u2019a, \u00c7iller\u2019den Mesut Y\u0131lmaz\u2019a kadar pek \u00e7ok ba\u015fbakan ve TSK \u00fcyesi \u00e7e\u015fitli arac\u0131lar kullanarak PKK\u2019dan \u00e7at\u0131\u015fmalar\u0131 durdurmas\u0131n\u0131, T\u00fcrkiye\u2019de k\u00fclt\u00fcrel ve demokratik haklar\u0131n geni\u015fletilmesiyle silahlar\u0131n kal\u0131c\u0131 olarak susmas\u0131n\u0131 talep etmi\u015fti. Bu arac\u0131lar kimi zaman Alev Alatl\u0131, Tayfun Talipo\u011flu, Yal\u00e7\u0131n K\u00fc\u00e7\u00fck oluyordu.<\/p>\n<p style=\"text-align: justify;\">G\u00fcnay\u2019\u0131n yaz\u0131s\u0131n\u0131 Taraf, PKK ile TSK aras\u0131ndaki ili\u015fkilerin yeni bir delili olarak yorumlad\u0131. Gazete, G\u00fcnay\u2019\u0131n yaz\u0131s\u0131nda bulunan siyasi akt\u00f6rleri g\u00f6rmezden geldi. TSK ile PKK aras\u0131nda organik ba\u011flant\u0131 oldu\u011funa ili\u015fkin geleneksel tezini yineledi. Nitekim Cuma g\u00fcn\u00fc gazetenin s\u00fcrman\u015feti \u201cOrdu\u2019nun PKK\u2019s\u0131\u201c ba\u015fl\u0131\u011f\u0131n\u0131 ta\u015f\u0131yordu.<\/p>\n<p style=\"text-align: justify;\">Odatv Haber M\u00fcd\u00fcr\u00fc Bar\u0131\u015f Terko\u011flu, G\u00fcnay Aslan ile Taraf\u2019ta dile getirdi\u011fi iddialar\u0131 konu\u015ftu. PKK\u2019y\u0131 yak\u0131ndan takip eden Aslan\u2019a PKK ile TSK aras\u0131nda h\u00fck\u00fcmete yak\u0131n medyada dile getirilen ili\u015fki idddialar\u0131n\u0131 sordu.<\/p>\n<p style=\"text-align: justify;\"><strong>\u0130\u015fte Odatv\u2019nin sorular\u0131na Aslan\u2019\u0131n verdi\u011fi yan\u0131tlar: <\/strong><\/p>\n<p style=\"text-align: justify;\">10 Temmuz g\u00fcn\u00fc Taraf Gazetesi&#8217;nde PKK ile devletin 1984 y\u0131l\u0131nda ya\u015fanan \u00e7at\u0131\u015fmalar\u0131n ard\u0131ndan pek \u00e7ok kez g\u00f6r\u00fc\u015ft\u00fc\u011f\u00fcn\u00fc iddia ettiniz. Bir gazeteci olarak tan\u0131k oldu\u011funuz olaylar\u0131 da anlatt\u0131n\u0131z. \u00d6ncelikle \u015funu sormak istiyorum. Siz PKK&#8217;y\u0131 yak\u0131ndan takip eden ve K\u00fcrt Bas\u0131n\u0131&#8217;nda tan\u0131nan bir isimsiniz. PKK ile devlet temsilcilerinin g\u00f6r\u00fc\u015fmelerinin oldu\u011funa dair iddialar\u0131n\u0131z\u0131 kendiniz i\u00e7in bir &#8220;itiraf&#8221; ya da bu g\u00f6r\u00fc\u015fmelere kat\u0131lanlar\u0131 bir &#8220;ihbar&#8221; olarak m\u0131 yoksa bir &#8220;siyasal tespit&#8221; olarak m\u0131 yorumlamal\u0131y\u0131z?<\/p>\n<p style=\"text-align: justify;\">G\u00f6r\u00fc\u015fmelerle ilgili yazd\u0131klar\u0131m ne bir\u2018 itiraf\u2019 ne de \u2018ihbar\u2019d\u0131r. Kald\u0131 ki ortada ne edilecek bir \u2018itiraf\u2019 ne de \u2018ihbar\u2019 edilecek bir ki\u015fi vard\u0131r. Zira, g\u00f6r\u00fc\u015fmelerde yer alan ki\u015filer sonu\u00e7ta devletin isteklerini yerine getirmi\u015flerdir. Dolay\u0131s\u0131yla da onun g\u00fcvencesi ve korumas\u0131 alt\u0131ndad\u0131rlar. E\u011fer biri devletten habersiz ve ba\u011f\u0131ms\u0131z PKK\u2019yle g\u00f6r\u00fc\u015fm\u00fc\u015f olsayd\u0131 hakl\u0131s\u0131n\u0131z bu bir \u2018ihbar\u2019 olurdu ama ortada b\u00f6yle bir durum yok. Ne ya\u015fanm\u0131\u015fsa devletin bilgisi ve onay\u0131 dahilinde ya\u015fanm\u0131\u015ft\u0131r.<\/p>\n<p style=\"text-align: justify;\">\u00d6te yandan g\u00f6r\u00fc\u015fmeler \u2018siyasal tespit\u2019 de\u011fil ancak, elbette olay\u0131n \u2018siyasal\u2019 boyutu var. G\u00f6r\u00fc\u015fmelerin arkas\u0131nda yatan \u2018siyasal\u2019 hesaplar var. Bunlar\u0131n aras\u0131nda K\u00fcrt sorununu \u00e7\u00f6z\u00fcme aray\u0131\u015flar\u0131 kadar, PKK\u2019yi darbeleme, yanl\u0131\u015f y\u00f6nlendirme gibi hedefleri olanlar da var.<\/p>\n<p style=\"text-align: justify;\">A\u00e7\u0131klaman\u0131zda Tansu \u00c7iller&#8217;den, Turgut \u00d6zal&#8217;a, Necmettin Erbakan&#8217;dan Mesut Y\u0131lmaz&#8217;a ve TSK&#8217;ya kadar devleti temsil eden bir dizi ismin PKK ile dolayl\u0131 temas kurdu\u011funu iddia ediyorsunuz. Sizin de bu iddialar\u0131 dile getirdi\u011finiz Taraf Gazetesi bir s\u00fcredir PKK ile TSK aras\u0131nda ili\u015fki kuran yay\u0131nlar yap\u0131yor. Gazetenin iddialar\u0131na g\u00f6re TSK, PKK&#8217;ya silah ve m\u00fchimmat yard\u0131m\u0131nda bulundu\u011fu gibi, PKK&#8217;n\u0131n kimi eylemlerinde bilin\u00e7li ihmalde bulunuyor. Size buradan hareketle \u015funu sormak istiyorum. \u0130ddia etti\u011finiz g\u00f6r\u00fc\u015fmelerin do\u011fru oldu\u011funu kabul edersek Ba\u015fbakan veya TSK \u00fcyeleri PKK ile \u00e7at\u0131\u015fmalar\u0131n daha da art\u0131rmas\u0131 i\u00e7in mi yoksa \u00e7at\u0131\u015fman\u0131n son bulmas\u0131 i\u00e7in mi g\u00f6r\u00fc\u015ft\u00fcler?<\/p>\n<p style=\"text-align: justify;\">Taraf\u2019\u0131n veya yanda\u015f medyan\u0131n\u201a\u201cTSK-PKK i\u015fbirli\u011fi\u201c iddialar\u0131n\u0131n ger\u00e7ekle alakas\u0131 bulunmamaktad\u0131r. Bug\u00fcne kadar bu konuda kayda de\u011fer bir belge de yay\u0131nlanmam\u0131\u015ft\u0131r. S\u00f6ylenenler \u201cduyum\u201c ve \u201canlat\u0131mdan\u201c \u00f6teye gidememi\u015ftir. A\u00e7\u0131k\u00e7a psikolojik sava\u015f y\u00fcr\u00fct\u00fclm\u00fc\u015ft\u00fcr. PKK ve \u00d6calan bu \u015fekilde bask\u0131 alt\u0131na al\u0131nmak istenmi\u015ftir. Baz\u0131 dayatmalar kabul g\u00f6rmedi\u011fi i\u00e7in bu iddialar bilin\u00e7li olarak servis edilmi\u015ftir. K\u00fcrtlerin AKP\u2019ye boyun e\u011fmesi istenmi\u015ftir.<\/p>\n<p style=\"text-align: justify;\">TSK-PKK g\u00f6r\u00fc\u015fmeleri i\u00e7in \u015funu s\u00f6yleyebilirim; Bu g\u00f6r\u00fc\u015fmelerin bir k\u0131sm\u0131 PKK\u2019yi darbeleme, bir k\u0131sm\u0131 da \u00e7\u00f6z\u00fcm\u00fc sa\u011flama ama\u00e7l\u0131d\u0131r. TSK, sava\u015f\u0131 bazen \u201cg\u00f6r\u00fc\u015fmeler\u201c \u00fczerinden y\u00fcr\u00fctm\u00fc\u015f, bazen \u00e7\u00f6z\u00fcm i\u00e7in nab\u0131z yoklam\u0131\u015ft\u0131r. \u201c\u00c7at\u0131\u015fmalar\u0131 artt\u0131rmak\u201c ama\u00e7l\u0131 g\u00f6r\u00fc\u015fmeye gelince; bunun i\u00e7in g\u00f6r\u00fc\u015fmeye gerek var m\u0131? Askeri ve sivil alandaki operasyonlar\u0131 yo\u011funla\u015ft\u0131r\u0131rs\u0131n \u00e7at\u0131\u015fmalar kendili\u011finden artar, hem de istemedi\u011fin kadar. Ge\u00e7mi\u015fte bu olmad\u0131 m\u0131?<\/p>\n<p style=\"text-align: justify;\">E\u011fer g\u00f6r\u00fc\u015fmeler \u00e7at\u0131\u015fmalar\u0131n son bulmas\u0131 i\u00e7in yap\u0131ld\u0131ysa bu durumda sizin varoldu\u011funu ifade etti\u011finiz bu g\u00f6r\u00fc\u015fmelere ya da g\u00f6r\u00fc\u015fmeleri yapan isimlere ele\u015ftiriniz nedir?<\/p>\n<p style=\"text-align: justify;\">\u00d6ncelikle \u015funu s\u00f6yleyeyim; samimi olan g\u00f6r\u00fc\u015fmeleri destekliyorum. Zira, K\u00fcrt sorununun her\u015feyden \u00f6nce T\u00fcrklerle K\u00fcrtlerin kaderini belirleyen hayati bir sorun oldu\u011funu d\u00fc\u015f\u00fcn\u00fcyorum. Ve, buna T\u00fcrklerle K\u00fcrtlerin birlikte bir \u00e7\u00f6z\u00fcm bulmalar\u0131 gerekti\u011fine inan\u0131yorum. Ba\u015f\u0131ndan beri bu tutumu savundum halen de savunuyorum. Ba\u015fka t\u00fcrl\u00fc \u00e7\u00f6z\u00fcmlerin \u00e7\u00f6z\u00fcm olamayaca\u011f\u0131n\u0131, her iki halk\u0131n da bundan olumsuz etkilece\u011fini d\u00fc\u015f\u00fcn\u00fcyorum. Baz\u0131 g\u00f6r\u00fc\u015fmeler \u201caldatma\u201c veya \u201coyalama\u201c ama\u00e7l\u0131 yap\u0131lm\u0131\u015ft\u0131r. K\u00fcrtler bu konuda samimi davranm\u0131\u015f ancak ayn\u0131 samimiyeti kar\u015f\u0131 da bulamam\u0131\u015flard\u0131r. 28 \u015eubat d\u00f6neminde yap\u0131lan g\u00f6r\u00fc\u015fmeler buna \u00f6rnektir. Orada \u00f6nemli bir zemin yakalanm\u0131\u015ft\u0131r. K\u00fcrt hareketi ciddi oranda \u201ctavizkar\u201c davranm\u0131\u015ft\u0131r. Sorunun \u00e7\u00f6z\u00fcm\u00fc i\u00e7in yap\u0131lan \u00f6nerilerin tamam\u0131na yak\u0131n\u0131n\u0131 kabul etmi\u015ftir. 1 Eyl\u00fcl 1998 ate\u015fkesi bu ama\u00e7la yap\u0131lm\u0131\u015ft\u0131r. \u00d6calan, olumlu geli\u015fmelere paralel olarak silahlar\u0131n tamamen devreden \u00e7\u0131kar\u0131laca\u011f\u0131n\u0131 beyan etmi\u015ftir. Ama ne olmu\u015ftur; bir hafta sonra \u00d6calan\u2019\u0131 Suriye\u2019den \u00e7\u0131kar\u0131lmas\u0131 s\u00fcreci ba\u015flat\u0131lm\u0131\u015ft\u0131r. O s\u00fcre\u00e7te ikili oynanm\u0131\u015ft\u0131r.<\/p>\n<p style=\"text-align: justify;\">Yaz\u0131n\u0131zdan Ergenekon Davas\u0131 yarg\u0131lamalar\u0131n\u0131 \u00f6nemli buldu\u011funuz anla\u015f\u0131l\u0131yor. Ancak ayn\u0131 zamanda bu davada yarg\u0131lanan ya da ad\u0131 s\u0131k\u00e7a bu dava ile an\u0131lan isimlerin g\u00f6r\u00fc\u015fmelerde bulundu\u011funu ya da arac\u0131l\u0131k etti\u011fini iddia ediyorsunuz. Bu garip bir \u00e7eli\u015fki do\u011furmuyor mu? Siz Ergenekon Davas\u0131&#8217;n\u0131n takip\u00e7isi olan ve bu davay\u0131 derin devletten kurtulu\u015f olarak g\u00f6ren h\u00fck\u00fcmete yak\u0131n bir gazetede yine bu davan\u0131n san\u0131klar\u0131n\u0131n K\u00fcrt sorununu bar\u0131\u015f\u00e7\u0131 yollarla \u00e7\u00f6zmeye \u00e7al\u0131\u015ft\u0131\u011f\u0131n\u0131 ifade ediyorsunuz. Bu biraz ilgin\u00e7 de\u011fil mi? Ergenekondan yarg\u0131lanan insanlar K\u00fcrt sorununu \u00e7\u00f6zmeye mi \u00e7al\u0131\u015f\u0131yorlard\u0131?<\/p>\n<p style=\"text-align: justify;\">Ergenekon davas\u0131ndan yarg\u0131lanan Yal\u00e7\u0131n K\u00fc\u00e7\u00fck ile Do\u011fu Perin\u00e7ek, \u00f6zellikle de Yal\u00e7\u0131n K\u00fc\u00e7\u00fck \u00f6nemli g\u00f6r\u00fc\u015fmeler yapm\u0131\u015ft\u0131r. Yal\u00e7\u0131n Hoca bir d\u00f6nem \u00d6calan\u2018\u0131n \u00e7ok yak\u0131n\u0131ndayd\u0131. Uzun y\u0131llar birlikte programlara \u00e7\u0131kt\u0131lar, \u015eam\u2019da tart\u0131\u015fmalar yapt\u0131lar. Yal\u00e7\u0131n K\u00fc\u00e7\u00fck\u2019\u00fcn PKK\u2019ye \u201aT\u00fcrkiye\u2019ci \u00e7\u00f6z\u00fcm\u2018 diyebilece\u011fimiz bir \u00e7\u00f6z\u00fcm modeli \u00f6nerdi\u011fini, bunu s\u0131k s\u0131k tart\u0131\u015fma konusu yapt\u0131\u011f\u0131n\u0131 biliyoruz. \u201cDemokratik Cumhuriyet\u201c projesi daha 1997- 98\u2019te \u00fcretildi. Yal\u00e7\u0131n K\u00fc\u00e7\u00fck, \u201cbunda benim pay\u0131m var\u201c da dedi. Ancak ne oldu bu proje dahi kabul g\u00f6rmedi.<\/p>\n<p style=\"text-align: justify;\">\u00d6calan\u2019\u0131n K\u00fc\u00e7\u00fck \u00fczerinden gelen \u00e7\u00f6z\u00fcm \u00f6nerilerine \u201chaz\u0131r\u201c oldu\u011funu, anlam ve kar\u015f\u0131l\u0131k verdi\u011fini biliyoruz. Ancak kar\u015f\u0131l\u0131\u011f\u0131nda kendisine \u201ckomplo\u201c kuruldu\u011funu da biliyoruz. Dolay\u0131s\u0131yla bu ister istemez Yal\u00e7\u0131n Hoca\u2019n\u0131n konumunun sorgulanmas\u0131n\u0131 da beraberinde getiriyor. \u00c7\u00f6z\u00fcm sa\u011flanmam\u0131\u015ft\u0131r ve K\u00fcrt hareketi tek tarafl\u0131 att\u0131\u011f\u0131 ad\u0131mlarla kalm\u0131\u015ft\u0131r. Bu y\u00fczden \u201csorunu \u00e7\u00f6zmeye \u00e7al\u0131\u015fma\u201c konusunda insan emin konu\u015fam\u0131yor. \u00c7\u00fcnk\u00fc sorun \u00e7\u00f6z\u00fclmedi. Aksine daha da derinle\u015fti.<\/p>\n<p style=\"text-align: justify;\">Ergenekon Davas\u0131&#8217;nda \u00f6rg\u00fct\u00fcn y\u00f6netti\u011fi yap\u0131lanmalar aras\u0131nda PKK&#8217;n\u0131n da ad\u0131 ge\u00e7iyor. Nitekim sizin de tezlerinizi dile getirdi\u011finiz gazete de bu iddiay\u0131 do\u011frulayan pek \u00e7ok haber yapt\u0131. Siz bunlar\u0131 tezinizin neresine koyuyorsunuz?<\/p>\n<p style=\"text-align: justify;\">Taraf\u2019\u0131n bu iddialar\u0131n\u0131n ger\u00e7ekle ba\u011flant\u0131s\u0131 olmad\u0131\u011f\u0131n\u0131 yazd\u0131m. Bunun ger\u00e7ek d\u0131\u015f\u0131 oldu\u011funu orada da anlatt\u0131m. Bu konuda yap\u0131lan haber ve yorumlar maksatl\u0131d\u0131r. Bunu daha \u00f6nce de birka\u00e7 kez yazd\u0131m. Bundan ama\u00e7 K\u00fcrt hareketini AKP\u2019nin yede\u011fine d\u00fc\u015f\u00fcrmekti. Ancak bu ger\u00e7ekle\u015fmedi. K\u00fcrt taraf\u0131 bu kampanyaya direndi ve sonunda ger\u00e7e\u011fi kabul ettirdi.<\/p>\n<p style=\"text-align: justify;\">Abdulkadir Aygan ya da \u015eemdin Sak\u0131k gibi daha \u00f6nce PKK i\u00e7inde bulunan isimler PKK ile TSK aras\u0131nda bir temas oldu\u011fundan s\u00f6z ettiler. Hatta bu a\u00e7\u0131klamalar\u0131n baz\u0131lar\u0131n\u0131 sizin de yaz\u0131n\u0131z\u0131 yazd\u0131\u011f\u0131n\u0131z Taraf Gazetesi&#8217;ne yapt\u0131lar. Sizin iddialar\u0131n\u0131z\u0131n Aygan ya da Sak\u0131k gibi isimlerin a\u00e7\u0131klamalar\u0131yla fark\u0131 nedir?<\/p>\n<p style=\"text-align: justify;\">Bu s\u00fcre\u00e7te bir\u00e7ok K\u00fcrt bu kampanyaya alet edildi. K\u00fcrtlerin AKP\u2019ye boyun e\u011fmesinin sa\u011flanmas\u0131 amac\u0131yla y\u00fcr\u00fct\u00fclen psikolojik sava\u015fa alet edilen \u00e7ok K\u00fcrt oldu. Baz\u0131 Taraf yazarlar\u0131 da burada olumsuz rol oynad\u0131. \u00d6nder Ayta\u00e7, \u201cKCK operasyonu neden yap\u0131lm\u0131yor?\u201c diye bas bas ba\u011f\u0131r\u0131yor, s\u0131k s\u0131k \u201a \u201cKCK- Ergenekon i\u015fbirli\u011finden\u201c s\u00f6z ediyordu. Sonunda ne oldu? KCK operasyonu yap\u0131ld\u0131. 1500 K\u00fcrt siyaset\u00e7isi i\u00e7eri al\u0131nd\u0131. Ba\u015fbakan\u0131n o zaman sesi \u00e7\u0131kmad\u0131. Hatta bu operasyonlara destek verdi. A\u00e7\u0131l\u0131m durunca, PKK eylemleri yeniden ba\u015flay\u0131nca da bu kez sorumlu\u011funu \u201cyarg\u0131ya\u201c y\u0131kt\u0131. Demek ki \u201cyarg\u0131daki Ergenekon\u201c KCK\u2019yle i\u015fbirli\u011fi yapm\u0131yor, aksine sava\u015f\u0131yordu! Bu t\u00fcrden ayak oyunlar\u0131 tutmad\u0131, tutmuyor.<\/p>\n<p style=\"text-align: justify;\">Pek\u00e7ok ki\u015finin PKK ile devlet aras\u0131nda arac\u0131 oldu\u011funu iddia etti\u011finiz halde Taraf Gazetesi&#8217;nin man\u015fetine PKK ile TSK ili\u015fkisini \u00e7\u0131karmas\u0131n\u0131 nas\u0131l yorumluyorsunuz? Ordu ile sorunlu ili\u015fkisi oldu\u011fu bilinen ve TSK ile PKK aras\u0131nda \u00e7at\u0131\u015fmalarda i\u015fbirli\u011fi oldu\u011funu savunan Taraf Gazetesi, sizin yaz\u0131n\u0131z\u0131 kullanm\u0131\u015f olabilir mi? Bu anlamda kullan\u0131ld\u0131\u011f\u0131n\u0131z\u0131 d\u00fc\u015f\u00fcn\u00fcyor musunuz?<\/p>\n<p style=\"text-align: justify;\">\u0130kinci yaz\u0131mda dile getirdim. Taraf\u2019\u0131n \u201cApo\u2019ya Genelkurmay faks\u0131\u201c man\u015fetini ele\u015ftirdim. Yaz\u0131m\u0131n ard\u0131ndan F\u0131rat Haber Ajans\u0131\u2019ndan Erdem Can bir yaz\u0131 yazd\u0131 ve \u201cbu yaz\u0131yla birlikte, bug\u00fcne kadar \u0131srarla PKK-TSK i\u015fbirli\u011fini g\u00fcndeme getiren Taraf\u2019\u0131n K\u00fcrtlerden \u00f6z\u00fcr dilemesi gerekiyor\u201c dedi. Bana gelince; hay\u0131r, kendimi kullan\u0131lm\u0131\u015f hissetmiyorum. Yaz\u0131m oldu\u011fu gibi yay\u0131nland\u0131. \u00d6nemli olan buydu.<\/p>\n<p style=\"text-align: justify;\">Dikkat \u00e7eken bir ba\u015fka nokta PKK ile devlet aras\u0131nda ya\u015fand\u0131\u011f\u0131n\u0131 iddia etti\u011finiz g\u00f6r\u00fc\u015fmelerin tarihini her iki yaz\u0131n\u0131zda da 2002 y\u0131l\u0131 ile sonland\u0131rman\u0131z. Bu tarihin AKP&#8217;nin iktidar oldu\u011fu d\u00f6nem olmas\u0131 \u00f6nem ta\u015f\u0131yor. AKP h\u00fck\u00fcmeti benzer g\u00f6r\u00fc\u015fmeleri ger\u00e7ekle\u015ftirmedi mi? A\u00e7\u0131l\u0131m s\u00fcrecinde herhangibir temas olmad\u0131 m\u0131? Olduysa neden yaz\u0131n\u0131zda bu noktay\u0131 ele almaktan ka\u00e7\u0131nd\u0131n\u0131z? H\u00fck\u00fcmete yak\u0131n bir gazetede AKP d\u0131\u015f\u0131nda t\u00fcm h\u00fck\u00fcmetlerin ve t\u00fcm komutanlar\u0131n PKK ile g\u00f6r\u00fc\u015ft\u00fc\u011f\u00fcn\u00fc yazarak AKP&#8217;ye olumlu bir rol m\u00fc bi\u00e7iyorsunuz yoksa AKP&#8217;yi bu g\u00f6r\u00fc\u015fmeleri ger\u00e7ekle\u015ftirmedi\u011fi i\u00e7in ele\u015ftiriyor musunuz?<\/p>\n<p style=\"text-align: justify;\">Do\u011frudur, AKP d\u00f6neminde de g\u00f6r\u00fc\u015fmeler olmu\u015ftur. Daha ge\u00e7enlerde KCK Ba\u015fkan\u0131 Murat Karay\u0131lan, M\u0130T\u2019in bir \u00f6nceki m\u00fcste\u015far\u0131n\u0131n \u00d6calan\u2019la g\u00f6r\u00fc\u015ft\u00fc\u011f\u00fcn\u00fc s\u00f6yledi. Yine Taraf gazetesinden Lale Kemal, bir \u00fcst d\u00fczey devlet g\u00f6revlisine dayanarak, a\u00e7\u0131l\u0131m\u0131n t\u0131kanmas\u0131n\u0131 \u201cPKK\u2019nin var\u0131lan mutabakat\u0131 sessizce bozmas\u0131na\u201c ba\u011flad\u0131. Demek ki bir mutabakat sa\u011flanm\u0131\u015f. Ben kim olursa olsun T\u00fcrkiye ad\u0131na bu g\u00f6r\u00fc\u015fmeleri yap\u0131yorsa desteklenmesinden yanay\u0131m. \u0130ster ordu, ister h\u00fck\u00fcmet, ister M\u0130T olsun fark etmez. Bu sorun g\u00f6r\u00fc\u015fmelerle \u00e7\u00f6z\u00fclecektir: Aksi halde s\u00fcre\u00e7 bizi topyek\u00fcn felakete s\u00fcr\u00fckleyecektir. AKP\u2019nin samimi olmad\u0131\u011f\u0131n\u0131 d\u00fc\u015f\u00fcn\u00fcyorum. Bir yandan M\u0130T ya da ba\u015fka bir kurumu g\u00f6r\u00fc\u015fme i\u00e7in g\u00f6revlendirecek, di\u011fer yandan legal K\u00fcrt partisinin elini s\u0131kmayacak\u2026 Obama olmasayd\u0131 Erdo\u011fan, Ahmet T\u00fcrk\u2019\u00fc kabul etmez, DTP\u2019yle g\u00f6r\u00fc\u015fmezdi. Amerika bast\u0131r\u0131nca g\u00f6r\u00fc\u015ft\u00fc ama ard\u0131ndan da kesti. Ac\u0131 olan T\u00fcrkiye\u2019nin kendi K\u00fcrtleriyle Amerika, Avrupa \u00fczerinden, onlar\u0131n talepleri ve bask\u0131lar\u0131yla g\u00f6r\u00fc\u015fmesidir. Oysa bu sorun T\u00fcrkiye\u2019nin hayati meselesidir. K\u00fcrt halk\u0131 da T\u00fcrk halk\u0131n\u0131n karde\u015fidir. Karde\u015flik \u00e7\u00f6z\u00fcm\u00fc \u00f6nemlidir ancak bu irade bug\u00fcn mecvut de\u011fildir.<\/p>\n<p style=\"text-align: justify;\">PKK ile devlet aras\u0131nda ya\u015fanan g\u00f6r\u00fc\u015fmeleri ele ald\u0131\u011f\u0131n\u0131z yaz\u0131lar\u0131n\u0131z\u0131n T\u00fcrkiye medyas\u0131nda yeterince ilgi g\u00f6rmemesini kendi sitenizde ele\u015ftirdiniz. Bunda sizin pay\u0131n\u0131z oldu\u011funu d\u00fc\u015f\u00fcn\u00fcyor musunuz? Yoksa bir gazeteci olarak bas\u0131n\u0131n yetersizli\u011fine mi ba\u011fl\u0131yorsunuz? Ya da son d\u00f6nemde PKK devlet ili\u015fkisine vurgu yapan bir \u00e7ok haberin yaz\u0131n\u0131za olan ilgiyi azaltt\u0131\u011f\u0131n\u0131 m\u0131 d\u00fc\u015f\u00fcn\u00fcyor musunuz?<\/p>\n<p style=\"text-align: justify;\">Bunun \u00e7ok nedenleri var. Bizden kaynaklanan hatalar da var. Sesimizi yeterince duyuram\u0131yor, yeterince de \u0131srarl\u0131 olam\u0131yoruz. Bizi s\u00fcrg\u00fcn ettiler. Hep s\u00f6ylerim o topra\u011f\u0131n K\u00fcrdi sesini kestiler. \u201cAkdeniz\u2019i, Ege\u2019yi size mi b\u0131rakaca\u011f\u0131z\u201c diyen Ape Musa\u2019y\u0131 katlettiler. \u201cBiz bunu birlikte \u00e7\u00f6zece\u011fiz\u201c diyen Orhan Do\u011fan\u2019\u0131n kalbine indirdiler. K\u00fcrt ayd\u0131nlar\u0131n\u0131n sesini onlar\u0131 \u00f6ld\u00fcrerek, hapsederek ya da s\u00fcrerek kestiler. Bug\u00fcn K\u00fcrtler ad\u0131na kanal kanal dola\u015ft\u0131r\u0131lan insanlara bir bak\u0131n ne demek istedi\u011fimi anlars\u0131n\u0131z. T\u00fcrkiye hala o topraklar\u0131n sesini, halklar\u0131n yaratt\u0131\u011f\u0131 demokratik birikimi, ortak iradenin sesini duymaya haz\u0131r de\u011fil. \u00c7\u00f6z\u00fcme de haz\u0131r de\u011fil. \u201cTSK-PKK i\u015fbirli\u011fi\u201c haberleri de bunu g\u00f6steriyor. Her ne kadar g\u00f6r\u00fcn\u00fcrde bu haberler \u00e7\u00f6z\u00fcm ad\u0131na g\u00fcndeme getirilse de \u00f6z\u00fcnde \u00e7\u00f6z\u00fcms\u00fczl\u00fc\u011fe hizmet ediyor.<\/p>\n<p style=\"text-align: justify;\">Tabii, bu y\u00f6nde y\u0131llard\u0131r durmadan yay\u0131n yapan egemen medyan\u0131n yazd\u0131klar\u0131ma yer vermesi beklenemezdi. \u00c7\u00fcnk\u00fc ,kendileriyle \u00e7eli\u015fecek ve bo\u015fa \u00e7\u0131kacaklard\u0131.<\/p>\n<p style=\"text-align: justify;\">Size samimiyetle \u015funu sormak istiyorum. T\u00fcm bu s\u00fcrece tan\u0131kl\u0131k eden, MED TV&#8217;de program yapm\u0131\u015f, K\u00fcrt Bas\u0131n\u0131&#8217;nda y\u0131llarca gazetecilik yapm\u0131\u015f biri olarak siz ya\u015fanan \u00e7at\u0131\u015fman\u0131n bitmesi i\u00e7in T\u00fcrkiye&#8217;de resmi kurumlar\u0131n durumunu nas\u0131l de\u011ferlendiriyorsunuz? Bunu \u015funun i\u00e7in soruyorum. T\u00fcrkiye&#8217;de son y\u0131llarda siyasi iktidar\u0131n K\u00fcrt sorununu \u00e7\u00f6zmek istedi\u011fi ancak askerlerin y\u0131llard\u0131r buna engel oldu\u011funa dair bir e\u011filim \u00f6zellikle h\u00fck\u00fcmete yak\u0131n medyada g\u00f6ze \u00e7arp\u0131yor. Sizin pencerenizden bak\u0131ld\u0131\u011f\u0131nda y\u0131llard\u0131r kan\u0131n akmas\u0131n\u0131n nedeni askerler mi?<\/p>\n<p style=\"text-align: justify;\">Size b\u00fct\u00fcn samimiyetimle \u015funu s\u00f6yleyeyim; T\u00fcrkiye beni korkutuyor! T\u00fcrkiye eskiden bu sorunu \u00f6nemsemedi \u015fimdi ise bundan korkuyor. T\u00fcrkiye K\u00fcrt sorunundan \u00e7ok korkuyor. Bu belli oluyor. Bu durum beni korkutuyor. \u00c7\u00fcnk\u00fc korku duygusu insani paralize ediyor, par\u00e7al\u0131yor, da\u011f\u0131t\u0131yor. Bu duygu y\u00fcz\u00fcnden her\u015fey alt-\u00fcst olabilir, kendimizi bir \u00e7\u0131rp\u0131da \u201cmilli bo\u011fazla\u015fman\u0131n\u201c i\u00e7inde bulabiliriz.<\/p>\n<p style=\"text-align: justify;\">T\u00fcrkiye; K\u00fcrt sorununu K\u00fcrtleri bir halk olarak kabul ederek \u00e7\u00f6zersem; onlar\u0131n kollektif haklar\u0131n\u0131 verirsem yok olurum, Anadolu\u2019daki egemenli\u011fim son bulur korkusu i\u00e7indedir.<\/p>\n<p style=\"text-align: justify;\">T\u00fcrkiye K\u00fcrtlerden \u00e7ok m\u00fcttefiklerinden \u00e7ekinmektedir. Amerika\u2019dan, Avrupa\u2019dan, Rusya\u2019dan \u00e7ekinmektedir. K\u00fcrt halk\u0131n\u0131 bunlar\u0131n \u201ci\u00e7indeki eli\u201c gibi g\u00f6rmektedir. D\u0131\u015f g\u00fc\u00e7lerin K\u00fcrtleri \u201cyumu\u015fak karn\u0131\u201c olarak de\u011ferlendirdiklerini d\u00fc\u015f\u00fcnmektedir. Bu y\u00fczden egemenli\u011fini kaybedece\u011fi korkusu i\u00e7indedir.<\/p>\n<p style=\"text-align: justify;\">Bundan \u00f6t\u00fcr\u00fc de kal\u0131c\u0131 bir \u00e7\u00f6z\u00fcm d\u00fc\u015f\u00fcnmemektedir. Fakat K\u00fcrtleri asimile etmesi veya \u201cbireysel haklarla\u201c entegre etmesi de m\u00fcmk\u00fcn de\u011fildir. O a\u015famalar ge\u00e7ilmi\u015ftir. T\u00fcrkiye bana g\u00f6re bu sorunu ya b\u00fcy\u00fcyerek ya da k\u00fc\u00e7\u00fclerek \u00e7\u00f6zecektir. S\u0131n\u0131r ya Edirne\u2019den Kerk\u00fck\u2019e gidecektir ya da Malatya\u2019da bitecektir. Sorun bu denli ciddidir. \u00c7\u00f6zerse T\u00fcrk egemenli\u011finin karakteri de\u011fi\u015fecektir. Tek\u00e7i ve \u0131rk\u00e7\u0131 yap\u0131 yerini \u00e7o\u011fulcu ve demokratik bir egemenli\u011fe devredecektir. Ancak bu kolay de\u011fildir.<\/p>\n<p style=\"text-align: justify;\">Ben Edirne\u2019den Kerk\u00fck\u2019e kadar g\u00f6n\u00fcll\u00fc birli\u011fe dayal\u0131 T\u00fcrk-K\u00fcrt \u00fclkesinden yanay\u0131m. Elbette T\u00fcrkiye\u2019nin bu korkusundan kurtulmas\u0131 i\u00e7in bizim de yapmam\u0131z gerekenler var. Ki\u015fisel olarak T\u00fcrkiye\u2019nin \u00e7\u00f6z\u00fcm konusunda samimi davranmas\u0131 ve sab\u0131rl\u0131 olmas\u0131, K\u00fcrtlerin de birlikte ya\u015fama iradesini her ko\u015fulda ortaya koymalar\u0131 halinde zaman i\u00e7inde bu sorununun \u00e7\u00f6z\u00fclece\u011fini, K\u00fcrtlerle T\u00fcrklerin \u00e7\u0131karlar\u0131n\u0131n birlikte geli\u015fip g\u00fc\u00e7lenece\u011fini d\u00fc\u015f\u00fcn\u00fcyorum.<\/p>\n<p style=\"text-align: justify;\">\u00d6te yandan T\u00fcrkiye\u2019de bug\u00fcn bir irade par\u00e7alanmas\u0131 ya\u015fanmaktad\u0131r. Askerin i\u00e7inde \u00e7\u00f6z\u00fcm yanl\u0131lar\u0131 oldu\u011fu gibi kar\u015f\u0131tlar\u0131 da vard\u0131r. Ayn\u0131 \u015fey h\u00fck\u00fcmet i\u00e7in de ge\u00e7erlidir. AKP\u2019nin K\u00fcrt sorununu \u00e7\u00f6zmek istedi\u011fi ancak askerlerin buna engel olduklar\u0131 tezi asl\u0131nda AKP\u2019ye destek sa\u011flama ama\u00e7l\u0131d\u0131r. Bu da bir propagandad\u0131r. Erdo\u011fan\u2019\u0131n ufku bu soruna yetmemektedir. AKP ger\u00e7ekten K\u00fcrt sorununu bilmemektedir. Sekiz y\u0131ll\u0131k iktidar\u0131 bir yana son bir y\u0131l bunu bize a\u00e7\u0131k\u00e7a g\u00f6stermi\u015ftir. AKP T\u00fcrkiye\u2019nin de\u011fi\u015fim, d\u00f6n\u00fc\u015f\u00fcm, demokrasi talepleri gibi K\u00fcrt meselesini de s\u00f6m\u00fcrmektedir&#8230;<\/p>\n<p style=\"text-align: justify;\">Bize vakit ay\u0131rd\u0131\u011f\u0131n\u0131z i\u00e7in \u00e7ok te\u015fekk\u00fcr ediyorum.<\/p>\n<p style=\"text-align: justify;\">Ben te\u015fekk\u00fcr ederim\u2026<\/p>\n<p style=\"text-align: justify;\"><span style=\"color: #888888;\">Kaynak : <a href=\"http:\/\/www.odatv.com\/n.php?n=pkkyi-tsk-mi-yonetiyor-1607101200\" target=\"_blank\">Odatv.com<\/a><\/span><\/p>\n","protected":false},"excerpt":{"rendered":"<\/p>\n<p style=\"text-align: justify;\">G\u00fcnay Aslan, uzun y\u0131llar T\u00fcrkiye\u2019de gazetecilik yapt\u0131. Cumhuriyet ve \u00d6zg\u00fcr G\u00fcndem Gazeteleri ve 2000\u2019e Do\u011fru Dergisi\u2019nde \u00e7al\u0131\u015fan Aslan, \u201cYas Tutan Tarih\u201c kitab\u0131yla Yunus Nadi \u00d6d\u00fcl\u00fc ald\u0131. G\u00fcnay Aslan daha sonra yurtd\u0131\u015f\u0131na \u00e7\u0131karak PKK\u2019ya yak\u0131n \u00d6zg\u00fcr Politika Gazeetsi\u2019nde yazarl\u0131k, Med tv\u2019de program sunuculu\u011fu yapt\u0131. <\/p>\n","protected":false},"author":1,"featured_media":0,"comment_status":"open","ping_status":"closed","sticky":false,"template":"","format":"standard","meta":{"footnotes":""},"categories":[105],"tags":[],"class_list":["post-24322","post","type-post","status-publish","format-standard","hentry","category-gundem","odd"],"_links":{"self":[{"href":"http:\/\/www.korhanyilmaz.com\/index.php?rest_route=\/wp\/v2\/posts\/24322","targetHints":{"allow":["GET"]}}],"collection":[{"href":"http:\/\/www.korhanyilmaz.com\/index.php?rest_route=\/wp\/v2\/posts"}],"about":[{"href":"http:\/\/www.korhanyilmaz.com\/index.php?rest_route=\/wp\/v2\/types\/post"}],"author":[{"embeddable":true,"href":"http:\/\/www.korhanyilmaz.com\/index.php?rest_route=\/wp\/v2\/users\/1"}],"replies":[{"embeddable":true,"href":"http:\/\/www.korhanyilmaz.com\/index.php?rest_route=%2Fwp%2Fv2%2Fcomments&post=24322"}],"version-history":[{"count":0,"href":"http:\/\/www.korhanyilmaz.com\/index.php?rest_route=\/wp\/v2\/posts\/24322\/revisions"}],"wp:attachment":[{"href":"http:\/\/www.korhanyilmaz.com\/index.php?rest_route=%2Fwp%2Fv2%2Fmedia&parent=24322"}],"wp:term":[{"taxonomy":"category","embeddable":true,"href":"http:\/\/www.korhanyilmaz.com\/index.php?rest_route=%2Fwp%2Fv2%2Fcategories&post=24322"},{"taxonomy":"post_tag","embeddable":true,"href":"http:\/\/www.korhanyilmaz.com\/index.php?rest_route=%2Fwp%2Fv2%2Ftags&post=24322"}],"curies":[{"name":"wp","href":"https:\/\/api.w.org\/{rel}","templated":true}]}}