{"id":24318,"date":"2010-07-18T22:05:16","date_gmt":"2010-07-18T22:05:16","guid":{"rendered":"http:\/\/www.korhanyilmaz.com\/?p=24318"},"modified":"2010-07-18T22:05:16","modified_gmt":"2010-07-18T22:05:16","slug":"ak-partili-baskanin-araci-kursunlandi","status":"publish","type":"post","link":"http:\/\/www.korhanyilmaz.com\/?p=24318","title":{"rendered":"AK Partili ba\u015fkan\u0131n arac\u0131 kur\u015funland\u0131"},"content":{"rendered":"<p><a href=\"http:\/\/www.korhanyilmaz.com\/wp-content\/uploads\/2010\/07\/317.jpg\"  class=\"lightview\"><img loading=\"lazy\" decoding=\"async\" class=\"aligncenter size-full wp-image-24319\" src=\"http:\/\/www.korhanyilmaz.com\/wp-content\/uploads\/2010\/07\/317.jpg\" alt=\"\" width=\"292\" height=\"219\" \/><\/a><\/p>\n<p style=\"text-align: justify;\">G\u00fcm\u00fc\u015fhane&#8217;nin \u015eiran il\u00e7esi Belediye Ba\u015fkan\u0131 AK Partili Yavuz Alt\u0131parmak&#8217;\u0131n \u00f6zel otomobili park halindeyken kur\u015funland\u0131.<\/p>\n<p style=\"text-align: justify;\">Al\u0131nan bilgiye g\u00f6re, Alt\u0131parmak&#8217;a ait 29 AV 929 plakal\u0131 \u00f6zel otomobil, il\u00e7enin Tekke Mahallesi G\u00fcll\u00fc Sokak&#8217;taki evinin \u00f6n\u00fcnde park halindeyken kur\u015funland\u0131. <!--more--><\/p>\n<p style=\"text-align: justify;\">T\u00fcfekle a\u00e7\u0131ld\u0131\u011f\u0131 anla\u015f\u0131lan ate\u015f sonucu arac\u0131n kaportas\u0131nda 6 adet delik olu\u015ftu\u011fu belirlendi.<\/p>\n<p style=\"text-align: justify;\">\u015eikayet \u00fczerine g\u00fcvenlik g\u00fc\u00e7lerince y\u00fcr\u00fct\u00fclen soru\u015fturma \u00e7er\u00e7evesinde g\u00f6zalt\u0131na al\u0131nan \u015f\u00fcpheliler H.T. ve \u015e.P. polis taraf\u0131ndan ifadelerinin al\u0131nmas\u0131n\u0131n ard\u0131ndan Cumhuriyet savc\u0131s\u0131n\u0131n talimat\u0131yla serbest b\u0131rak\u0131ld\u0131.<\/p>\n<p style=\"text-align: justify;\">Olayla ilgili soru\u015fturman\u0131n s\u00fcrd\u00fcr\u00fcld\u00fc\u011f\u00fc bildirildi.<\/p>\n<p style=\"text-align: justify;\"><span style=\"color: #888888;\">CNN T\u00dcRK<\/span><\/p>\n","protected":false},"excerpt":{"rendered":"<\/p>\n<p style=\"text-align: justify;\">G\u00fcm\u00fc\u015fhane&#8217;nin \u015eiran il\u00e7esi Belediye Ba\u015fkan\u0131 AK Partili Yavuz Alt\u0131parmak&#8217;\u0131n \u00f6zel otomobili park halindeyken kur\u015funland\u0131.<\/p>\n<p style=\"text-align: justify;\">Al\u0131nan bilgiye g\u00f6re, Alt\u0131parmak&#8217;a ait 29 AV 929 plakal\u0131 \u00f6zel otomobil, il\u00e7enin Tekke Mahallesi G\u00fcll\u00fc Sokak&#8217;taki evinin \u00f6n\u00fcnde park halindeyken kur\u015funland\u0131. <\/p>\n","protected":false},"author":1,"featured_media":0,"comment_status":"open","ping_status":"closed","sticky":false,"template":"","format":"standard","meta":{"footnotes":""},"categories":[105],"tags":[],"class_list":["post-24318","post","type-post","status-publish","format-standard","hentry","category-gundem","odd"],"_links":{"self":[{"href":"http:\/\/www.korhanyilmaz.com\/index.php?rest_route=\/wp\/v2\/posts\/24318","targetHints":{"allow":["GET"]}}],"collection":[{"href":"http:\/\/www.korhanyilmaz.com\/index.php?rest_route=\/wp\/v2\/posts"}],"about":[{"href":"http:\/\/www.korhanyilmaz.com\/index.php?rest_route=\/wp\/v2\/types\/post"}],"author":[{"embeddable":true,"href":"http:\/\/www.korhanyilmaz.com\/index.php?rest_route=\/wp\/v2\/users\/1"}],"replies":[{"embeddable":true,"href":"http:\/\/www.korhanyilmaz.com\/index.php?rest_route=%2Fwp%2Fv2%2Fcomments&post=24318"}],"version-history":[{"count":0,"href":"http:\/\/www.korhanyilmaz.com\/index.php?rest_route=\/wp\/v2\/posts\/24318\/revisions"}],"wp:attachment":[{"href":"http:\/\/www.korhanyilmaz.com\/index.php?rest_route=%2Fwp%2Fv2%2Fmedia&parent=24318"}],"wp:term":[{"taxonomy":"category","embeddable":true,"href":"http:\/\/www.korhanyilmaz.com\/index.php?rest_route=%2Fwp%2Fv2%2Fcategories&post=24318"},{"taxonomy":"post_tag","embeddable":true,"href":"http:\/\/www.korhanyilmaz.com\/index.php?rest_route=%2Fwp%2Fv2%2Ftags&post=24318"}],"curies":[{"name":"wp","href":"https:\/\/api.w.org\/{rel}","templated":true}]}}