{"id":24306,"date":"2010-07-17T23:31:16","date_gmt":"2010-07-17T23:31:16","guid":{"rendered":"http:\/\/www.korhanyilmaz.com\/?p=24306"},"modified":"2010-07-17T23:31:16","modified_gmt":"2010-07-17T23:31:16","slug":"ak-partili-belediye-baskanina-silahli-saldiri","status":"publish","type":"post","link":"http:\/\/www.korhanyilmaz.com\/?p=24306","title":{"rendered":"AK Partili belediye ba\u015fkan\u0131na silahl\u0131 sald\u0131r\u0131"},"content":{"rendered":"<p style=\"text-align: center;\"><a href=\"http:\/\/www.korhanyilmaz.com\/wp-content\/uploads\/2010\/07\/316.jpg\"  class=\"lightview\"><img loading=\"lazy\" decoding=\"async\" class=\"aligncenter size-full wp-image-24307\" src=\"http:\/\/www.korhanyilmaz.com\/wp-content\/uploads\/2010\/07\/316.jpg\" alt=\"\" width=\"410\" height=\"179\" \/><\/a><\/p>\n<p style=\"text-align: justify;\">Malatya&#8217;n\u0131n Do\u011fan\u015fehir il\u00e7esine ba\u011fl\u0131 Polat beldesinin AK Partili belediye ba\u015fkan\u0131 \u0130smet G\u00fczel, u\u011frad\u0131\u011f\u0131 silahl\u0131 sald\u0131r\u0131 sonucu hayat\u0131n\u0131 kaybetti.<\/p>\n<p style=\"text-align: justify;\">Al\u0131nan bilgiye g\u00f6re, beldedeki bir kahvehanede vatanda\u015flarla sohbet eden Belediye Ba\u015fkan\u0131 G\u00fczel&#8217;e, bir ki\u015fi taraf\u0131ndan av t\u00fcfe\u011fi ile ate\u015f edildi. <!--more--><\/p>\n<p style=\"text-align: justify;\">G\u00f6\u011fs\u00fcne isabet eden sa\u00e7malarla a\u011f\u0131r yaralanan G\u00fczel, olay yerine \u00e7a\u011fr\u0131lan 112 acil servis ambulans\u0131ndaki ilk m\u00fcdahalesinin ard\u0131ndan Do\u011fan\u015fehir Devlet Hastanesi&#8217;ne kald\u0131r\u0131ld\u0131.<\/p>\n<p style=\"text-align: justify;\">Burada bir s\u00fcre tedavi uygulanan G\u00fczel, Malatya&#8217;ya sevk edildi, ancak kurtar\u0131lamad\u0131.<\/p>\n<p style=\"text-align: justify;\">Belediye Ba\u015fkan\u0131 G\u00fczel&#8217;e sald\u0131ran ve daha sonra olay yerinden ka\u00e7an \u015f\u00fcphelinin M.V.\u00d6. isimli bir vatanda\u015f\u0131n oldu\u011fu, yakalanmas\u0131 i\u00e7in jandarma taraf\u0131ndan \u00e7al\u0131\u015fma ba\u015flat\u0131ld\u0131\u011f\u0131 \u00f6\u011frenildi.<\/p>\n<p style=\"text-align: justify;\"><span style=\"color: #888888;\">CNN T\u00dcRK<\/span><\/p>\n","protected":false},"excerpt":{"rendered":"<p style=\"text-align: center;\">\n<p style=\"text-align: justify;\">Malatya&#8217;n\u0131n Do\u011fan\u015fehir il\u00e7esine ba\u011fl\u0131 Polat beldesinin AK Partili belediye ba\u015fkan\u0131 \u0130smet G\u00fczel, u\u011frad\u0131\u011f\u0131 silahl\u0131 sald\u0131r\u0131 sonucu hayat\u0131n\u0131 kaybetti.<\/p>\n<p style=\"text-align: justify;\">Al\u0131nan bilgiye g\u00f6re, beldedeki bir kahvehanede vatanda\u015flarla sohbet eden Belediye Ba\u015fkan\u0131 G\u00fczel&#8217;e, bir ki\u015fi taraf\u0131ndan av t\u00fcfe\u011fi ile ate\u015f edildi. <\/p>\n","protected":false},"author":1,"featured_media":0,"comment_status":"open","ping_status":"closed","sticky":false,"template":"","format":"standard","meta":{"footnotes":""},"categories":[105],"tags":[],"class_list":["post-24306","post","type-post","status-publish","format-standard","hentry","category-gundem","odd"],"_links":{"self":[{"href":"http:\/\/www.korhanyilmaz.com\/index.php?rest_route=\/wp\/v2\/posts\/24306","targetHints":{"allow":["GET"]}}],"collection":[{"href":"http:\/\/www.korhanyilmaz.com\/index.php?rest_route=\/wp\/v2\/posts"}],"about":[{"href":"http:\/\/www.korhanyilmaz.com\/index.php?rest_route=\/wp\/v2\/types\/post"}],"author":[{"embeddable":true,"href":"http:\/\/www.korhanyilmaz.com\/index.php?rest_route=\/wp\/v2\/users\/1"}],"replies":[{"embeddable":true,"href":"http:\/\/www.korhanyilmaz.com\/index.php?rest_route=%2Fwp%2Fv2%2Fcomments&post=24306"}],"version-history":[{"count":0,"href":"http:\/\/www.korhanyilmaz.com\/index.php?rest_route=\/wp\/v2\/posts\/24306\/revisions"}],"wp:attachment":[{"href":"http:\/\/www.korhanyilmaz.com\/index.php?rest_route=%2Fwp%2Fv2%2Fmedia&parent=24306"}],"wp:term":[{"taxonomy":"category","embeddable":true,"href":"http:\/\/www.korhanyilmaz.com\/index.php?rest_route=%2Fwp%2Fv2%2Fcategories&post=24306"},{"taxonomy":"post_tag","embeddable":true,"href":"http:\/\/www.korhanyilmaz.com\/index.php?rest_route=%2Fwp%2Fv2%2Ftags&post=24306"}],"curies":[{"name":"wp","href":"https:\/\/api.w.org\/{rel}","templated":true}]}}