{"id":24302,"date":"2010-07-17T17:09:18","date_gmt":"2010-07-17T17:09:18","guid":{"rendered":"http:\/\/www.korhanyilmaz.com\/?p=24302"},"modified":"2010-07-17T17:09:18","modified_gmt":"2010-07-17T17:09:18","slug":"ordu-icinde-pkklilar-var-iddiasi","status":"publish","type":"post","link":"http:\/\/www.korhanyilmaz.com\/?p=24302","title":{"rendered":"&#8220;Ordu i\u00e7inde PKK&#8217;l\u0131lar var&#8221; iddias\u0131"},"content":{"rendered":"<p style=\"text-align: justify;\"><a href=\"http:\/\/www.korhanyilmaz.com\/wp-content\/uploads\/2010\/07\/315.jpg\"  class=\"lightview\"><img loading=\"lazy\" decoding=\"async\" class=\"aligncenter size-full wp-image-24303\" src=\"http:\/\/www.korhanyilmaz.com\/wp-content\/uploads\/2010\/07\/315.jpg\" alt=\"\" width=\"291\" height=\"220\" \/><\/a><\/p>\n<p style=\"text-align: justify;\">&#8220;T\u00fcrk Silahl\u0131 Kuvvetleri i\u00e7inde PKK&#8217;l\u0131lar m\u0131 var?&#8221; Bu iddia T\u00fcrkiye&#8217;nin g\u00fcndemine bomba gibi d\u00fc\u015ft\u00fc. Bug\u00fcn gazetesinin haberine g\u00f6re, TSK&#8217;da g\u00f6revli bir subay, \u00fcst r\u00fctbeli bir ba\u015fka subaya PKK&#8217;l\u0131lar i\u00e7in, &#8220;Adamlar\u0131m\u0131z&#8221; dedi ve heronlar\u0131n d\u00fc\u015f\u00fcr\u00fclmesini istedi.<!--more--><\/p>\n<p style=\"text-align: justify;\">Bu \u00e7arp\u0131c\u0131 iddia 15 Temmuz&#8217;da, Bug\u00fcn gazetesinin man\u015fetinde yer ald\u0131.<\/p>\n<p style=\"text-align: justify;\">\u0130ddialara g\u00f6re bu g\u00f6r\u00fc\u015fme, 10 Ekim 2007&#8217;de yap\u0131ld\u0131. Heronlar\u0131n d\u00fc\u015f\u00fcr\u00fclmesini isteyen subaya, kar\u015f\u0131 taraftaki subay\u0131n verdi\u011fi cevap, &#8220;Bir \u00e7aresine bakaca\u011f\u0131z&#8221; oldu.<\/p>\n<p style=\"text-align: justify;\">Konu\u015fmay\u0131, Milli \u0130stihbarat Te\u015fkilat\u0131 tespit etti. Gere\u011finin yap\u0131lmas\u0131 i\u00e7in konuyu Kara Kuvvetleri Komutanl\u0131\u011f\u0131&#8217;na iletti.<\/p>\n<p style=\"text-align: justify;\">D\u00f6nemin Kara Kuvvetleri Komutan\u0131 ise \u0130lker Ba\u015fbu\u011f&#8217;ydu ve olayla ilgili soru\u015fturma emri verdi.<\/p>\n<p style=\"text-align: justify;\">\u0130simleri tespit edilen iki subay, F\u0131rat \u00c7. ve Selami Sel\u00e7uk \u00c7. hakk\u0131nda soru\u015fturma a\u00e7\u0131ld\u0131. Ancak habere g\u00f6re, soru\u015fturmay\u0131 y\u00fcr\u00fctmekle g\u00f6revli hakim Albay Ahmet Zeki \u00dc\u00e7ok, soru\u015fturmay\u0131 karartt\u0131.<\/p>\n<p style=\"text-align: justify;\">Dosyada, \u00dc\u00e7ok&#8217;un sadece F\u0131rat \u00c7.&#8217;yi \u015f\u00fcpheli olarak dinledi\u011fi ve bir g\u00fcn nezarette tuttuktan sonra serbest b\u0131rakt\u0131\u011f\u0131 iddia edildi.<\/p>\n<p style=\"text-align: justify;\">Ayr\u0131ca \u00dc\u00e7ok&#8217;un, Selami Sel\u00e7uk \u00c7.&#8217;yi \u015f\u00fcpheli s\u0131fat\u0131yla de\u011fil tan\u0131k s\u0131fat\u0131yla dinleyip hakk\u0131nda i\u015flem yapmad\u0131\u011f\u0131 \u00f6ne s\u00fcr\u00fcld\u00fc.<\/p>\n<p style=\"text-align: justify;\">Yetki tart\u0131\u015fmalar\u0131n\u0131n ard\u0131ndan o dosya \u015fimdi Genelkurmay Askeri Savc\u0131l\u0131\u011f\u0131&#8217;nda.<\/p>\n<p style=\"text-align: justify;\"><strong>&#8220;Herkes hesab\u0131n\u0131 verecek&#8221; <\/strong><\/p>\n<p style=\"text-align: justify;\">Taraf gazetesine konu\u015fan Milli Savunma Bakan\u0131 Vecdi G\u00f6n\u00fcl, iddialar\u0131 yalanlamad\u0131; &#8220;Herkes hesab\u0131n\u0131 verecek&#8221; dedi. Yine Taraf gazetesinin haberine g\u00f6re, Ba\u015fbakanl\u0131k iddialar i\u00e7in &#8220;Vahim&#8221; ifadesini kulland\u0131.<\/p>\n<p style=\"text-align: justify;\">Konuyla ilgili Genelkurmay Ba\u015fkanl\u0131\u011f\u0131&#8217;ndan bir a\u00e7\u0131klama yap\u0131lmad\u0131. Meclis Ba\u015fkan\u0131 Mehmet Ali \u015eahin ise, &#8220;\u0130didalar ciddi&#8221; dedi.<\/p>\n<p style=\"text-align: justify;\">\u015eahin, Genelkurmay Ba\u015fkanl\u0131\u011f\u0131n\u0131n, mutlaka bu iddiayla ilgili kendi i\u00e7inde inceleme, de\u011ferlendirme, soru\u015fturma yapaca\u011f\u0131n\u0131 belirtti.<\/p>\n<p style=\"text-align: justify;\">TBMM Ba\u015fkan\u0131 \u015eahin, &#8220;Birka\u00e7 g\u00fcn \u00f6nce gazetede ordu i\u00e7inde PKK&#8217;l\u0131lar oldu\u011funa ili\u015fkin haber vard\u0131. Muhalefet, Genelkurmay\u0131n, habere ili\u015fkin a\u00e7\u0131klama yapmamas\u0131n\u0131, sessizli\u011fini ele\u015ftirdi. Genelkurmay Ba\u015fkanl\u0131\u011f\u0131n\u0131n sessiz kalmas\u0131n\u0131 nas\u0131l de\u011ferlendiriyorsunuz?&#8221; sorusunu, &#8220;Bu \u00e7ok ciddi bir iddiad\u0131r. Mutlaka bu iddiayla ilgili Genelkurmay Ba\u015fkanl\u0131\u011f\u0131m\u0131z, kendi i\u00e7inde bir inceleme, de\u011ferlendirme, soru\u015fturma yapacakt\u0131r. Bu inceleme ve soru\u015fturma sonucu ortaya \u00e7\u0131k\u0131nca a\u00e7\u0131klama yapmas\u0131 herhalde daha uygundur diye d\u00fc\u015f\u00fcnm\u00fc\u015f olacaklar&#8221; dedi.<\/p>\n<p style=\"text-align: justify;\"><span style=\"color: #888888;\">CNN T\u00dcRK<\/span><\/p>\n","protected":false},"excerpt":{"rendered":"<p style=\"text-align: justify;\">\n<p style=\"text-align: justify;\">&#8220;T\u00fcrk Silahl\u0131 Kuvvetleri i\u00e7inde PKK&#8217;l\u0131lar m\u0131 var?&#8221; Bu iddia T\u00fcrkiye&#8217;nin g\u00fcndemine bomba gibi d\u00fc\u015ft\u00fc. Bug\u00fcn gazetesinin haberine g\u00f6re, TSK&#8217;da g\u00f6revli bir subay, \u00fcst r\u00fctbeli bir ba\u015fka subaya PKK&#8217;l\u0131lar i\u00e7in, &#8220;Adamlar\u0131m\u0131z&#8221; dedi ve heronlar\u0131n d\u00fc\u015f\u00fcr\u00fclmesini istedi.<\/p>\n","protected":false},"author":1,"featured_media":0,"comment_status":"open","ping_status":"closed","sticky":false,"template":"","format":"standard","meta":{"footnotes":""},"categories":[105],"tags":[],"class_list":["post-24302","post","type-post","status-publish","format-standard","hentry","category-gundem","odd"],"_links":{"self":[{"href":"http:\/\/www.korhanyilmaz.com\/index.php?rest_route=\/wp\/v2\/posts\/24302","targetHints":{"allow":["GET"]}}],"collection":[{"href":"http:\/\/www.korhanyilmaz.com\/index.php?rest_route=\/wp\/v2\/posts"}],"about":[{"href":"http:\/\/www.korhanyilmaz.com\/index.php?rest_route=\/wp\/v2\/types\/post"}],"author":[{"embeddable":true,"href":"http:\/\/www.korhanyilmaz.com\/index.php?rest_route=\/wp\/v2\/users\/1"}],"replies":[{"embeddable":true,"href":"http:\/\/www.korhanyilmaz.com\/index.php?rest_route=%2Fwp%2Fv2%2Fcomments&post=24302"}],"version-history":[{"count":0,"href":"http:\/\/www.korhanyilmaz.com\/index.php?rest_route=\/wp\/v2\/posts\/24302\/revisions"}],"wp:attachment":[{"href":"http:\/\/www.korhanyilmaz.com\/index.php?rest_route=%2Fwp%2Fv2%2Fmedia&parent=24302"}],"wp:term":[{"taxonomy":"category","embeddable":true,"href":"http:\/\/www.korhanyilmaz.com\/index.php?rest_route=%2Fwp%2Fv2%2Fcategories&post=24302"},{"taxonomy":"post_tag","embeddable":true,"href":"http:\/\/www.korhanyilmaz.com\/index.php?rest_route=%2Fwp%2Fv2%2Ftags&post=24302"}],"curies":[{"name":"wp","href":"https:\/\/api.w.org\/{rel}","templated":true}]}}