{"id":24298,"date":"2010-07-16T15:58:43","date_gmt":"2010-07-16T15:58:43","guid":{"rendered":"http:\/\/www.korhanyilmaz.com\/?p=24298"},"modified":"2010-07-16T15:58:43","modified_gmt":"2010-07-16T15:58:43","slug":"ak-partide-malkara-istifasi","status":"publish","type":"post","link":"http:\/\/www.korhanyilmaz.com\/?p=24298","title":{"rendered":"AK Parti&#8217;de &#8216;Malkara&#8217; istifas\u0131"},"content":{"rendered":"<p style=\"text-align: justify;\"><a href=\"http:\/\/www.korhanyilmaz.com\/wp-content\/uploads\/2010\/03\/akparti.jpg\"  class=\"lightview\"><img loading=\"lazy\" decoding=\"async\" class=\"aligncenter size-full wp-image-20192\" title=\"akparti\" src=\"http:\/\/www.korhanyilmaz.com\/wp-content\/uploads\/2010\/03\/akparti.jpg\" alt=\"\" width=\"250\" height=\"175\" \/><\/a><\/p>\n<p style=\"text-align: justify;\"><strong>AK Parti Malkara \u0130l\u00e7e Te\u015fkilat\u0131&#8217;n\u0131n Y\u00f6netim Kurulu \u00fcyeleri partiden istifa etti.<\/strong><\/p>\n<p style=\"text-align: justify;\">TEK\u0130RDA\u011e &#8211; AK Parti Malkara \u0130l\u00e7e Te\u015fkilat\u0131&#8217;ndan yap\u0131lan yaz\u0131l\u0131 a\u00e7\u0131klamada, 12 y\u00f6netim kurulu \u00fcyesinin istifa kararlar\u0131n\u0131n partiyle alakal\u0131 nedenlerden \u00f6t\u00fcr\u00fc olmad\u0131\u011f\u0131 ve arada k\u00fcsl\u00fck bulunmad\u0131\u011f\u0131 belirtildi. <!--more--><\/p>\n<p style=\"text-align: justify;\">A\u00e7\u0131klamada, AK Parti\u2019ye Malkara\u2019da yeni \u00fcyeler gerekti\u011fi ve y\u00f6netim kurulu \u00fcyelerinin, se\u00e7imi kazanma \u015fevki olan ki\u015filere yol a\u00e7mak i\u00e7in istifa etti\u011fi kaydedildi.<\/p>\n<p style=\"text-align: justify;\">AK Parti \u0130l\u00e7e Ba\u015fkanl\u0131\u011f\u0131&#8217;n\u0131n yeni listesinin olu\u015fturulmas\u0131 i\u00e7in Malkara G\u00fcre\u015f A\u011fas\u0131 Bulut Y\u0131ld\u0131r\u0131m&#8217;\u0131n g\u00f6revlendirildi\u011fi ifade edilen a\u00e7\u0131klamada, yeni listenin 20 Ekim Sal\u0131 g\u00fcn\u00fc Tekirda\u011f \u0130l Ba\u015fkan\u0131 Soner \u00c7izen\u2019in Malkara\u2019da yapaca\u011f\u0131 bas\u0131n toplant\u0131s\u0131nda a\u00e7\u0131klayaca\u011f\u0131 bildirildi.<\/p>\n<p style=\"text-align: justify;\"><span style=\"color: #888888;\">ntvmsnbc<\/span><\/p>\n","protected":false},"excerpt":{"rendered":"<p style=\"text-align: justify;\">\n<p style=\"text-align: justify;\">AK Parti Malkara \u0130l\u00e7e Te\u015fkilat\u0131&#8217;n\u0131n Y\u00f6netim Kurulu \u00fcyeleri partiden istifa etti.<\/p>\n<p style=\"text-align: justify;\">TEK\u0130RDA\u011e &#8211; AK Parti Malkara \u0130l\u00e7e Te\u015fkilat\u0131&#8217;ndan yap\u0131lan yaz\u0131l\u0131 a\u00e7\u0131klamada, 12 y\u00f6netim kurulu \u00fcyesinin istifa kararlar\u0131n\u0131n partiyle alakal\u0131 nedenlerden \u00f6t\u00fcr\u00fc olmad\u0131\u011f\u0131 ve arada k\u00fcsl\u00fck bulunmad\u0131\u011f\u0131 belirtildi. <\/p>\n","protected":false},"author":1,"featured_media":0,"comment_status":"open","ping_status":"closed","sticky":false,"template":"","format":"standard","meta":{"footnotes":""},"categories":[105],"tags":[],"class_list":["post-24298","post","type-post","status-publish","format-standard","hentry","category-gundem","odd"],"_links":{"self":[{"href":"http:\/\/www.korhanyilmaz.com\/index.php?rest_route=\/wp\/v2\/posts\/24298","targetHints":{"allow":["GET"]}}],"collection":[{"href":"http:\/\/www.korhanyilmaz.com\/index.php?rest_route=\/wp\/v2\/posts"}],"about":[{"href":"http:\/\/www.korhanyilmaz.com\/index.php?rest_route=\/wp\/v2\/types\/post"}],"author":[{"embeddable":true,"href":"http:\/\/www.korhanyilmaz.com\/index.php?rest_route=\/wp\/v2\/users\/1"}],"replies":[{"embeddable":true,"href":"http:\/\/www.korhanyilmaz.com\/index.php?rest_route=%2Fwp%2Fv2%2Fcomments&post=24298"}],"version-history":[{"count":0,"href":"http:\/\/www.korhanyilmaz.com\/index.php?rest_route=\/wp\/v2\/posts\/24298\/revisions"}],"wp:attachment":[{"href":"http:\/\/www.korhanyilmaz.com\/index.php?rest_route=%2Fwp%2Fv2%2Fmedia&parent=24298"}],"wp:term":[{"taxonomy":"category","embeddable":true,"href":"http:\/\/www.korhanyilmaz.com\/index.php?rest_route=%2Fwp%2Fv2%2Fcategories&post=24298"},{"taxonomy":"post_tag","embeddable":true,"href":"http:\/\/www.korhanyilmaz.com\/index.php?rest_route=%2Fwp%2Fv2%2Ftags&post=24298"}],"curies":[{"name":"wp","href":"https:\/\/api.w.org\/{rel}","templated":true}]}}