{"id":24293,"date":"2010-07-17T16:00:38","date_gmt":"2010-07-17T16:00:38","guid":{"rendered":"http:\/\/www.korhanyilmaz.com\/?p=24293"},"modified":"2010-07-17T16:00:38","modified_gmt":"2010-07-17T16:00:38","slug":"abdulhamitin-torununa-veda","status":"publish","type":"post","link":"http:\/\/www.korhanyilmaz.com\/?p=24293","title":{"rendered":"Abd\u00fclhamit&#8217;in torununa veda"},"content":{"rendered":"<p><a href=\"http:\/\/www.korhanyilmaz.com\/wp-content\/uploads\/2010\/07\/313.jpg\"  class=\"lightview\"><img loading=\"lazy\" decoding=\"async\" class=\"aligncenter size-full wp-image-24294\" src=\"http:\/\/www.korhanyilmaz.com\/wp-content\/uploads\/2010\/07\/313.jpg\" alt=\"\" width=\"324\" height=\"218\" \/><\/a><\/p>\n<p style=\"text-align: justify;\">Padi\u015fah torunu Osman Nami Osmano\u011flu&#8217;nun cenaze t\u00f6renine Ba\u015fbakan Erdo\u011fan da kat\u0131ld\u0131.<\/p>\n<p style=\"text-align: justify;\">Osmanl\u0131 padi\u015fahlar\u0131ndan 2. Abd\u00fclhamit&#8217;in torunu Osman Nami Osmano\u011flu (93) i\u00e7in Fatih Camisi&#8217;nde cenaze t\u00f6reni d\u00fczenlendi. <!--more--><\/p>\n<p style=\"text-align: justify;\">Yo\u011fun g\u00fcvenlik \u00f6nlemlerinin al\u0131nd\u0131\u011f\u0131 t\u00f6rende, Osmano\u011flu&#8217;nun k\u0131zlar\u0131 Meksika&#8217;da ya\u015fayan Mediha \u015e\u00fckriye Nami Osmano\u011flu Martinez, Fransa&#8217;da ya\u015fayan Fethiye Nimet Nami Osmano\u011flu Bory, G\u00fclnur Dorothe Nami Osmano\u011flu Ragot, Ayten Sofia Nami Osmano\u011flu Kunter, Mersin&#8217;de ya\u015fayan Ay\u015fe Adile Nami Osmano\u011flu Tars ile e\u015fi Rotraud M\u00fc\u015ffika Nami Osmano\u011flu, Fatih Camisi&#8217;nin avlusunda kendilerine ayr\u0131lan bir b\u00f6l\u00fcmde taziyeleri kabul etti.<\/p>\n<p style=\"text-align: justify;\">T\u00f6rene kat\u0131lan Ba\u015fbakan Recep Tayyip Erdo\u011fan, Devlet Bakan\u0131 Ba\u015fbakan Yard\u0131mc\u0131s\u0131 B\u00fclent Ar\u0131n\u00e7, \u0130\u00e7i\u015fleri Bakan\u0131 Be\u015fir Atalay, Devlet Bakanlar\u0131 Hayati Yaz\u0131c\u0131, Faruk \u00c7elik, Ak Parti Genel Ba\u015fkan yard\u0131mc\u0131s\u0131 Abd\u00fclkadir Aksu, \u0130stanbul Valisi H\u00fcseyin Avni Mutlu, B\u00fcy\u00fck\u015fehir Belediye Ba\u015fkan\u0131 Kadir Topba\u015f ve Emniyet M\u00fcd\u00fcr H\u00fcseyin \u00c7apk\u0131n da aileye taziyelerini iletti.<\/p>\n<p style=\"text-align: justify;\">Daha sonra, \u0130stanbul M\u00fcft\u00fcs\u00fc Mustafa \u00c7a\u011fr\u0131c\u0131, \u00f6\u011fle namaz\u0131n\u0131 m\u00fcteakip cenaze namaz\u0131 k\u0131ld\u0131r\u0131ld\u0131. \u00c7a\u011fr\u0131c\u0131, cenaze namaz\u0131 \u00f6ncesinde yapt\u0131\u011f\u0131 konu\u015fmada, b\u00fcy\u00fck bir tarih b\u0131rakan ecdad\u0131n aile \u00fcyelerinden birine kar\u015f\u0131 son g\u00f6revlerini ifa ettiklerini, onlara hep dua edeceklerini s\u00f6yledi.<\/p>\n<p style=\"text-align: justify;\">O d\u00f6nemin \u00fclke \u015fartlar\u0131nda b\u00fcy\u00fck ac\u0131lar ya\u015fand\u0131\u011f\u0131n\u0131, baz\u0131 \u00fcyelerin gurbette hayatlar\u0131n\u0131 s\u00fcrd\u00fcrmek zorunda kald\u0131klar\u0131n\u0131 ifade eden \u00c7a\u011fr\u0131c\u0131, &#8221;Bug\u00fcn kendi vatanlar\u0131nda cenaze namazlar\u0131n\u0131n k\u0131l\u0131nmas\u0131 onlara nasip oldu&#8221; dedi.<\/p>\n<p style=\"text-align: justify;\"><a href=\"http:\/\/www.korhanyilmaz.com\/wp-content\/uploads\/2010\/07\/314.jpg\"  class=\"lightview\"><img loading=\"lazy\" decoding=\"async\" class=\"alignleft size-full wp-image-24296\" style=\"margin-left: 10px; margin-right: 10px;\" src=\"http:\/\/www.korhanyilmaz.com\/wp-content\/uploads\/2010\/07\/314.jpg\" alt=\"\" width=\"198\" height=\"145\" \/><\/a>Osman Nami Osmano\u011flu&#8217;nun cenazesi, namaz\u0131n ard\u0131ndan omuzlarda cenaze arabas\u0131na ta\u015f\u0131nd\u0131. Cenazenin araca ta\u015f\u0131nmas\u0131 s\u0131ras\u0131nda Ba\u015fbakan Erdo\u011fan ve bakanlar da omuz verdi. Osman Nami Osmano\u011flu&#8217;nun cenazesi daha sonra topra\u011fa verilmek \u00fczere \u00c7emberlita\u015f&#8217;ta bulunan II. Mahmut T\u00fcrbesi Haziresi&#8217;ne do\u011fru yola \u00e7\u0131kar\u0131ld\u0131.<\/p>\n<p style=\"text-align: justify;\">Osman Nami Osmano\u011flu, uzun zamand\u0131r ya\u015fad\u0131\u011f\u0131 Marmaris&#8217;te kalp yetmezli\u011fi \u015fikayetiyle hastaneye kald\u0131r\u0131lm\u0131\u015f, yap\u0131lan ilk m\u00fcdahalenin ard\u0131ndan \u00f6zel ambulans helikopteriyle 10 Haziranda \u0130stanbul&#8217;a getirilmi\u015fti. Osman Nami Osmano\u011flu&#8217;nun tedavisi, o tarihten bu yana, Dr. Siyami Ersek G\u00f6\u011f\u00fcs, Kalp ve Damar Cerrahisi E\u011fitim ve Ara\u015ft\u0131rma Hastanesinde, yo\u011fun bak\u0131mda s\u00fcr\u00fcyordu.<\/p>\n<p style=\"text-align: justify;\">1918 \u0130svi\u00e7re do\u011fumlu olan, 4&#8217;\u00fc yurt d\u0131\u015f\u0131nda ya\u015fayan 5 k\u0131z\u0131 bulunan Osman Nami Osmano\u011flu, tedavi g\u00f6rd\u00fc\u011f\u00fc Dr. Siyami Ersek G\u00f6\u011f\u00fcs, Kalp ve Damar Cerrahisi E\u011fitim ve Ara\u015ft\u0131rma Hastanesinde vefat etmi\u015fti.<\/p>\n<p style=\"text-align: justify;\"><span style=\"color: #888888;\">ntvmsnbc<\/span><\/p>\n","protected":false},"excerpt":{"rendered":"<\/p>\n<p style=\"text-align: justify;\">Padi\u015fah torunu Osman Nami Osmano\u011flu&#8217;nun cenaze t\u00f6renine Ba\u015fbakan Erdo\u011fan da kat\u0131ld\u0131.<\/p>\n<p style=\"text-align: justify;\">Osmanl\u0131 padi\u015fahlar\u0131ndan 2. Abd\u00fclhamit&#8217;in torunu Osman Nami Osmano\u011flu (93) i\u00e7in Fatih Camisi&#8217;nde cenaze t\u00f6reni d\u00fczenlendi. <\/p>\n","protected":false},"author":1,"featured_media":0,"comment_status":"open","ping_status":"closed","sticky":false,"template":"","format":"standard","meta":{"footnotes":""},"categories":[105],"tags":[],"class_list":["post-24293","post","type-post","status-publish","format-standard","hentry","category-gundem","odd"],"_links":{"self":[{"href":"http:\/\/www.korhanyilmaz.com\/index.php?rest_route=\/wp\/v2\/posts\/24293","targetHints":{"allow":["GET"]}}],"collection":[{"href":"http:\/\/www.korhanyilmaz.com\/index.php?rest_route=\/wp\/v2\/posts"}],"about":[{"href":"http:\/\/www.korhanyilmaz.com\/index.php?rest_route=\/wp\/v2\/types\/post"}],"author":[{"embeddable":true,"href":"http:\/\/www.korhanyilmaz.com\/index.php?rest_route=\/wp\/v2\/users\/1"}],"replies":[{"embeddable":true,"href":"http:\/\/www.korhanyilmaz.com\/index.php?rest_route=%2Fwp%2Fv2%2Fcomments&post=24293"}],"version-history":[{"count":0,"href":"http:\/\/www.korhanyilmaz.com\/index.php?rest_route=\/wp\/v2\/posts\/24293\/revisions"}],"wp:attachment":[{"href":"http:\/\/www.korhanyilmaz.com\/index.php?rest_route=%2Fwp%2Fv2%2Fmedia&parent=24293"}],"wp:term":[{"taxonomy":"category","embeddable":true,"href":"http:\/\/www.korhanyilmaz.com\/index.php?rest_route=%2Fwp%2Fv2%2Fcategories&post=24293"},{"taxonomy":"post_tag","embeddable":true,"href":"http:\/\/www.korhanyilmaz.com\/index.php?rest_route=%2Fwp%2Fv2%2Ftags&post=24293"}],"curies":[{"name":"wp","href":"https:\/\/api.w.org\/{rel}","templated":true}]}}