{"id":24288,"date":"2010-07-17T13:02:03","date_gmt":"2010-07-17T13:02:03","guid":{"rendered":"http:\/\/www.korhanyilmaz.com\/?p=24288"},"modified":"2010-07-17T13:02:03","modified_gmt":"2010-07-17T13:02:03","slug":"demirtas-erdoganin-mesruiyeti-bitmistir","status":"publish","type":"post","link":"http:\/\/www.korhanyilmaz.com\/?p=24288","title":{"rendered":"Demirta\u015f: &#8220;Erdo\u011fan&#8217;\u0131n me\u015fruiyeti bitmi\u015ftir&#8221;"},"content":{"rendered":"<p style=\"text-align: center;\"><a href=\"http:\/\/www.korhanyilmaz.com\/wp-content\/uploads\/2010\/07\/312.jpg\"  class=\"lightview\"><img loading=\"lazy\" decoding=\"async\" class=\"aligncenter size-full wp-image-24289\" src=\"http:\/\/www.korhanyilmaz.com\/wp-content\/uploads\/2010\/07\/312.jpg\" alt=\"\" width=\"263\" height=\"261\" \/><\/a><\/p>\n<p style=\"text-align: justify;\">BDP Genel Ba\u015fkan\u0131 Selahattin Demirta\u015f, &#8220;Bizim a\u00e7\u0131m\u0131zdan Ba\u015fbakan\u0131n me\u015fruiyeti kalmam\u0131\u015ft\u0131r&#8221; dedi.<\/p>\n<p style=\"text-align: justify;\">Demirta\u015f, partisinin \u0130zmir te\u015fkilat\u0131 taraf\u0131ndan Basmane semtinde kurulan Siyaset Akademisi&#8217;nin a\u00e7\u0131l\u0131\u015f\u0131n\u0131 yapt\u0131. A\u00e7\u0131l\u0131\u015f sonras\u0131 gazetecilerin sorular\u0131n\u0131 yan\u0131tlayan Demirta\u015f, &#8220;Ba\u015fbakan Erdo\u011fan&#8217;\u0131n BDP ile g\u00f6r\u00fc\u015fmemesini nas\u0131l kar\u015f\u0131l\u0131yorsunuz&#8221; \u015feklindeki soru \u00fczerine, Erdo\u011fan&#8217;\u0131n, kendisine g\u00f6nderdikleri &#8220;cenazelere i\u015fkence yap\u0131ld\u0131\u011f\u0131n\u0131 g\u00f6steren g\u00f6r\u00fcnt\u00fcler nedeniyle g\u00f6r\u00fc\u015fmedi\u011fini&#8221; a\u00e7\u0131klad\u0131\u011f\u0131n\u0131 s\u00f6yledi. <!--more--><\/p>\n<p style=\"text-align: justify;\">Demirta\u015f, &#8220;D\u00fcnyan\u0131n hi\u00e7bir yerinde bu kadar a\u00e7\u0131k bir i\u015fkence savunmas\u0131n\u0131, b\u0131rak\u0131n ba\u015fbakanlar, herhangi bir insan yapamazd\u0131. Ama T\u00fcrkiye Cumhuriyeti&#8217;nin Ba\u015fbakan\u0131, &#8216;Onlar PKK&#8217;l\u0131d\u0131r, ter\u00f6risttir. Dolay\u0131s\u0131yla onlar\u0131 kimse sahiplenmesin, i\u015fkence de edilir infaz da edilir&#8217; demeye getirdi&#8221; dedi.<\/p>\n<p style=\"text-align: justify;\">Kendilerinin halk\u0131n avukat\u0131 oldu\u011funu ve bunu yapmaya devam edeceklerini ifade eden Demirta\u015f, &#8220;Ba\u015fbakan\u0131n i\u015fkence yap\u0131lm\u0131\u015f ceset g\u00f6r\u00fcnt\u00fclerinden rahats\u0131zl\u0131\u011f\u0131 varsa soru\u015fturma a\u00e7ar, sorumlular\u0131n\u0131 yarg\u0131 \u00f6n\u00fcne \u00e7\u0131kar\u0131r. \u0130\u015fkenceleri yapan, cesetlerin kulaklar\u0131n\u0131 kesen, g\u00f6zlerini oyan BDP de\u011fil. Orada sorumluluk Ba\u015fbakandad\u0131r. Ba\u015fbakan kendi sorumlulu\u011funu g\u00f6zden ka\u00e7\u0131rmaya, konuyu \u00e7arp\u0131tarak sorumlulu\u011funu atmaya \u00e7al\u0131\u015f\u0131yor&#8221; dedi.<\/p>\n<p style=\"text-align: justify;\">Demirta\u015f, &#8220;muhafazakar, inan\u00e7l\u0131, imanl\u0131 oldu\u011funu belirten bir ba\u015fbakan\u0131n cenazeye yap\u0131lan i\u015fkenceyi savundu\u011funu&#8221; \u00f6ne s\u00fcrerek, &#8220;Bu bir utan\u00e7t\u0131r. Ba\u015fbakan\u0131n utanc\u0131d\u0131r. Bu T\u00fcrkiye&#8217;nin utanc\u0131 olmas\u0131n diye biz herkesi buna tepki g\u00f6stermeye davet ediyoruz. Ba\u015fbakan bu \u00fclkeye, bu topluma lay\u0131k bir ba\u015fbakan olmad\u0131\u011f\u0131n\u0131 ortaya koymu\u015ftur. Bizim a\u00e7\u0131m\u0131zdan Ba\u015fbakan\u0131n me\u015fruiyeti kalmam\u0131\u015ft\u0131r. O cenazeler bu \u00fclkenin vatanda\u015f\u0131d\u0131r, onlar\u0131n anne babas\u0131 bu \u00fclkenin vatanda\u015f\u0131d\u0131r. E\u011fer kendisi onlar\u0131n ba\u015fbakan\u0131 de\u011filse \u00e7\u0131ks\u0131n a\u00e7\u0131klas\u0131n&#8221; dedi.<\/p>\n<p style=\"text-align: justify;\"><strong>&#8220;Mesele b\u0131y\u0131k meselesi de\u011fil&#8221; <\/strong><\/p>\n<p style=\"text-align: justify;\">Bir gazetecinin &#8220;AK Parti Genel Ba\u015fkan Yard\u0131mc\u0131s\u0131 H\u00fcseyin \u00c7elik ile MHP Genel Ba\u015fkan\u0131 Devlet Bah\u00e7eli&#8217;nin \u00d6zel Harekat Timleri&#8217;nde g\u00f6rev yapan askerlerin b\u0131y\u0131klar\u0131yla ilgili tart\u0131\u015fmas\u0131n\u0131 nas\u0131l de\u011ferlendiriyorsunuz&#8221; sorusu \u00fczerine Demirta\u015f, bunun seviyesiz bir tart\u0131\u015fma oldu\u011funu, bu tart\u0131\u015fmay\u0131 yapanlar\u0131n i\u015fin \u00f6z\u00fcn\u00fc kamuoyundan ka\u00e7\u0131rmaya \u00e7al\u0131\u015ft\u0131\u011f\u0131n\u0131 iddia etti.<\/p>\n<p style=\"text-align: justify;\">Demirta\u015f, &#8220;Mesele b\u0131y\u0131k meselesi de\u011fil beyin meselesidir. E\u011fer bir insan\u0131n d\u00fc\u015f\u00fcncesinde i\u015fkence yapmak ve sadizm varsa onun b\u0131y\u0131klar\u0131yla alakal\u0131 de\u011fildir.Bu onlar\u0131n b\u0131y\u0131klar\u0131yla ilgili de\u011fil, beyinleriyle ilgiliydi. Dolay\u0131s\u0131yla bunlar\u0131n tart\u0131\u015fmay\u0131 buraya \u00e7ekmeleri halk\u0131n bar\u0131\u015f iste\u011fini, talebini g\u00f6zden tutmaya y\u00f6neliktir. Halk \u015fu anda \u00f6zel ordu, harekat filan istemiyor. Bar\u0131\u015f, uzla\u015f\u0131, diyalog istiyor. Bu tart\u0131\u015fmay\u0131 y\u00fcr\u00fctenlerin de art\u0131k bu t\u00fcr seviyesiz tart\u0131\u015fmalarla halk\u0131n g\u00fcndemini i\u015fgal etmemesi laz\u0131m&#8221; dedi.<\/p>\n<p style=\"text-align: justify;\">Demirta\u015f ve partililer daha sonra y\u00fcr\u00fcyerek \u00c7ankaya semtindeki bir k\u00fclt\u00fcr merkezine gitti. \u00c7ok say\u0131da partili T\u00fcrk\u00e7e ve K\u00fcrt\u00e7e sloganlar atarak parti y\u00f6neticilerini takip etti.<\/p>\n<p style=\"text-align: justify;\">Bu s\u0131rada kald\u0131r\u0131m \u00e7al\u0131\u015fmas\u0131 y\u00fcr\u00fcten belediye i\u015f\u00e7ilerinden biri ile partililer aras\u0131nda in\u015faat alan\u0131n\u0131 \u00e7evreleyen \u015feridin kopar\u0131lmas\u0131 nedeniyle gerginlik ya\u015fand\u0131. Polis ve partililer gerginli\u011fi yat\u0131\u015ft\u0131rarak olay \u00e7\u0131kmas\u0131n\u0131 engelledi.<\/p>\n<p style=\"text-align: justify;\">Grubun yasa d\u0131\u015f\u0131 slogan atmaya ba\u015flamas\u0131 \u00fczerine polis partilileri uyard\u0131. At\u0131lan sloganlara BDP Genel Ba\u015fkan\u0131 Demirta\u015f da tepki g\u00f6sterdi. Grup daha sonra sloganlar\u0131 keserek alk\u0131\u015flarla y\u00fcr\u00fcmeye devam etti.<\/p>\n<p style=\"text-align: justify;\"><span style=\"color: #888888;\">CNN T\u00dcRK<\/span><\/p>\n","protected":false},"excerpt":{"rendered":"<p style=\"text-align: center;\">\n<p style=\"text-align: justify;\">BDP Genel Ba\u015fkan\u0131 Selahattin Demirta\u015f, &#8220;Bizim a\u00e7\u0131m\u0131zdan Ba\u015fbakan\u0131n me\u015fruiyeti kalmam\u0131\u015ft\u0131r&#8221; dedi.<\/p>\n<p style=\"text-align: justify;\">Demirta\u015f, partisinin \u0130zmir te\u015fkilat\u0131 taraf\u0131ndan Basmane semtinde kurulan Siyaset Akademisi&#8217;nin a\u00e7\u0131l\u0131\u015f\u0131n\u0131 yapt\u0131. A\u00e7\u0131l\u0131\u015f sonras\u0131 gazetecilerin sorular\u0131n\u0131 yan\u0131tlayan Demirta\u015f, &#8220;Ba\u015fbakan Erdo\u011fan&#8217;\u0131n BDP ile g\u00f6r\u00fc\u015fmemesini nas\u0131l kar\u015f\u0131l\u0131yorsunuz&#8221; \u015feklindeki soru \u00fczerine, Erdo\u011fan&#8217;\u0131n, kendisine g\u00f6nderdikleri &#8220;cenazelere i\u015fkence yap\u0131ld\u0131\u011f\u0131n\u0131 g\u00f6steren g\u00f6r\u00fcnt\u00fcler nedeniyle <\/p>\n","protected":false},"author":1,"featured_media":0,"comment_status":"open","ping_status":"closed","sticky":false,"template":"","format":"standard","meta":{"footnotes":""},"categories":[105],"tags":[],"class_list":["post-24288","post","type-post","status-publish","format-standard","hentry","category-gundem","odd"],"_links":{"self":[{"href":"http:\/\/www.korhanyilmaz.com\/index.php?rest_route=\/wp\/v2\/posts\/24288","targetHints":{"allow":["GET"]}}],"collection":[{"href":"http:\/\/www.korhanyilmaz.com\/index.php?rest_route=\/wp\/v2\/posts"}],"about":[{"href":"http:\/\/www.korhanyilmaz.com\/index.php?rest_route=\/wp\/v2\/types\/post"}],"author":[{"embeddable":true,"href":"http:\/\/www.korhanyilmaz.com\/index.php?rest_route=\/wp\/v2\/users\/1"}],"replies":[{"embeddable":true,"href":"http:\/\/www.korhanyilmaz.com\/index.php?rest_route=%2Fwp%2Fv2%2Fcomments&post=24288"}],"version-history":[{"count":0,"href":"http:\/\/www.korhanyilmaz.com\/index.php?rest_route=\/wp\/v2\/posts\/24288\/revisions"}],"wp:attachment":[{"href":"http:\/\/www.korhanyilmaz.com\/index.php?rest_route=%2Fwp%2Fv2%2Fmedia&parent=24288"}],"wp:term":[{"taxonomy":"category","embeddable":true,"href":"http:\/\/www.korhanyilmaz.com\/index.php?rest_route=%2Fwp%2Fv2%2Fcategories&post=24288"},{"taxonomy":"post_tag","embeddable":true,"href":"http:\/\/www.korhanyilmaz.com\/index.php?rest_route=%2Fwp%2Fv2%2Ftags&post=24288"}],"curies":[{"name":"wp","href":"https:\/\/api.w.org\/{rel}","templated":true}]}}