{"id":24280,"date":"2010-07-17T10:10:17","date_gmt":"2010-07-17T10:10:17","guid":{"rendered":"http:\/\/www.korhanyilmaz.com\/?p=24280"},"modified":"2010-07-17T10:10:17","modified_gmt":"2010-07-17T10:10:17","slug":"aydinda-pankart-gerginligi","status":"publish","type":"post","link":"http:\/\/www.korhanyilmaz.com\/?p=24280","title":{"rendered":"Ayd\u0131n&#8217;da pankart gerginli\u011fi"},"content":{"rendered":"<p style=\"text-align: center;\"><a href=\"http:\/\/www.korhanyilmaz.com\/wp-content\/uploads\/2010\/07\/310.jpg\"  class=\"lightview\"><img loading=\"lazy\" decoding=\"async\" class=\"aligncenter size-full wp-image-24281\" src=\"http:\/\/www.korhanyilmaz.com\/wp-content\/uploads\/2010\/07\/310.jpg\" alt=\"\" width=\"330\" height=\"269\" \/><\/a><\/p>\n<p style=\"text-align: justify;\">Ayd\u0131n&#8217;da MHP il binas\u0131n\u0131n duvar\u0131na as\u0131lan ve \u00fczerinde \u2018Sen a\u00e7\u0131ld\u0131k\u00e7a analar\u0131m\u0131z a\u011fl\u0131yor\u2019 yaz\u0131l\u0131 pankart\u0131 gece yar\u0131s\u0131 kald\u0131rmak isteyen polis ile partililer aras\u0131nda arbede ya\u015fand\u0131.<\/p>\n<p style=\"text-align: justify;\">Hakkari&#8217;nin \u015eemdinli \u0130l\u00e7esi G\u00fcnyaz\u0131 K\u00f6y\u00fc&#8217;n\u00fcn Irak s\u0131n\u0131r\u0131ndaki Tanyolu Mezras\u0131&#8217;nda bulunan s\u0131n\u0131r b\u00f6l\u00fc\u011f\u00fc \u00fcs b\u00f6lgesine ter\u00f6ristlerce ge\u00e7ti\u011fimiz 19 Haziran&#8217;da d\u00fczenlenen sald\u0131r\u0131da \u015fehit olan Piyade Er Mehmet Ali Tosun&#8217;un cenaze t\u00f6reninde MHP Ayd\u0131n \u0130l Ba\u015fkanl\u0131\u011f\u0131&#8217;nca parti binas\u0131n\u0131n \u0130stasyon Meydan\u0131&#8217;na bakan d\u0131\u015f duvar\u0131na pankart as\u0131lm\u0131\u015ft\u0131. <!--more--><\/p>\n<p style=\"text-align: justify;\">\u00dczerinde Ba\u015fbakan Recep Tayip Erdo\u011fan ile ABD Ba\u015fkan\u0131 Obama&#8217;n\u0131n resimlerinin bulundu\u011fu, \u2018Sen a\u00e7\u0131ld\u0131k\u00e7a analar\u0131m\u0131z a\u011fl\u0131yor\u2019 yaz\u0131l\u0131 pankart, d\u00fcn saat 23.30&#8217;da polis ekiplerince kald\u0131r\u0131lmak istendi. Ancak buna kar\u015f\u0131 \u00e7\u0131kan partililer ve polis aras\u0131nda arbede ya\u015fand\u0131. Polisin yetersiz kalmas\u0131 \u00fczerine olay yerine takviye kuvvet sevk edildi.<\/p>\n<p style=\"text-align: justify;\">Yakla\u015f\u0131k 500 polis ve 1 panzer g\u00fcvenli\u011fi sa\u011flad\u0131ktan sonra olay yerine itfaiye arac\u0131 \u00e7a\u011fr\u0131ld\u0131. CHP&#8217;li Ayd\u0131n Belediyesi arac\u0131 g\u00f6ndermeyince, bu defa da AK Partili Sultanhisar Belediyesi&#8217;ninden itfaiye arac\u0131 istendi.<\/p>\n<p style=\"text-align: justify;\"><strong>\u2018VAL\u0130 KAMU G\u00dcC\u00dcN\u00dc YANLI KULLANIYOR\u2019 <\/strong><\/p>\n<p style=\"text-align: justify;\">Ya\u015fanan olaylar \u00fczerine, parti il binas\u0131na gelen MHP Ayd\u0131n Milletvekili Ali Uzun\u0131rmak, Vali H\u00fcseyin Avni Co\u015f&#8217;un su\u00e7 i\u015fledi\u011fini ve kamu g\u00fcc\u00fcn\u00fc yanl\u0131 kulland\u0131\u011f\u0131 belirtip, \u201cGecenin yar\u0131s\u0131nda e\u015fk\u0131ya gibi bir siyasi partinin cam\u0131na \u00e7\u0131k\u0131lmaz. Savc\u0131n\u0131n, hakimin karar\u0131 olmadan bu uygulamalar yanl\u0131\u015ft\u0131r. Pankart\u0131 indirmek i\u00e7in gelen belediye itfaiye arac\u0131n\u0131n g\u00f6rev ka\u011f\u0131d\u0131 bile yok. G\u00fcnd\u00fcz n\u00f6bet\u00e7i savc\u0131y\u0131 ar\u0131yorlar, n\u00f6bet\u00e7i savc\u0131 bunun bir su\u00e7 olmad\u0131\u011f\u0131n\u0131 s\u00f6yl\u00fcyor. Vali&#8217;nin bask\u0131s\u0131 ile polis kabahatlar kanununa g\u00f6re pankart\u0131 indirmeye \u00e7al\u0131\u015f\u0131yormu\u015f\u201d dedi.<\/p>\n<p style=\"text-align: justify;\">Meydanda g\u00fcvenlik \u015feridi olu\u015fturan yakla\u015f\u0131k 500 polise, \u201cO pankart\u0131 oradan indirmeyi kendisine ve y\u00fcre\u011fine yak\u0131\u015ft\u0131ran bir delikanl\u0131 varsa, \u00e7\u0131k\u0131p o pankart\u0131 indirsin\u201d diyerek seslenen Uzun\u0131rmak, polisi kanunsuz kullananlar\u0131n kanun \u00f6n\u00fcnde hesap vereceklerini s\u00f6yledi.<\/p>\n<p style=\"text-align: justify;\"><strong>VAL\u0130 CO\u015e&#8217;UN \u2018DEVLET DE S\u0130LAH BIRAKMALIDIR\u2019 DED\u0130\u011e\u0130 \u0130DD\u0130ASI <\/strong><\/p>\n<p style=\"text-align: justify;\">Konuyla ilgili bug\u00fcn bir bas\u0131n toplant\u0131s\u0131 d\u00fczenleyece\u011fini belirten Uzun\u0131rmak, Vali H\u00fcseyin Avni Co\u015f&#8217;un ter\u00f6r konulu bir toplant\u0131da, \u201cDevlet de silah b\u0131rakmal\u0131d\u0131r\u201d s\u00f6z\u00fcn\u00fc kulland\u0131\u011f\u0131n\u0131 iddia edip, \u201cDevlet de silah b\u0131rakmal\u0131d\u0131r\u2019 diyen Vali&#8217;den utan\u0131yoruz. Vali&#8217;nin bu s\u00f6zleri kulland\u0131\u011f\u0131n\u0131 da ispat edece\u011fim\u201d dedi.<\/p>\n<p style=\"text-align: justify;\">Uzun s\u00fcren bekleyi\u015fin ard\u0131ndan AK Partili Sultanhisar Belediyesi&#8217;nin g\u00f6nderdi\u011fi itfaiye arac\u0131 ile pankart indirildi. Pankart\u0131n indirilmesi s\u0131ras\u0131nda, partililer, h\u00fck\u00fcmet ve Ba\u015fbakan aleyhine slogan att\u0131. Partililer, bir s\u00fcre sonra olays\u0131z bir \u015fekilde da\u011f\u0131ld\u0131.<\/p>\n<p style=\"text-align: justify;\"><span style=\"color: #888888;\">H\u00fcrriyet<\/span><\/p>\n","protected":false},"excerpt":{"rendered":"<p style=\"text-align: center;\">\n<p style=\"text-align: justify;\">Ayd\u0131n&#8217;da MHP il binas\u0131n\u0131n duvar\u0131na as\u0131lan ve \u00fczerinde \u2018Sen a\u00e7\u0131ld\u0131k\u00e7a analar\u0131m\u0131z a\u011fl\u0131yor\u2019 yaz\u0131l\u0131 pankart\u0131 gece yar\u0131s\u0131 kald\u0131rmak isteyen polis ile partililer aras\u0131nda arbede ya\u015fand\u0131.<\/p>\n<p style=\"text-align: justify;\">Hakkari&#8217;nin \u015eemdinli \u0130l\u00e7esi G\u00fcnyaz\u0131 K\u00f6y\u00fc&#8217;n\u00fcn Irak s\u0131n\u0131r\u0131ndaki Tanyolu Mezras\u0131&#8217;nda bulunan s\u0131n\u0131r b\u00f6l\u00fc\u011f\u00fc \u00fcs b\u00f6lgesine ter\u00f6ristlerce ge\u00e7ti\u011fimiz 19 Haziran&#8217;da d\u00fczenlenen sald\u0131r\u0131da \u015fehit olan Piyade Er <\/p>\n","protected":false},"author":1,"featured_media":0,"comment_status":"open","ping_status":"closed","sticky":false,"template":"","format":"standard","meta":{"footnotes":""},"categories":[105],"tags":[],"class_list":["post-24280","post","type-post","status-publish","format-standard","hentry","category-gundem","odd"],"_links":{"self":[{"href":"http:\/\/www.korhanyilmaz.com\/index.php?rest_route=\/wp\/v2\/posts\/24280","targetHints":{"allow":["GET"]}}],"collection":[{"href":"http:\/\/www.korhanyilmaz.com\/index.php?rest_route=\/wp\/v2\/posts"}],"about":[{"href":"http:\/\/www.korhanyilmaz.com\/index.php?rest_route=\/wp\/v2\/types\/post"}],"author":[{"embeddable":true,"href":"http:\/\/www.korhanyilmaz.com\/index.php?rest_route=\/wp\/v2\/users\/1"}],"replies":[{"embeddable":true,"href":"http:\/\/www.korhanyilmaz.com\/index.php?rest_route=%2Fwp%2Fv2%2Fcomments&post=24280"}],"version-history":[{"count":0,"href":"http:\/\/www.korhanyilmaz.com\/index.php?rest_route=\/wp\/v2\/posts\/24280\/revisions"}],"wp:attachment":[{"href":"http:\/\/www.korhanyilmaz.com\/index.php?rest_route=%2Fwp%2Fv2%2Fmedia&parent=24280"}],"wp:term":[{"taxonomy":"category","embeddable":true,"href":"http:\/\/www.korhanyilmaz.com\/index.php?rest_route=%2Fwp%2Fv2%2Fcategories&post=24280"},{"taxonomy":"post_tag","embeddable":true,"href":"http:\/\/www.korhanyilmaz.com\/index.php?rest_route=%2Fwp%2Fv2%2Ftags&post=24280"}],"curies":[{"name":"wp","href":"https:\/\/api.w.org\/{rel}","templated":true}]}}