{"id":24275,"date":"2010-07-17T09:58:19","date_gmt":"2010-07-17T09:58:19","guid":{"rendered":"http:\/\/www.korhanyilmaz.com\/?p=24275"},"modified":"2010-07-17T09:58:19","modified_gmt":"2010-07-17T09:58:19","slug":"korsan-afis","status":"publish","type":"post","link":"http:\/\/www.korhanyilmaz.com\/?p=24275","title":{"rendered":"Korsan afi\u015f"},"content":{"rendered":"<p style=\"text-align: center;\"><a href=\"http:\/\/www.korhanyilmaz.com\/wp-content\/uploads\/2010\/07\/309.jpg\"  class=\"lightview\"><img loading=\"lazy\" decoding=\"async\" class=\"aligncenter size-full wp-image-24276\" src=\"http:\/\/www.korhanyilmaz.com\/wp-content\/uploads\/2010\/07\/309.jpg\" alt=\"\" width=\"305\" height=\"213\" \/><\/a><\/p>\n<p style=\"text-align: justify;\">Ankara\u2019n\u0131n en i\u015flek bulvarlar\u0131ndan Eski\u015fehir Yolu\u2019ndaki bilbordlara d\u00fcn baz\u0131 sanat\u00e7\u0131lar\u0131n, i\u015fadamlar\u0131n\u0131n ve Fethullah G\u00fclen\u2019in foto\u011fraflar\u0131n yer ald\u0131\u011f\u0131 afi\u015fler as\u0131ld\u0131.Ancak, b\u00fcy\u00fck puntolarla, \u201cMilli birli\u011fe,karde\u015fli\u011fe, referanduma evet\u201d slogan\u0131 yazan ve alt\u0131nda \u201cSabanc\u0131 D\u00fc\u015f\u00fcnce Kurulu\u015fu\u201d ibaresi bulunan afi\u015flere sahip \u00e7\u0131kan olmad\u0131. Sabanc\u0131 Holding afi\u015flerin \u015firket ve kurumlar\u0131yla hi\u00e7bir ilgisi olmad\u0131\u011f\u0131 a\u00e7\u0131klad\u0131. <!--more--><\/p>\n<p style=\"text-align: justify;\">12 Eyl\u00fcl\u2019de yap\u0131lacak Anayasa referandumu \u00f6ncesinde Ankara\u2019da d\u00fcn bilbordlara as\u0131lan afi\u015fler ortal\u0131\u011f\u0131 kar\u0131\u015ft\u0131rd\u0131. Fethullah G\u00fclen\u2019den Sezen Aksu\u2019ya, Y\u0131lmaz Erdo\u011fan\u2019dan Ferit \u015eahenk\u2019e kadar \u00e7ok say\u0131da ki\u015finin, referanduma \u201cevet\u201d dedi\u011fini belirten afi\u015flerin korsan oldu\u011fu ortaya \u00e7\u0131kt\u0131.<\/p>\n<p style=\"text-align: justify;\">Ankara\u2019n\u0131n en i\u015flek bulvarlar\u0131ndan olan Eski\u015fehir Yolu\u2019nu d\u00fcn kullananlar, \u00e7ok ilgin\u00e7 bir afi\u015fle kar\u015f\u0131la\u015ft\u0131lar. Orta ref\u00fcjde ve yol kenar\u0131ndaki panolarda yer alan afi\u015flerde baz\u0131 sanat\u00e7\u0131lar\u0131n, i\u015fadamlar\u0131n\u0131n ve Fethullah G\u00fclen\u2019in foto\u011fraflar\u0131 yer al\u0131rken, b\u00fcy\u00fck puntolarla da, \u201cMilli Birli\u011fe, Karde\u015fli\u011fe, Referanduma Evet\u201d slogan\u0131 yaz\u0131l\u0131yd\u0131. Slogan\u0131n alt\u0131nda ise, \u201cSabanc\u0131 D\u00fc\u015f\u00fcnce Kurulu\u015fu\u201d imzas\u0131 bulunuyordu.<\/p>\n<p style=\"text-align: justify;\"><strong>Sabanc\u0131 yalanlad\u0131 <\/strong><\/p>\n<p style=\"text-align: justify;\">Fethullah G\u00fclen, Sezen Aksu, H\u00fclya Av\u015far, Ajda Pekkan, Ferit \u015eahenk, \u0130hsan Kalkavan, Abd\u00fclkadir Konuko\u011flu, Sinan \u00c7etin, Y\u0131lmaz Erdo\u011fan, Necati \u015ea\u015fmaz, Kenan \u0130mirzalio\u011flu gibi isimlerin oldu\u011fu afi\u015flerle ilgili ilk yalanlama \u00f6\u011fle saatlerinde Sabanc\u0131 Holding\u2019ten geldi. A\u00e7\u0131klamada, \u201cAnkara\u2019n\u0131n baz\u0131 b\u00f6lgelerinde \u201cMilli birli\u011fe, karde\u015fli\u011fe, referanduma evet\u201d ibaresiyle ve \u201cSabanc\u0131 D\u00fc\u015f\u00fcnce Kurulu\u015fu\u201d ad\u0131yla yer alan bilboardlar\u0131n Sabanc\u0131 Toplulu\u011fu \u015firket ve kurumlar\u0131yla hi\u00e7bir ba\u011flant\u0131s\u0131 bulunmamaktad\u0131r\u201d denildi.<\/p>\n<p style=\"text-align: justify;\"><strong>G\u00f6k\u00e7ek: \u0130lgim yok <\/strong><\/p>\n<p style=\"text-align: justify;\">Ankara B\u00fcy\u00fck\u015fehir Belediyesi taraf\u0131ndan Str\u00f6er-Kentvizyon\u2019a kiralanan bilbordlarla ilgili Belediye Ba\u015fkan\u0131 Melih G\u00f6k\u00e7ek, \u201cB\u00fcy\u00fck\u015fehir Belediyesi ile ilgisi yok. Biz o bilboardlar\u0131 Kentvizyon\u2019a kiraya verdik. O ilanlar\u0131 kim vermi\u015f, bunu Kentvizyon\u2019a sormak laz\u0131m\u201d dedi.<\/p>\n<p style=\"text-align: justify;\"><strong>Kentvizyon: Savc\u0131da <\/strong><\/p>\n<p style=\"text-align: justify;\">Kentvizyon Ankara Sat\u0131\u015f Direkt\u00f6r\u00fc Kadir Nald\u00f6ken, \u201cAfi\u015flerin tamam\u0131 korsan, d\u00fcn (\u00f6nceki) gece yap\u0131\u015ft\u0131r\u0131lm\u0131\u015f. 14 ayr\u0131 b\u00f6lgede noter taraf\u0131ndan tespit edildi. Konuyla ilgili su\u00e7 duyurusunda bulunduk. Karakola bununla ilgili ifade verdik. Bizimle hi\u00e7 alakas\u0131 yoktur. Zaten Sabanc\u0131 D\u00fc\u015f\u00fcnce Kurulu\u015fu ad\u0131 alt\u0131nda bir kurulu\u015f da yoktur, onlar vak\u0131ft\u0131r. Ge\u00e7ti\u011fimiz \u015eubat ay\u0131nda benzer bir durumda korsan afi\u015fleme Bilkent D\u00fc\u015f\u00fcnce Kurulu\u015fu olarak da yap\u0131lm\u0131\u015ft\u0131\u201d dedi. Kentvizyon\u2019un operasyonlarla ilgili y\u00f6neticisi \u00d6nder Dalk\u0131ran ise afi\u015flerin korsan oldu\u011funu, kendi standartlar\u0131na uygun bir afi\u015f olmad\u0131\u011f\u0131n\u0131 ifade ederek, \u201cBeytepe Kara-kolu\u2019nda gerekli i\u015flemler y\u00fcr\u00fct\u00fcl\u00fcyor. Konu savc\u0131l\u0131kta. Noter tespitleri yap\u0131ld\u0131\u201d dedi.<\/p>\n<p style=\"text-align: justify;\"><strong>Haberimiz olmadan kulland\u0131lar <\/strong><\/p>\n<p style=\"text-align: justify;\">Abdulkadir Konuko\u011flu (Sanko Holding Y\u00f6netim Kurulu Ba\u015fkan\u0131) Ben referanduma evet diyece\u011fim ama bu durum kimseyi ilgilendirmez. Bu benim i\u00e7in \u00f6zel bir \u015feydir. Hi\u00e7bir yere bunun i\u00e7in reklam vermem. Bu benim \u00e7al\u0131\u015fanlar\u0131m i\u00e7in de ge\u00e7erlidir. Kim ne istiyorsa nas\u0131l uygun g\u00f6r\u00fcyorsa \u00f6yle oy kullan\u0131r. Birileri bizim ad\u0131m\u0131z\u0131 kullan\u0131p b\u00f6yle bir kampanya yap\u0131yor. Avukatlar\u0131m\u0131z bu konuda gerekeni yapacakt\u0131r.<\/p>\n<p style=\"text-align: justify;\"><strong>Kimse benden izin almad\u0131 <\/strong><\/p>\n<p style=\"text-align: justify;\">\u0130hsan Kalkavan (Armat\u00f6r) Ben g\u00f6r\u00fc\u015f\u00fcm\u00fc her yerde a\u00e7\u0131kl\u0131yorum. Belki buradan esinlenip bu kampanyada benim de resmimi kullanm\u0131\u015f olabilirler. Ancak b\u00f6yle bir kurulu\u015fun ne \u00fcyesiyim ne de daha \u00f6nce ad\u0131n\u0131 duydum. \u0130nsanlar kendi \u00f6zg\u00fcr iradelerini kullanmal\u0131. Ben de referanduma evet diyece\u011fim ancak b\u00f6yle bir kampanya i\u00e7in benden izin al\u0131nmad\u0131. Ne ama\u00e7la yap\u0131ld\u0131\u011f\u0131n\u0131 bilmiyorum. Bu kurulu\u015fu ara\u015ft\u0131raca\u011f\u0131m.<\/p>\n<p style=\"text-align: justify;\"><strong>S\u0131rlar Bulvar\u0131 <\/strong><\/p>\n<p style=\"text-align: justify;\">ANKARA\u2019y\u0131 kar\u0131\u015ft\u0131ran afi\u015flerin benzerleri daha \u00f6nce yine Eski\u015fehir Yolu \u00fczerindeki bulvara as\u0131lm\u0131\u015ft\u0131. Yerel se\u00e7imler \u00f6ncesinde, imzas\u0131z olarak as\u0131lan, \u201cG\u00f6k\u00e7ek gidecek sol gelecek\u201d afi\u015fleri CHP ile Ak Parti\u2019li y\u00f6neticileri kar\u015f\u0131 kar\u015f\u0131ya getirmi\u015fti. D\u00f6nemin CHP Grup Ba\u015fkanvekili Hakk\u0131 Suha Okay, afi\u015flerin Ak Parti\u2019ye ayr\u0131lm\u0131\u015f olan bilboardlara as\u0131ld\u0131\u011f\u0131na dikkat \u00e7ekmi\u015fti. Belediye Ba\u015fkan\u0131 G\u00f6k\u00e7ek ise \u201cBu tarzdaki bir propagandan\u0131n kimseye bir fayda getirmeyece\u011finin bilinmesini istedi\u011fini\u201d ifade etmi\u015fti. Afi\u015fler k\u0131sa s\u00fcrede kald\u0131r\u0131lm\u0131\u015ft\u0131. Ankara\u2019n\u0131n en i\u015flek bulvar\u0131na as\u0131lan bir ba\u015fka korsan afi\u015f ise Fethullah G\u00fclen ve \u0130hsan Do\u011framac\u0131\u2019n\u0131n foto\u011fraflar\u0131n\u0131 i\u00e7eriyordu. Bilkent D\u00fc\u015f\u00fcnce Kurulu\u015fu imzal\u0131 afi\u015fte G\u00fclen ve Do\u011framac\u0131\u2019n\u0131n foto\u011fraflar\u0131n\u0131n aras\u0131na \u201cBizi Bizden Kimse koparamaz\u201d ifadeleri yaz\u0131lm\u0131\u015ft\u0131. Bu afi\u015f de di\u011ferleri gibi k\u0131sa s\u00fcrede kald\u0131r\u0131ld\u0131.<\/p>\n<p style=\"text-align: justify;\"><strong>Bu politik bir durum <\/strong><\/p>\n<p style=\"text-align: justify;\">Ajda Pekkan Konuyla bir alakam\u0131z yok. Sadece Powert\u00fcrk\u2019\u00fcn billboardlar\u0131nda var\u0131z. Bir kere bu politik bir durum ve bizim b\u00f6yle bir ilan oldu\u011fundan \u015fu anda haberimiz oluyor.<\/p>\n<p style=\"text-align: justify;\">Kenan \u0130mirzal\u0131o\u011flu\u2019nun menajeri Bizim bundan hi\u00e7 haberimiz yok. Kimse bizden izin almad\u0131. Hukuki i\u015flemleri ba\u015flataca\u011f\u0131z\u201d dedi.<\/p>\n<p style=\"text-align: justify;\">Sinan \u00c7etin : &#8221; Bizim bir bilgimiz yok.&#8221;<\/p>\n<p style=\"text-align: justify;\">Y\u0131lmaz Erdo\u011fan : &#8220;\u015eimdi sizden duydum.&#8221;<\/p>\n<p style=\"text-align: justify;\"><strong>\u015eirket y\u0131rtt\u0131 <\/strong><\/p>\n<p style=\"text-align: justify;\">Kentvizyon \u00e7al\u0131\u015fanlar\u0131 \u00f6\u011fle saatlerinde, yol boyunca b\u00fct\u00fcn panolardaki afi\u015fleri y\u0131rtt\u0131. Bu s\u0131rada baz\u0131 vatanda\u015flar, Fethullah G\u00fclen\u2019in i\u00e7inde oldu\u011fu afi\u015fler y\u0131rt\u0131l\u0131rken ara\u00e7lar\u0131n\u0131n kornas\u0131na basarak tepki g\u00f6sterdi. Firma, \u201ckorsan\u201d afi\u015flerin yerine ise hemen yenilerini yap\u0131\u015ft\u0131rd\u0131.<\/p>\n<p style=\"text-align: justify;\"><span style=\"color: #888888;\">Hasan T\u00dcFEK\u00c7\u0130 &#8211; Deniz G\u00dcREL \/ H\u00fcrriyet<\/span><\/p>\n","protected":false},"excerpt":{"rendered":"<p style=\"text-align: center;\">\n<p style=\"text-align: justify;\">Ankara\u2019n\u0131n en i\u015flek bulvarlar\u0131ndan Eski\u015fehir Yolu\u2019ndaki bilbordlara d\u00fcn baz\u0131 sanat\u00e7\u0131lar\u0131n, i\u015fadamlar\u0131n\u0131n ve Fethullah G\u00fclen\u2019in foto\u011fraflar\u0131n yer ald\u0131\u011f\u0131 afi\u015fler as\u0131ld\u0131.Ancak, b\u00fcy\u00fck puntolarla, \u201cMilli birli\u011fe,karde\u015fli\u011fe, referanduma evet\u201d slogan\u0131 yazan ve alt\u0131nda \u201cSabanc\u0131 D\u00fc\u015f\u00fcnce Kurulu\u015fu\u201d ibaresi bulunan afi\u015flere sahip \u00e7\u0131kan olmad\u0131. Sabanc\u0131 Holding afi\u015flerin \u015firket ve kurumlar\u0131yla hi\u00e7bir ilgisi olmad\u0131\u011f\u0131 a\u00e7\u0131klad\u0131. <\/p>\n","protected":false},"author":1,"featured_media":0,"comment_status":"open","ping_status":"closed","sticky":false,"template":"","format":"standard","meta":{"footnotes":""},"categories":[105],"tags":[],"class_list":["post-24275","post","type-post","status-publish","format-standard","hentry","category-gundem","odd"],"_links":{"self":[{"href":"http:\/\/www.korhanyilmaz.com\/index.php?rest_route=\/wp\/v2\/posts\/24275","targetHints":{"allow":["GET"]}}],"collection":[{"href":"http:\/\/www.korhanyilmaz.com\/index.php?rest_route=\/wp\/v2\/posts"}],"about":[{"href":"http:\/\/www.korhanyilmaz.com\/index.php?rest_route=\/wp\/v2\/types\/post"}],"author":[{"embeddable":true,"href":"http:\/\/www.korhanyilmaz.com\/index.php?rest_route=\/wp\/v2\/users\/1"}],"replies":[{"embeddable":true,"href":"http:\/\/www.korhanyilmaz.com\/index.php?rest_route=%2Fwp%2Fv2%2Fcomments&post=24275"}],"version-history":[{"count":0,"href":"http:\/\/www.korhanyilmaz.com\/index.php?rest_route=\/wp\/v2\/posts\/24275\/revisions"}],"wp:attachment":[{"href":"http:\/\/www.korhanyilmaz.com\/index.php?rest_route=%2Fwp%2Fv2%2Fmedia&parent=24275"}],"wp:term":[{"taxonomy":"category","embeddable":true,"href":"http:\/\/www.korhanyilmaz.com\/index.php?rest_route=%2Fwp%2Fv2%2Fcategories&post=24275"},{"taxonomy":"post_tag","embeddable":true,"href":"http:\/\/www.korhanyilmaz.com\/index.php?rest_route=%2Fwp%2Fv2%2Ftags&post=24275"}],"curies":[{"name":"wp","href":"https:\/\/api.w.org\/{rel}","templated":true}]}}