{"id":24267,"date":"2010-07-16T17:17:53","date_gmt":"2010-07-16T17:17:53","guid":{"rendered":"http:\/\/www.korhanyilmaz.com\/?p=24267"},"modified":"2010-07-16T17:17:53","modified_gmt":"2010-07-16T17:17:53","slug":"cemil-cicekten-zorunlu-ocalan-savunmasi","status":"publish","type":"post","link":"http:\/\/www.korhanyilmaz.com\/?p=24267","title":{"rendered":"Cemil \u00c7i\u00e7ek&#8217;ten zorunlu \u00d6calan savunmas\u0131!"},"content":{"rendered":"<p style=\"text-align: center;\"><a href=\"http:\/\/www.korhanyilmaz.com\/wp-content\/uploads\/2010\/07\/307.jpeg\"  class=\"lightview\"><img loading=\"lazy\" decoding=\"async\" class=\"aligncenter size-full wp-image-24268\" src=\"http:\/\/www.korhanyilmaz.com\/wp-content\/uploads\/2010\/07\/307.jpeg\" alt=\"\" width=\"333\" height=\"222\" \/><\/a><\/p>\n<p style=\"text-align: justify;\">Devlet Bakan\u0131 ve Ba\u015fbakan Yard\u0131mc\u0131s\u0131 \u00c7i\u00e7ek: 2011 temmuzundaki se\u00e7imler, y\u00fczde 10 barajl\u0131 olarak yap\u0131lacakt\u0131r. Bu ter\u00f6rist ba\u015f\u0131 sabah 08.00&#8217;de kalk\u0131yor, adan\u0131n etraf\u0131nda dola\u015f\u0131yor, t\u00fcrk\u00fc s\u00f6yl\u00fcyor, \u0131sl\u0131k \u00e7al\u0131yor, zeytin a\u011fa\u00e7lar\u0131n\u0131n alt\u0131nda oturuyor, keyfi geldi\u011fi zaman da i\u00e7eri giriyor. Hay\u0131r, b\u00f6yle bir olay yok <!--more--><\/p>\n<p style=\"text-align: justify;\">ANKARA &#8211; Devlet Bakan\u0131 ve Ba\u015fbakan Yard\u0131mc\u0131s\u0131 \u00c7i\u00e7ek, CHP\u2019nin y\u00fczde 10 se\u00e7im baraj\u0131n\u0131n y\u00fczde 7\u2019ye indirilmesine ili\u015fkin teklifiyle ilgili olarak, &#8220;2011 Temmuzundaki se\u00e7imler, y\u00fczde 10 barajl\u0131 olarak yap\u0131lacakt\u0131r&#8221; dedi.<\/p>\n<p style=\"text-align: justify;\">Habert\u00fcrk kanal\u0131nda gazeteci \u00dcnsal \u00dcnl\u00fc\u2019n\u00fcn konu\u011fu olan \u00c7i\u00e7ek, g\u00fcndeme ili\u015fkin sorular\u0131 yan\u0131tlad\u0131. Ter\u00f6r \u00f6rg\u00fct\u00fcn\u00fcn d\u0131\u015f boyutunun hep konu\u015fuldu\u011funu ifade eden \u00c7i\u00e7ek, &#8220;Ama yeteri kadar bunun \u00fczerinde durulmad\u0131, biz bunun \u00fczerinde duruyoruz&#8221; dedi.<\/p>\n<p style=\"text-align: justify;\">Anayasa Mahkemesinin doktorlar\u0131n tam g\u00fcn \u00e7al\u0131\u015fmas\u0131na ili\u015fkin yasan\u0131n &#8220;muayene a\u00e7ma yasa\u011f\u0131na&#8221; ili\u015fkin b\u00f6l\u00fcm\u00fcn\u00fc iptal etmesine ili\u015fkin soru \u00fczerine \u00c7i\u00e7ek, &#8220;Olabilir, yani neticede Anayasa Mahkemesi herhalde gerek\u00e7esini ortaya koyarsa de\u011ferlendirmek gerekir. Neticede bu bir tercih meselesiydi, Anayasa Mahkemesi demek ki kendince ne gerek\u00e7e g\u00f6stermi\u015fse ondan dolay\u0131 iptal etmi\u015f olabilir&#8221; de\u011ferlendirmesini yapt\u0131.<\/p>\n<p style=\"text-align: justify;\">\u00c7i\u00e7ek, &#8220;Abdullah \u00d6calan\u2019\u0131n \u0130mral\u0131\u2019dan \u00e7ok s\u0131k d\u0131\u015far\u0131yla g\u00f6r\u00fc\u015ft\u00fc\u011f\u00fc ve talimat aktard\u0131\u011f\u0131 \u00e7ok s\u0131k ele\u015ftiriliyor. Yeni bir d\u00fczenleme d\u00fc\u015f\u00fcn\u00fcyor musunuz?&#8221; sorusuna da &#8220;Bu \u0130mral\u0131 ile ilgili \u00e7ok eskiden beri \u00e7ok mesnetsiz, \u00e7ok do\u011fru olmayan haberler yay\u0131nlan\u0131r. Bazen bu fark\u0131nda olmadan adam\u0131n kullanaca\u011f\u0131 haber tarz\u0131nda da olabilir&#8221; kar\u015f\u0131l\u0131\u011f\u0131n\u0131 verdi. \u00c7i\u00e7ek, \u015funlar\u0131 s\u00f6yledi:<\/p>\n<p style=\"text-align: justify;\">&#8220;Mesela, adam \u0130mral\u0131\u2019da, denildi ki \u2019efendim niye orada duruyor da F Tipi Cezaevine gelmiyor\u2019 bir tarihte&#8230; Zaten oras\u0131 F Tipi stat\u00fcs\u00fcnde, yani oras\u0131 ba\u015fka bir cezaevi de\u011fil ki. F tipinin kurallar\u0131 neyse o uygulan\u0131yor, \u0130zmit Cezaevinde hangi kural uygulan\u0131yorsa \u0130mral\u0131\u2019da uygulanan kural da odur. \u0130kincisi, adada olunca, bana soru olarak geldi\u011fi i\u00e7in ge\u00e7mi\u015fte, \u0130mral\u0131\u2019da kal\u0131yor, sanki adan\u0131n tamam\u0131 buna tahsisli, bu ter\u00f6rist ba\u015f\u0131 sabah 08.00\u2019de kalk\u0131yor, adan\u0131n etraf\u0131nda dola\u015f\u0131yor, t\u00fcrk\u00fc s\u00f6yl\u00fcyor, \u0131sl\u0131k \u00e7al\u0131yor, zeytin a\u011fa\u00e7lar\u0131n\u0131n alt\u0131nda oturuyor, keyfi geldi\u011fi zaman da i\u00e7eri giriyor; hay\u0131r, b\u00f6yle bir olay yok. Orada bir cezaevi kompleksi var. F tipindeki adam g\u00fcnde ka\u00e7 saat avluya \u00e7\u0131k\u0131yorsa bu da o kadar \u00e7\u0131k\u0131yor, ne kadar i\u00e7eride kalmas\u0131 gerekiyorsa o da o kadar kal\u0131yor. Haftal\u0131k g\u00f6r\u00fc\u015fme burada ne kadarsa o da \u00f6yle.&#8221;<\/p>\n<p style=\"text-align: justify;\">T\u00fcrkiye\u2019nin A\u0130HM\u2019in yarg\u0131 yetkisini kabul etti\u011fini ve devam eden davalar\u0131n\u0131n oldu\u011funu ifade eden \u00c7i\u00e7ek, &#8220;Bir karar \u00e7\u0131kt\u0131, biz 2 senedir bu karar\u0131n \u00f6z\u00fcn\u00fc s\u00f6ylemeye \u00e7al\u0131\u015ft\u0131k. \u2019Art\u0131k bu ter\u00f6rist ba\u015f\u0131n\u0131n yarg\u0131lanmas\u0131 m\u00fcmk\u00fcn de\u011fildir\u2019 dedik ama buna ra\u011fmen halen bunu istismar edenler oldu&#8221; dedi.<\/p>\n<p style=\"text-align: justify;\">Konunun istismara m\u00fcsait oldu\u011funu dile getiren Cemil \u00c7i\u00e7ek, &#8220;Orayla ilgili yaz\u0131lan yaz\u0131lar\u0131n \u00f6nemli bir k\u0131sm\u0131 ger\u00e7e\u011fi yans\u0131tmamaktad\u0131r ama T\u00fcrkiye\u2019nin taahh\u00fct etti\u011fi bir k\u0131s\u0131m hususlar vard\u0131r. Avrupa \u0130nsan Haklar\u0131 S\u00f6zle\u015fmesinin 6 ve 34. maddesi, siz bunlar\u0131 yapmad\u0131\u011f\u0131n\u0131z takdirde bu defa A\u0130HM\u2019den kararlar gelir. Bu defa mahkeme kararlar\u0131yla bunlar\u0131 yapmak durumunda kal\u0131rs\u0131n\u0131z&#8221; diye konu\u015ftu.<\/p>\n<p style=\"text-align: justify;\"><strong>\u201cH\u0130\u00c7B\u0130R AYRICALI\u011eI YOK&#8221; <\/strong><\/p>\n<p style=\"text-align: justify;\">\u00c7i\u00e7ek, \u00d6calan\u2019\u0131n haftal\u0131k g\u00f6r\u00fc\u015fmelerine k\u0131s\u0131tlama getirilmesi ya da i\u00e7eriden d\u0131\u015far\u0131ya bilgi \u00e7\u0131k\u0131\u015f\u0131yla ilgili yeni bir d\u00fczenlemenin s\u00f6z konusu olup olmad\u0131\u011f\u0131n\u0131n sorulmas\u0131 \u00fczerine de &#8220;Zaman oldu, kurallara uymad\u0131\u011f\u0131 d\u00f6nemlerde daha uzun s\u00fcre g\u00f6r\u00fc\u015ft\u00fcr\u00fclmedi\u011fi zamanlar da oldu. Ama bunlar\u0131 biz yerli yersiz, devletin aleyhine, toplumun aleyhine kullan\u0131lacak ve \u00f6rg\u00fct\u00fcn d\u0131\u015far\u0131da istismar\u0131na imkan verecek tarzda biz bunlar\u0131 a\u00e7\u0131klamad\u0131k&#8221; kar\u015f\u0131l\u0131\u011f\u0131n\u0131 verdi.<\/p>\n<p style=\"text-align: justify;\">\u00c7i\u00e7ek, s\u00f6zlerini \u015f\u00f6yle s\u00fcrd\u00fcrd\u00fc:<\/p>\n<p style=\"text-align: justify;\">&#8220;Yani, cezaevi kurallar\u0131na uymuyorsa, Sincan\u2019daki veya filanca yerdeki gibi g\u00f6r\u00fc\u015ft\u00fcr\u00fclmedi\u011fi, h\u00fccre hapsi verildi\u011fi zamanlar oldu, zaten h\u00fccredir oras\u0131 da yani bunlar\u0131n hepsi uyguland\u0131. Ama velev ki s\u00f6ylenen s\u00f6zler yanl\u0131\u015f bile olsa siz ona cevap vereceksiniz, o size cevap verecek, zaten konunun g\u00fcndemde kalmas\u0131 isteniyor, biz de buna fark\u0131nda olmadan yard\u0131mc\u0131 oluruz. Vatanda\u015flar\u0131m\u0131z \u015fundan emin olsunlar, F tipi cezaevindeki bir h\u00fck\u00fcml\u00fc hangi \u015fartlarda bu h\u00fckm\u00fc infaz ediliyorsa, \u0130mral\u0131\u2019dakinin durumu da ayn\u0131d\u0131r. Hi\u00e7bir ayr\u0131cal\u0131\u011f\u0131 yok, kurallara uyulmad\u0131\u011f\u0131 takdirde de yap\u0131lmas\u0131 gereken disiplin h\u00fck\u00fcmleri neyse bug\u00fcne kadar uyguland\u0131, uygulanmaya da devam ediliyor.&#8221;<\/p>\n<p style=\"text-align: justify;\">\u00c7i\u00e7ek, &#8220;PKK\u2019n\u0131n lider kadrosundan baz\u0131 isimlerin T\u00fcrkiye\u2019ye teslim edilece\u011fi y\u00f6n\u00fcnde s\u00f6ylenti var. B\u00f6yle bir \u015fey var m\u0131d\u0131r?&#8221; sorusuna da &#8220;Bu t\u00fcr i\u015fleri b\u00f6yle soru-cevap, man\u015fet, haber konusu yapt\u0131\u011f\u0131m\u0131zda bu i\u015fler \u00e7ok do\u011fru olmaz. Bunlar\u0131 tart\u0131\u015fmak da do\u011fru olmaz&#8221; yan\u0131t\u0131n\u0131 verdi.<\/p>\n<p style=\"text-align: justify;\">T\u00fcrkiye\u2019nin ter\u00f6rle m\u00fccadelede kararl\u0131 oldu\u011funu vurgulayan \u00c7i\u00e7ek, &#8220;Boh\u00e7an\u0131n d\u00f6rt ucunu bir araya getirme konusunda ciddi bir \u00e7aban\u0131n, gayretin i\u00e7erisindedir. Dolay\u0131s\u0131yla bu gayretlerin bir sonuca varabilmesi i\u00e7in her \u015feyin de konu\u015fulmamas\u0131 gerekir. Ayr\u0131ca, bu i\u015flerde \u00e7aba sarf edip da\u011flarda g\u00f6rev yapan insanlar\u0131n da moralini bozar ama \u015fundan herkesin emin olmas\u0131 laz\u0131m, yap\u0131lmas\u0131 gereken ne varsa, reel olarak, netice alacak, T\u00fcrkiye bunlar\u0131 yapmaya \u00e7al\u0131\u015f\u0131yor&#8221; a\u00e7\u0131klamas\u0131nda bulundu.<\/p>\n<p style=\"text-align: justify;\">\u00c7i\u00e7ek, &#8220;Say\u0131n Cumhurba\u015fkan\u0131\u2019n\u0131n dedi\u011fi gibi yak\u0131nda g\u00fczel geli\u015fmeler olabilir mi?&#8221; sorusuna da &#8220;Ben \u015funu biliyorum, T\u00fcrkiye, bug\u00fcnk\u00fc \u015fartlar alt\u0131nda yap\u0131labilecek ne varsa bunu yap\u0131yor ve bu noktada da karar\u0131nda en ufak bir gev\u015feme yok. Geri kalan\u0131 b\u0131rak biraz da ba\u015fkalar\u0131na kals\u0131n&#8221; kar\u015f\u0131l\u0131\u011f\u0131n\u0131 verdi.<\/p>\n<p style=\"text-align: justify;\">Ter\u00f6rle m\u00fccadelenin bir h\u00fck\u00fcmet meselesi de\u011fil devlet meselesi oldu\u011funu da belirten \u00c7i\u00e7ek, bu konunun i\u00e7 politika malzemesi yap\u0131lmamas\u0131 gerekti\u011fini s\u00f6yledi.<\/p>\n<p style=\"text-align: justify;\"><strong>SE\u00c7\u0130M BARAJI D\u00dc\u015eM\u00dcYOR <\/strong><\/p>\n<p style=\"text-align: justify;\">\u00c7i\u00e7ek, CHP\u2019nin, se\u00e7im baraj\u0131n\u0131n d\u00fc\u015f\u00fcr\u00fclmesine ili\u015fkin teklifiyle ilgili soruya da \u015fu kar\u015f\u0131l\u0131\u011f\u0131 verdi:<\/p>\n<p style=\"text-align: justify;\">&#8220;Vatanda\u015f\u0131n y\u00fczde 85\u2019i temsil ediliyor, \u2019baraj temsile engel te\u015fkil ediyor\u2019 deniliyorsa, y\u00fczde 85 var burada. Kald\u0131 ki, baz\u0131 \u00fclkelerde se\u00e7menin y\u00fczde 48\u2019i se\u00e7ime kat\u0131l\u0131yor, y\u00fczde 28 ile se\u00e7imi kazanan d\u00fcnyay\u0131 y\u00f6netiyor. Onun i\u00e7in evet, Meclis\u2019te toplumun \u00e7ok \u00f6nemli bir kesiminin temsili esast\u0131r ama \u00f6b\u00fcr tarafta da bu Parlamentodan bir h\u00fck\u00fcmet \u00e7\u0131kacakt\u0131r.<\/p>\n<p style=\"text-align: justify;\">Bu kadar sorunu olan, bu kadar k\u00f6kl\u00fc reform yapmak mecburiyetinde olan bir \u00fclkenin, be\u015f partili, alt\u0131 partili, 3 ay sonra d\u00fc\u015ft\u00fc, d\u00fc\u015fecek, ortaklar aras\u0131ndaki kavga, bu man\u015fetlerle T\u00fcrkiye\u2019yi biz bir yere g\u00f6t\u00fcremeyiz. Onun i\u00e7in temsil kadar istikrar da fevkalade \u00f6nem arzediyor. 2011 se\u00e7imleri, teorik tart\u0131\u015fmay\u0131 ba\u015fka t\u00fcrl\u00fc yapar\u0131z, 2011 Temmuzundaki se\u00e7imler y\u00fczde 10 barajl\u0131 olarak yap\u0131lacakt\u0131r.&#8221;<\/p>\n<p style=\"text-align: justify;\"><strong>&#8220;PROFESYONEL B\u0130R EK\u0130P\u00c7E Y\u00dcR\u00dcT\u00dcLMES\u0130&#8221; <\/strong><\/p>\n<p style=\"text-align: justify;\">Cemil \u00c7i\u00e7ek, &#8220;Hudut birlikleriyle&#8221; ilgili bir soru \u00fczerine, ter\u00f6r\u00fcn \u00e7ok dinamik bir konu oldu\u011funu vurgulad\u0131. \u00c7i\u00e7ek, &#8220;Hemen her g\u00fcn, her saat belki hedefi de\u011fi\u015fmiyor ama kulland\u0131\u011f\u0131 enstr\u00fcmanlar, sloganlar, y\u00f6ntemler her \u015fey de\u011fi\u015fiyor. Her f\u0131rsatta lehine olabilecekse istismar etmedi\u011fi konu kalm\u0131yor, kullanmad\u0131\u011f\u0131 alet-edevat kalm\u0131yor. B\u00f6ylesine dinamik bir olay\u0131 \u00e7\u00f6zmeye \u00e7al\u0131\u015f\u0131rken, belay\u0131 defetmeye \u00e7al\u0131\u015f\u0131rken ald\u0131\u011f\u0131n\u0131z tedbirler statik olamaz. \u0130deolojik ter\u00f6re kar\u015f\u0131 ald\u0131\u011f\u0131n\u0131z tedbirleri, etnik ter\u00f6re kar\u015f\u0131 al\u0131rsan\u0131z bu eksik kal\u0131r&#8221; diye konu\u015ftu.<\/p>\n<p style=\"text-align: justify;\">\u0130\u015fin operasyonel boyutunda bir de\u011ferlendirme yap\u0131l\u0131rken stratejik boyutunda da bu de\u011ferlendirmelerin yap\u0131lmas\u0131 ve tedbirlerin g\u00fcncelle\u015ftirilmesi gerekti\u011fini anlatan \u00c7i\u00e7ek, T\u00fcrkiye\u2019deki mevzuata g\u00f6re il ve il\u00e7elerde g\u00fcvenli\u011fin, kamu d\u00fczeninin sa\u011flanmas\u0131ndan polis te\u015fkilat\u0131n\u0131n, k\u0131rsal kesimde ise genelde jandarman\u0131n, ihtiya\u00e7 oldu\u011fu zaman TSK\u2019n\u0131n di\u011fer unsurlar\u0131n\u0131n bu m\u00fccadelede g\u00f6rev ald\u0131\u011f\u0131n\u0131 s\u00f6yledi.<\/p>\n<p style=\"text-align: justify;\">&#8220;Bug\u00fcne kadar olan yap\u0131 bu. Geldi\u011fimiz noktada art\u0131k bu i\u015fin profesyonel bir ekip\u00e7e y\u00fcr\u00fct\u00fclmesinde fayda g\u00f6r\u00fclm\u00fc\u015ft\u00fcr&#8221; diyen \u00c7i\u00e7ek, \u015funlar\u0131 s\u00f6yledi:<\/p>\n<p style=\"text-align: justify;\">&#8220;(Benim \u00e7ocu\u011fum 20 g\u00fcnl\u00fck e\u011fitimden sonra g\u00f6nderildi) deniyor. Bir k\u0131sm\u0131 \u2019Yeterli e\u011fitim almadan g\u00f6nderildi\u2019 diyor. Bir spek\u00fclasyondur gidiyor. TSK da bize her defas\u0131nda \u2019Biz, o b\u00f6lgelere g\u00f6nderdi\u011fimiz insanlara d\u00fcnyadaki standartlar\u0131n \u00fczerinde bir e\u011fitim veriyoruz\u2019 diyor. Bu e\u011fitimin nas\u0131l yap\u0131ld\u0131\u011f\u0131n\u0131 g\u00f6stermek ad\u0131na bizi de komando e\u011fitiminin yap\u0131ld\u0131\u011f\u0131 yere g\u00f6t\u00fcrd\u00fcler, hakikaten orada \u00f6nemli bir e\u011fitim yap\u0131l\u0131yor. Bu g\u00f6revleri yapacak insanlara \u00fcst d\u00fczey bir e\u011fitim veriliyor bu anlamda. Kabul etmek gerekir ki, bunun yetmedi\u011fi de ortaya \u00e7\u0131k\u0131yor. Nereden ortaya \u00e7\u0131k\u0131yor? Neticede bu komanda e\u011fitimi alan insan bir s\u00fcre sonra terhis olacak.<\/p>\n<p style=\"text-align: justify;\">Bizim son ziyarette, yaral\u0131 Mehmet\u00e7iklerle yapt\u0131\u011f\u0131m\u0131z g\u00f6r\u00fc\u015fmede, bir tanesi \u00f6zel hayat\u0131nda berber, biri tesisat\u00e7\u0131. Biri 28 g\u00fcn\u00fc, di\u011feri 54 g\u00fcn\u00fc say\u0131yor. Bu insan terhis olduktan sonra \u2019Nerede i\u015f bulaca\u011f\u0131m?\u2019 derdinde. Belli ki vatan g\u00f6revinin yan\u0131nda bir de ge\u00e7im derdi var. Bir aile kurma derdi var. Bu insanlar da\u011f ba\u015flar\u0131nda ama \u00f6b\u00fcr taraftaki de o y\u00f6reyi biliyor, e\u011fitimini o b\u00f6lgeden alm\u0131\u015f. \u00d6nemli bir k\u0131sm\u0131 o co\u011frafyadan gelmi\u015f.<\/p>\n<p style=\"text-align: justify;\">Dolay\u0131s\u0131yla bu eksiklikleri giderecek bir yap\u0131lanmaya ihtiya\u00e7 var. Bunu kim yapacak? Devletin mevzuat\u0131 i\u00e7erisinde, mevcut organlar\u0131 i\u00e7erisinde bu e\u011fitim verilecek. Ayr\u0131 bir ordu de\u011fil, ayr\u0131 komutana ba\u011fl\u0131 de\u011fil&#8230; \u0130\u015fte d\u00fc\u015f\u00fcn\u00fclen, tart\u0131\u015f\u0131lan&#8230; Oraya gelecek olan insanlar\u0131n bu ge\u00e7im derdi bir tarafta olacak. \u0130yi e\u011fitim alacak. Orada g\u00f6rev yapacak insan diyecek ki \u2019Ben bu da\u011flarda 5 y\u0131l kalaca\u011f\u0131m.\u2019 G\u00f6rev yapaca\u011f\u0131 yeri avucunun i\u00e7i gibi bilecek.&#8221;<\/p>\n<p style=\"text-align: justify;\"><strong>&#8220;ZATEN B\u0130R \u00c7ALI\u015eMA BELL\u0130 B\u0130R \u00d6L\u00c7\u00dcDE VAR&#8221; <\/strong><\/p>\n<p style=\"text-align: justify;\">5 y\u0131l laf\u0131n\u0131n telaffuz olarak s\u00f6ylendi\u011fini belirten \u00c7i\u00e7ek, &#8220;Bu tart\u0131\u015f\u0131l\u0131r, neticede buna ili\u015fkin d\u00fczenleme yaparken bunu uzatabilirsin, art\u0131rabilirsiniz. Buna uygun da bir hukuki stat\u00fc bulacaks\u0131n\u0131z, yasal d\u00fczenlemesi yap\u0131lacak. Belli bir riski g\u00f6ze ald\u0131\u011f\u0131na g\u00f6re ona g\u00f6re de \u00f6zl\u00fck haklar\u0131 vereceksiniz. Ama herhalde hareket kabiliyetinin y\u00fcksek oldu\u011fu bir ya\u015f s\u0131n\u0131r\u0131 i\u00e7erisinde olacakt\u0131r. Bu g\u00f6revi bitirdikten sonra tazminat verilebilir, s\u00f6zle\u015fmeli olabilir&#8221; dedi.<\/p>\n<p style=\"text-align: justify;\">Bu konuyla ilgili ayr\u0131nt\u0131lar\u0131n hen\u00fcz kararla\u015ft\u0131r\u0131lmad\u0131\u011f\u0131n\u0131 belirten \u00c7i\u00e7ek, &#8220;Genelkurmay Ba\u015fkanl\u0131\u011f\u0131 zaten belli bir s\u00fcreden beri \u00e7al\u0131\u015f\u0131yor. Bu insanlar\u0131n e\u011fitimi de iki, \u00fc\u00e7 ayl\u0131k de\u011fil. Buna uygun program, alt yap\u0131&#8230; Zaten bir \u00e7al\u0131\u015fma belli bir \u00f6l\u00e7\u00fcde var&#8221; diye konu\u015ftu.<\/p>\n<p style=\"text-align: justify;\">\u00c7i\u00e7ek, konu\u015fulan tedbirlerin sadece d\u00fcn ve bug\u00fcn konu\u015fulan tedbirler olmad\u0131\u011f\u0131n\u0131 ve bir s\u00fcre ald\u0131\u011f\u0131n\u0131n alt\u0131n\u0131 \u00e7izdi.<\/p>\n<p style=\"text-align: justify;\">&#8220;\u00d6zel harekat\u00e7\u0131lar&#8221; ile ilgili bir soru \u00fczerine ise \u00c7i\u00e7ek, ter\u00f6rle m\u00fccadelede tecr\u00fcbenin son derece \u00f6nemli oldu\u011funu belirterek, \u015funlar\u0131 kaydetti:<\/p>\n<p style=\"text-align: justify;\">&#8220;Pratik, teorik bilginin yan\u0131nda insan ili\u015fkileri, ter\u00f6ristle o b\u00f6lgede ya\u015fayan masum insanlar\u0131 ay\u0131racak iyi bir e\u011fitim&#8230; \u0130\u015fte b\u00fct\u00fcn bu \u00e7al\u0131\u015fmalar\u0131n konusunda \u015f\u00fcphesiz bu var. \u00d6zel harekat\u0131n \u00e7ok iyi g\u00f6rev yapt\u0131\u011f\u0131 bir d\u00f6nem oldu. Sonradan da hepimizin rahats\u0131z oldu\u011fu hususlar oldu. bunlar\u0131n hepsinden bir ders \u00e7\u0131kar\u0131lmas\u0131 laz\u0131m. Bu konuda devletin uzunca bir zamand\u0131r hassasiyeti var. 2007\u2019den bu tarafa TSK hudut \u00f6tesi operasyon yap\u0131yor. \u015eu ana kadar bir tek sivilin burnu kanamad\u0131. Bu neyi g\u00f6steriyor? TSK olarak da T\u00fcrkiye Cumhuriyeti Devleti olarak da yapt\u0131\u011f\u0131m\u0131z i\u015fin fark\u0131nday\u0131z. Ter\u00f6ristle vatanda\u015f\u0131n ayr\u0131lmas\u0131 noktas\u0131nda azami gayreti g\u00f6steriyoruz. Bir yasal d\u00fczenleme yap\u0131lacak bu ve benzeri m\u00fccadele birimlerinin olu\u015fturulmas\u0131 s\u00f6z konusu oldu\u011funda. Bir i\u015fte olumsuzluk olacak diye getirebilece\u011fi faydalar\u0131 g\u00f6z ard\u0131 ederek bir \u015feye kar\u015f\u0131 \u00e7\u0131karsan\u0131z, o zaman hi\u00e7 bir konuda tedbir geli\u015ftiremezsiniz.&#8221;<\/p>\n<p style=\"text-align: justify;\"><span style=\"color: #888888;\">Radikal<\/span><\/p>\n","protected":false},"excerpt":{"rendered":"<p style=\"text-align: center;\">\n<p style=\"text-align: justify;\">Devlet Bakan\u0131 ve Ba\u015fbakan Yard\u0131mc\u0131s\u0131 \u00c7i\u00e7ek: 2011 temmuzundaki se\u00e7imler, y\u00fczde 10 barajl\u0131 olarak yap\u0131lacakt\u0131r. Bu ter\u00f6rist ba\u015f\u0131 sabah 08.00&#8217;de kalk\u0131yor, adan\u0131n etraf\u0131nda dola\u015f\u0131yor, t\u00fcrk\u00fc s\u00f6yl\u00fcyor, \u0131sl\u0131k \u00e7al\u0131yor, zeytin a\u011fa\u00e7lar\u0131n\u0131n alt\u0131nda oturuyor, keyfi geldi\u011fi zaman da i\u00e7eri giriyor. Hay\u0131r, b\u00f6yle bir olay yok <\/p>\n","protected":false},"author":1,"featured_media":0,"comment_status":"open","ping_status":"closed","sticky":false,"template":"","format":"standard","meta":{"footnotes":""},"categories":[105],"tags":[],"class_list":["post-24267","post","type-post","status-publish","format-standard","hentry","category-gundem","odd"],"_links":{"self":[{"href":"http:\/\/www.korhanyilmaz.com\/index.php?rest_route=\/wp\/v2\/posts\/24267","targetHints":{"allow":["GET"]}}],"collection":[{"href":"http:\/\/www.korhanyilmaz.com\/index.php?rest_route=\/wp\/v2\/posts"}],"about":[{"href":"http:\/\/www.korhanyilmaz.com\/index.php?rest_route=\/wp\/v2\/types\/post"}],"author":[{"embeddable":true,"href":"http:\/\/www.korhanyilmaz.com\/index.php?rest_route=\/wp\/v2\/users\/1"}],"replies":[{"embeddable":true,"href":"http:\/\/www.korhanyilmaz.com\/index.php?rest_route=%2Fwp%2Fv2%2Fcomments&post=24267"}],"version-history":[{"count":0,"href":"http:\/\/www.korhanyilmaz.com\/index.php?rest_route=\/wp\/v2\/posts\/24267\/revisions"}],"wp:attachment":[{"href":"http:\/\/www.korhanyilmaz.com\/index.php?rest_route=%2Fwp%2Fv2%2Fmedia&parent=24267"}],"wp:term":[{"taxonomy":"category","embeddable":true,"href":"http:\/\/www.korhanyilmaz.com\/index.php?rest_route=%2Fwp%2Fv2%2Fcategories&post=24267"},{"taxonomy":"post_tag","embeddable":true,"href":"http:\/\/www.korhanyilmaz.com\/index.php?rest_route=%2Fwp%2Fv2%2Ftags&post=24267"}],"curies":[{"name":"wp","href":"https:\/\/api.w.org\/{rel}","templated":true}]}}