{"id":24256,"date":"2010-07-16T08:23:07","date_gmt":"2010-07-16T08:23:07","guid":{"rendered":"http:\/\/www.korhanyilmaz.com\/?p=24256"},"modified":"2010-07-16T08:23:07","modified_gmt":"2010-07-16T08:23:07","slug":"kanadoglu-anayasa-iktidarin-omru-kadar","status":"publish","type":"post","link":"http:\/\/www.korhanyilmaz.com\/?p=24256","title":{"rendered":"Kanado\u011flu: &#8220;Anayasa, iktidar\u0131n \u00f6mr\u00fc kadar&#8221;"},"content":{"rendered":"<p style=\"text-align: justify;\"><a href=\"http:\/\/www.korhanyilmaz.com\/wp-content\/uploads\/2010\/07\/306.jpg\"  class=\"lightview\"><img loading=\"lazy\" decoding=\"async\" class=\"aligncenter size-full wp-image-24257\" src=\"http:\/\/www.korhanyilmaz.com\/wp-content\/uploads\/2010\/07\/306.jpg\" alt=\"\" width=\"292\" height=\"233\" \/><\/a><\/p>\n<p style=\"text-align: justify;\">Yarg\u0131tay Onursal Cumhuriyet Ba\u015fsavc\u0131s\u0131 Sabih Kanado\u011flu, &#8220;Bu Anayasa de\u011fi\u015fikli\u011fi e\u011fer ger\u00e7ekle\u015firse, \u00f6mr\u00fc bug\u00fcnk\u00fc siyasi iktidar\u0131n \u00f6mr\u00fc ile do\u011fru orant\u0131l\u0131d\u0131r. Elbette ki, yeni bir siyasi iktidar, yani ciddi samimi bir halk iktidar\u0131 bu yap\u0131lan de\u011fi\u015fiklikleri herhalde ortadan kald\u0131racakt\u0131r&#8221; dedi. <!--more--><\/p>\n<p style=\"text-align: justify;\">CHP Bah\u00e7elievler \u0130l\u00e7e \u00d6rg\u00fct\u00fc taraf\u0131ndan d\u00fczenlenen &#8220;Referandum Aldatmacas\u0131na Hay\u0131r&#8221; konulu panele kat\u0131lan Kanado\u011flu, referandumdan &#8220;hay\u0131r&#8221; oyu \u00e7\u0131kmas\u0131n\u0131 istedi\u011fini s\u00f6yledi.<\/p>\n<p style=\"text-align: justify;\">Kanado\u011flu, &#8220;Ger\u00e7ekten hi\u00e7 d\u00fc\u015f\u00fcnmedi\u011fimiz bir karar ile kar\u015f\u0131 kar\u015f\u0131ya kald\u0131k ve 12 Eyl\u00fcl&#8217;de halk oylamas\u0131na, sand\u0131klara gidece\u011fiz. Anayasa Mahkemesi kararlar\u0131na sayg\u0131l\u0131 olmak laz\u0131m, do\u011frudur ama o kadar \u00e7ok ele\u015ftirilecek, bu ele\u015ftirilerin alt\u0131ndan nas\u0131l kalkacaklar\u0131n\u0131 merak etmek de bizim hakk\u0131m\u0131z. Dendi ki, hakl\u0131 olarak biz iktidar oldu\u011fumuzda Anayasa&#8217;y\u0131 de\u011fi\u015ftiririz tekrar. Bunu ben aylarca \u00f6nce s\u00f6yledim. Bu Anayasa de\u011fi\u015fikli\u011fi e\u011fer ger\u00e7ekle\u015firse, \u00f6mr\u00fc bug\u00fcnk\u00fc siyasi iktidar\u0131n \u00f6mr\u00fc ile do\u011fru orant\u0131l\u0131d\u0131r. Elbette ki, yeni bir siyasi iktidar, yani ciddi samimi bir halk iktidar\u0131 bu yap\u0131lan de\u011fi\u015fiklikleri herhalde ortadan kald\u0131racakt\u0131r&#8221; dedi.<\/p>\n<p style=\"text-align: justify;\"><strong>&#8220;B\u00fct\u00fcn g\u00fc\u00e7lerinizi birle\u015ftirin&#8221; <\/strong><\/p>\n<p style=\"text-align: justify;\">CHP&#8217;lilere seslenen Kanado\u011flu, iktidara giden yolun her \u015feyden \u00f6nce halk oylamas\u0131nda &#8216;evet&#8217; \u00e7\u0131kmamas\u0131na ba\u011fl\u0131 oldu\u011funu belirterek, &#8220;Onun i\u00e7in \u015fimdi gelecekteki halk\u0131n iktidar\u0131n\u0131 ve partinizin iktidar olmas\u0131n\u0131 bir tarafa b\u0131rak\u0131n ve b\u00fct\u00fcn g\u00fc\u00e7leri birle\u015ftirerek, bu Anayasa de\u011fi\u015fikli\u011finin &#8216;evet&#8217; oyu almamas\u0131n\u0131 sa\u011flamaya \u00e7al\u0131\u015f\u0131n\u0131z. Yani g\u00fc\u00e7lerini birle\u015ftiriniz. Hangi partiden olursa olsun, b\u00fct\u00fcn vatanda\u015flar\u0131n kendi g\u00fc\u00e7lerini bir araya getirmesi ka\u00e7\u0131n\u0131lmaz bir olayd\u0131r. \u00c7\u00fcnk\u00fc e\u011fer &#8216;evet&#8217; diye \u00e7\u0131karsa, kar\u015f\u0131n\u0131za \u00e7\u0131kacak olan Anayasa Mahkemesi ve Hakimler Savc\u0131lar Y\u00fcksek Kurulu \u00f6rnekleri g\u00f6rd\u00fc\u011f\u00fcn\u00fcz gibi bir Y\u00d6K, bir RT\u00dcK olacakt\u0131r. E\u011fer yarg\u0131 bu \u015fekilde y\u00fcr\u00fctmenin talimat\u0131 alt\u0131na girecekse orada art\u0131k ne kuvvetler ayr\u0131l\u0131\u011f\u0131ndan bahsetmek m\u00fcmk\u00fcn olacakt\u0131r, ne de o yarg\u0131 g\u00fcvenilir bir karar verme durumundan h\u0131zla uzakla\u015facakt\u0131r. 12 Eyl\u00fcl T\u00fcrk milleti i\u00e7in b\u00fcy\u00fck bir s\u0131navd\u0131r. Bu b\u00fcy\u00fck s\u0131navdan y\u00fcz\u00fcn\u00fcn ak\u0131 ile \u00e7\u0131kabilmek i\u00e7in b\u00fct\u00fcn partililerin bir g\u00fc\u00e7 birli\u011fi i\u00e7inde \u00e7al\u0131\u015fmas\u0131 gerekir&#8221; diye konu\u015ftu.<\/p>\n<p style=\"text-align: justify;\"><span style=\"text-decoration: underline;\">Kanado\u011flu, ayr\u0131ca Anayasa Mahkemesi&#8217;nin karar\u0131n\u0131 a\u00e7\u0131klama \u015feklinin de Anayasa&#8217;ya ayk\u0131r\u0131 oldu\u011funu dile getirdi.<\/span><\/p>\n<p style=\"text-align: justify;\"><strong>&#8220;Erdo\u011fan ve saz ekibi kazand\u0131&#8221; <\/strong><\/p>\n<p style=\"text-align: justify;\">Berhan \u015eim\u015fek de, &#8220;8 y\u0131ld\u0131r T\u00fcrkiye kazand\u0131 ama halk kazanmad\u0131. Recep Tayyip Erdo\u011fan ve saz arkada\u015flar\u0131 kazand\u0131. Okulunu, hastanesini, marketini ay\u0131rd\u0131. Kendi zenginini yaratt\u0131. Kamu d\u00fczenini personelini ona g\u00f6re tanzim etti. Suriye s\u0131n\u0131r\u0131n\u0131 \u0130shak&#8217;a satmaya \u00e7al\u0131\u015ft\u0131. Ara s\u0131ra yi\u011fitlik olsun diye de, &#8216;One Minute&#8217; dedi. Dan\u0131\u015ftay-yip, Yarg\u0131tay-yip, Say\u0131\u015ftay-yip, Y\u00fcr\u00fctme de Tayyip&#8230; Ne kald\u0131 geriye? Bir de Anayasa var. Bu Anayasa&#8217;y\u0131, bu Hakimler Savc\u0131lar Y\u00fcksek Kurulu&#8217;nun yap\u0131s\u0131n\u0131 de\u011fi\u015ftirmeye izin vermeyece\u011fiz&#8221; dedi.<\/p>\n<p style=\"text-align: justify;\"><span style=\"color: #888888;\">CNN T\u00dcRK<\/span><\/p>\n","protected":false},"excerpt":{"rendered":"<p style=\"text-align: justify;\">\n<p style=\"text-align: justify;\">Yarg\u0131tay Onursal Cumhuriyet Ba\u015fsavc\u0131s\u0131 Sabih Kanado\u011flu, &#8220;Bu Anayasa de\u011fi\u015fikli\u011fi e\u011fer ger\u00e7ekle\u015firse, \u00f6mr\u00fc bug\u00fcnk\u00fc siyasi iktidar\u0131n \u00f6mr\u00fc ile do\u011fru orant\u0131l\u0131d\u0131r. Elbette ki, yeni bir siyasi iktidar, yani ciddi samimi bir halk iktidar\u0131 bu yap\u0131lan de\u011fi\u015fiklikleri herhalde ortadan kald\u0131racakt\u0131r&#8221; dedi. <\/p>\n","protected":false},"author":1,"featured_media":0,"comment_status":"open","ping_status":"closed","sticky":false,"template":"","format":"standard","meta":{"footnotes":""},"categories":[105],"tags":[],"class_list":["post-24256","post","type-post","status-publish","format-standard","hentry","category-gundem","odd"],"_links":{"self":[{"href":"http:\/\/www.korhanyilmaz.com\/index.php?rest_route=\/wp\/v2\/posts\/24256","targetHints":{"allow":["GET"]}}],"collection":[{"href":"http:\/\/www.korhanyilmaz.com\/index.php?rest_route=\/wp\/v2\/posts"}],"about":[{"href":"http:\/\/www.korhanyilmaz.com\/index.php?rest_route=\/wp\/v2\/types\/post"}],"author":[{"embeddable":true,"href":"http:\/\/www.korhanyilmaz.com\/index.php?rest_route=\/wp\/v2\/users\/1"}],"replies":[{"embeddable":true,"href":"http:\/\/www.korhanyilmaz.com\/index.php?rest_route=%2Fwp%2Fv2%2Fcomments&post=24256"}],"version-history":[{"count":0,"href":"http:\/\/www.korhanyilmaz.com\/index.php?rest_route=\/wp\/v2\/posts\/24256\/revisions"}],"wp:attachment":[{"href":"http:\/\/www.korhanyilmaz.com\/index.php?rest_route=%2Fwp%2Fv2%2Fmedia&parent=24256"}],"wp:term":[{"taxonomy":"category","embeddable":true,"href":"http:\/\/www.korhanyilmaz.com\/index.php?rest_route=%2Fwp%2Fv2%2Fcategories&post=24256"},{"taxonomy":"post_tag","embeddable":true,"href":"http:\/\/www.korhanyilmaz.com\/index.php?rest_route=%2Fwp%2Fv2%2Ftags&post=24256"}],"curies":[{"name":"wp","href":"https:\/\/api.w.org\/{rel}","templated":true}]}}