{"id":24243,"date":"2010-07-15T21:08:04","date_gmt":"2010-07-15T21:08:04","guid":{"rendered":"http:\/\/www.korhanyilmaz.com\/?p=24243"},"modified":"2010-07-15T21:08:04","modified_gmt":"2010-07-15T21:08:04","slug":"yine-mayinyine-sehityine-telgraf","status":"publish","type":"post","link":"http:\/\/www.korhanyilmaz.com\/?p=24243","title":{"rendered":"Yine May\u0131n,Yine \u015eehit,Yine Telgraf&#8230;"},"content":{"rendered":"<p style=\"text-align: center;\"><a href=\"http:\/\/www.korhanyilmaz.com\/wp-content\/uploads\/2010\/07\/304.jpg\"  class=\"lightview\"><img loading=\"lazy\" decoding=\"async\" class=\"aligncenter size-full wp-image-24244\" src=\"http:\/\/www.korhanyilmaz.com\/wp-content\/uploads\/2010\/07\/304.jpg\" alt=\"\" width=\"309\" height=\"231\" \/><\/a><\/p>\n<p style=\"text-align: justify;\">Van&#8217;\u0131n G\u00fcrp\u0131nar il\u00e7esi Yal\u0131nca k\u00f6y\u00fc da\u011fl\u0131k arazi kesiminde, ter\u00f6r \u00f6rg\u00fct\u00fc PKK \u00fcyelerince d\u00f6\u015fenen may\u0131n\u0131n patlamas\u0131 sonucu 1 asker \u015fehit oldu, 1 asker de yaraland\u0131. <!--more--><\/p>\n<p style=\"text-align: justify;\">Al\u0131nan bilgiye g\u00f6re, \u0130l\u00e7e Jandarma Komutanl\u0131\u011f\u0131 ekiplerinin, Yal\u0131nca Jandarma Karakol Komutanl\u0131\u011f\u0131 sorumluluk b\u00f6lgesindeki Akta\u015f Tepe&#8217;de s\u00fcrd\u00fcrd\u00fc\u011f\u00fc arazi arama-tarama faaliyeti s\u0131ras\u0131nda, ter\u00f6r \u00f6rg\u00fct\u00fc PKK \u00fcyelerince araziye d\u00f6\u015fenen may\u0131n patlad\u0131.<\/p>\n<p style=\"text-align: justify;\">Patlamada, bir er \u015fehit oldu, bir er de a\u011f\u0131r yaraland\u0131.<\/p>\n<p style=\"text-align: justify;\">Yaral\u0131 erin, helikopterle kald\u0131r\u0131ld\u0131\u011f\u0131 Van Asker Hastanesinde tedavi alt\u0131na al\u0131nd\u0131\u011f\u0131 bildirildi.<\/p>\n<p style=\"text-align: justify;\">\u015eehit er i\u00e7in yar\u0131n Van&#8217;da t\u00f6ren d\u00fczenlenece\u011fi bildirildi.<\/p>\n<p style=\"text-align: justify;\"><strong>Ba\u015fbakan&#8217;\u0131n ba\u015f sa\u011fl\u0131\u011f\u0131 telgraf\u0131 <\/strong><\/p>\n<p style=\"text-align: justify;\">Ba\u015fbakan Recep Tayyip Erdo\u011fan, Van&#8217;\u0131n G\u00fcrp\u0131nar il\u00e7esinde may\u0131n patlamas\u0131 sonucu bir askerin \u015fehit olmas\u0131 nedeniyle Genelkurmay Ba\u015fkan\u0131 Orgeneral \u0130lker Ba\u015fbu\u011f&#8217;a ba\u015f sa\u011fl\u0131\u011f\u0131 telgraf\u0131 g\u00f6nderdi.<\/p>\n<p style=\"text-align: justify;\">Ba\u015fbakanl\u0131k Bas\u0131n Merkezinden yap\u0131lan a\u00e7\u0131klamaya g\u00f6re, Erdo\u011fan, Van&#8217;da ter\u00f6ristlerce d\u00f6\u015fenen may\u0131n\u0131n patlamas\u0131 sonucu bir askerin \u015fehit olmas\u0131 ve bir askerin yaralanmas\u0131 nedeniyle Genelkurmay Ba\u015fkan\u0131 Orgeneral Say\u0131n \u0130lker Ba\u015fbu\u011f&#8217;a bir ba\u015f sa\u011fl\u0131\u011f\u0131 telgraf\u0131 g\u00f6ndererek \u00fcz\u00fcnt\u00fclerini bildirdi, yaral\u0131 asker i\u00e7in de acil \u015fifalar dile\u011finde bulundu.<\/p>\n<p style=\"text-align: justify;\"><span style=\"color: #888888;\">CNN T\u00dcRK<\/span><\/p>\n","protected":false},"excerpt":{"rendered":"<p style=\"text-align: center;\">\n<p style=\"text-align: justify;\">Van&#8217;\u0131n G\u00fcrp\u0131nar il\u00e7esi Yal\u0131nca k\u00f6y\u00fc da\u011fl\u0131k arazi kesiminde, ter\u00f6r \u00f6rg\u00fct\u00fc PKK \u00fcyelerince d\u00f6\u015fenen may\u0131n\u0131n patlamas\u0131 sonucu 1 asker \u015fehit oldu, 1 asker de yaraland\u0131. <\/p>\n","protected":false},"author":1,"featured_media":0,"comment_status":"open","ping_status":"closed","sticky":false,"template":"","format":"standard","meta":{"footnotes":""},"categories":[105],"tags":[],"class_list":["post-24243","post","type-post","status-publish","format-standard","hentry","category-gundem","odd"],"_links":{"self":[{"href":"http:\/\/www.korhanyilmaz.com\/index.php?rest_route=\/wp\/v2\/posts\/24243","targetHints":{"allow":["GET"]}}],"collection":[{"href":"http:\/\/www.korhanyilmaz.com\/index.php?rest_route=\/wp\/v2\/posts"}],"about":[{"href":"http:\/\/www.korhanyilmaz.com\/index.php?rest_route=\/wp\/v2\/types\/post"}],"author":[{"embeddable":true,"href":"http:\/\/www.korhanyilmaz.com\/index.php?rest_route=\/wp\/v2\/users\/1"}],"replies":[{"embeddable":true,"href":"http:\/\/www.korhanyilmaz.com\/index.php?rest_route=%2Fwp%2Fv2%2Fcomments&post=24243"}],"version-history":[{"count":0,"href":"http:\/\/www.korhanyilmaz.com\/index.php?rest_route=\/wp\/v2\/posts\/24243\/revisions"}],"wp:attachment":[{"href":"http:\/\/www.korhanyilmaz.com\/index.php?rest_route=%2Fwp%2Fv2%2Fmedia&parent=24243"}],"wp:term":[{"taxonomy":"category","embeddable":true,"href":"http:\/\/www.korhanyilmaz.com\/index.php?rest_route=%2Fwp%2Fv2%2Fcategories&post=24243"},{"taxonomy":"post_tag","embeddable":true,"href":"http:\/\/www.korhanyilmaz.com\/index.php?rest_route=%2Fwp%2Fv2%2Ftags&post=24243"}],"curies":[{"name":"wp","href":"https:\/\/api.w.org\/{rel}","templated":true}]}}