{"id":24235,"date":"2010-07-14T21:52:11","date_gmt":"2010-07-14T21:52:11","guid":{"rendered":"http:\/\/www.korhanyilmaz.com\/?p=24235"},"modified":"2010-07-14T21:52:11","modified_gmt":"2010-07-14T21:52:11","slug":"referanduma-dogru-58-gun-kaldi","status":"publish","type":"post","link":"http:\/\/www.korhanyilmaz.com\/?p=24235","title":{"rendered":"Referanduma Do\u011fru (58 g\u00fcn kald\u0131)"},"content":{"rendered":"<p style=\"text-align: center;\"><a href=\"http:\/\/www.korhanyilmaz.com\/wp-content\/uploads\/2010\/07\/303.jpg\"  class=\"lightview\"><img loading=\"lazy\" decoding=\"async\" class=\"aligncenter size-full wp-image-24236\" src=\"http:\/\/www.korhanyilmaz.com\/wp-content\/uploads\/2010\/07\/303.jpg\" alt=\"\" width=\"385\" height=\"275\" \/><\/a><\/p>\n<p style=\"text-align: justify;\"><strong>De\u011fi\u015fiklik paketinde halk\u0131n talebi yok<\/strong><\/p>\n<p style=\"text-align: justify;\"><span style=\"color: #993300;\"><strong>12 Eyl\u00fclc\u00fc ruhunu de\u011fi\u015ftirmez<\/strong><\/span><\/p>\n<p style=\"text-align: justify;\">TMMOB \u0130n\u015faat M\u00fchendisleri Odas\u0131 Genel Ba\u015fkan\u0131 H. Serdar Harp, AKP\u2019nin Anayasa paketine referandumda hay\u0131r diyeceklerini s\u00f6yledi. Harp, \u201cKi\u015fisel olarak ben \u2018hay\u0131r\u2019 diyorum. Y\u00f6netim de ayn\u0131 g\u00f6r\u00fc\u015fte. 12 Eyl\u00fcl, T\u00fcrkiye\u2019nin sosyal yap\u0131s\u0131n\u0131 olumsuz olarak de\u011fi\u015ftirdi. Demokratik hak ve \u00f6zg\u00fcrl\u00fckleri ortadan kald\u0131ran bir Anayasa olu\u015ftu. Bu Anayasan\u0131n \u015furas\u0131ndan, buras\u0131ndan de\u011fi\u015fiklikler yap\u0131lmas\u0131 onun 12 Eyl\u00fclc\u00fc ruhunu de\u011fi\u015ftirmez\u201d dedi. <!--more--><\/p>\n<p style=\"text-align: justify;\"><span style=\"color: #993300;\"><strong>Yarg\u0131ya hakimiyet \u00e7abas\u0131<\/strong><\/span><\/p>\n<p style=\"text-align: justify;\">Harp \u015funlar\u0131 kaydetti: \u201c\u015eu andaki paketle de ne demokratik hak ve \u00f6zg\u00fcrl\u00fcklerin geli\u015ftirilmesi ne siyasi partilerin demokratikle\u015fmesi ne de se\u00e7im sisteminin geli\u015ftirilmesi hedeflenmiyor. Halk\u0131n talepleri bu Anayasa paketinde yok. Ne var? Siyasi iktidar\u0131n kendi siyasi g\u00fcc\u00fcn\u00fc artt\u0131rabilmesi i\u00e7in kendi istedi\u011fi do\u011frultuda devletin d\u00f6n\u00fc\u015ft\u00fcr\u00fclebilmesi i\u00e7in \u00f6zellikle de yarg\u0131ya y\u00f6nelik bir hakimiyet giri\u015fimi var. Bu nedenle pakete hay\u0131r oyu verece\u011fiz\u201d diye konu\u015ftu.<\/p>\n<p style=\"text-align: justify;\"><span style=\"color: #993300;\"><strong>Ya\u011fman\u0131n \u00f6n\u00fc a\u00e7\u0131lacak<\/strong><\/span><\/p>\n<p style=\"text-align: justify;\">TMMOB Mimarlar Odas\u0131 Genel Ba\u015fkan\u0131 Ey\u00fcp Muhcu, AKP\u2019nin Anayasa paketinin kabul edilmesi halinde, ya\u011fma ve talan ile kamusal varl\u0131klar\u0131n yok edilmesi s\u00fcrecinin tehlikeli boyutlara ula\u015faca\u011f\u0131 uyar\u0131s\u0131nda bulundu.<\/p>\n<p style=\"text-align: justify;\">TMMOB Mimarlar Odas\u0131 Genel Ba\u015fkan\u0131 Ey\u00fcp Muhcu, Anayasa de\u011fi\u015fiklik paketi ile ya\u011fman\u0131n \u00f6n\u00fcn\u00fcn a\u00e7\u0131laca\u011f\u0131n\u0131 s\u00f6yledi. Referandumda \u201cHay\u0131r\u201d oyu vereceklerini ifade eden Muhcu, \u201c\u00c7\u00fcnk\u00fc, AKP h\u00fck\u00fcmetinin haz\u0131rlad\u0131\u011f\u0131 ve kendi g\u00f6r\u00fc\u015f\u00fc olarak dayatt\u0131\u011f\u0131 Anayasa de\u011fi\u015fikli\u011fi paketine hay\u0131r demek gerekiyor. \u00d6ncelikle paketin haz\u0131rlanmas\u0131 s\u0131ras\u0131nda toplumun t\u00fcm kesimlerinin g\u00f6r\u00fc\u015fleri al\u0131nmad\u0131. TBMM \u00e7at\u0131s\u0131nda bile bir mutabakat aranmad\u0131. Uyar\u0131lar, ele\u015ftiriler ve de\u011ferlendirmeler hi\u00e7 bir \u015fekilde dikkate al\u0131nmad\u0131. Bu y\u00f6n\u00fcyle dayatma olarak g\u00fcndeme geldi\u011fi i\u00e7in \u2019Hay\u0131r\u2019 demek gerekiyor\u201d dedi.<\/p>\n<p style=\"text-align: justify;\"><span style=\"color: #993300;\"><strong>Otoriter politika uygulayacak<\/strong><\/span><\/p>\n<p style=\"text-align: justify;\">Paketin niteli\u011fi de\u011ferlendirildi\u011finde, T\u00fcrkiye\u2019nin bekledi\u011fi bir Anayasa de\u011fi\u015fikli\u011fi olmad\u0131\u011f\u0131na kaydeden Muhcu, \u201cMevcut Anayasa 12 Eyl\u00fcl\u2019\u00fcn bir devam\u0131 olarak y\u00fcr\u00fcrl\u00fc\u011fe sokulmu\u015ftur. \u00dcstelik, kimi de\u011fi\u015fikliklerin, yarg\u0131y\u0131 tasfiye etmek amac\u0131 g\u00fctt\u00fc\u011f\u00fc anla\u015f\u0131lmaktad\u0131r\u201d \u015feklinde konu\u015ftu.  Muhcu s\u00f6zlerini \u015f\u00f6yle tamamlad\u0131: \u201cK\u00fclt\u00fcrel y\u0131k\u0131m\u0131n, ya\u011fma, talan\u0131n ve kamusal varl\u0131klar\u0131n yok edilmesi s\u00fcrecinde yarg\u0131 organlar\u0131 taraf\u0131ndan al\u0131nan iptal kararlar\u0131n\u0131n ortadan kald\u0131r\u0131lmas\u0131 hedeflenmektedir. Bu kararlar\u0131 veren yarg\u0131n\u0131n devre d\u0131\u015f\u0131 b\u0131rak\u0131lmas\u0131 hedeflenmektedir. Bu nedenle de AKP\u2019nin Anayasa de\u011fi\u015fikli\u011fi paketine hay\u0131r demek gerekiyor. Refirandum paketinin kabul edilmesi halinde AKP\u2019nin daha otoriter, bask\u0131c\u0131 bir politika uygulayaca\u011f\u0131 da toplumun geni\u015f kesimleri taraf\u0131ndan payla\u015f\u0131lmaktad\u0131r. Duyarl\u0131 toplum kesimlerinin tamam\u0131n\u0131 \u2019Hay\u0131r\u2019 demeye davet ediyoruz.\u201d<\/p>\n<p style=\"text-align: justify;\"><span style=\"color: #993300;\"><strong>Adil yarg\u0131 pe\u015findeyim<\/strong><\/span><\/p>\n<p style=\"text-align: justify;\">H\u00fcrriyet gazetesi yazar\u0131 Ahmet Hakan, 12 Temmuz tarihli \u201cHay\u0131r diyen adam\u0131n k\u0131sa ve basit notlar\u0131\u201d ba\u015fl\u0131kl\u0131 yaz\u0131s\u0131nda, gerek\u00e7elerini \u015f\u00f6yle s\u0131ralad\u0131:<\/p>\n<p style=\"text-align: justify;\">\u201cReferandumda \u201dhay\u0131r\u201c diyece\u011fimi if\u015fa ettikten sonra&#8230; Baz\u0131 \u201ddini b\u00fct\u00fcn\u201c okurlar\u0131m, \u201d\u00d6l\u00fcm de var Ahmet Hakan&#8230; \u00d6teki d\u00fcnyada nas\u0131l hesap vereceksin?\u201c falan diye mesajlar sark\u0131tmaya ba\u015flamas\u0131n m\u0131? \u015ea\u015ft\u0131m kald\u0131m do\u011frusu&#8230; Sanki referandumda \u201dAllah\u2019\u0131n varl\u0131\u011f\u0131 ve birli\u011fi\u201c oylanacak.<\/p>\n<p style=\"text-align: justify;\"><span style=\"color: #993300;\"><strong>Fena halde budalaca<\/strong><\/span><\/p>\n<p style=\"text-align: justify;\">Baz\u0131lar\u0131 da \u015funu s\u00f6yl\u00fcyor: Hep iktidar m\u0131 yarg\u0131n\u0131n bask\u0131s\u0131 alt\u0131nda kalacak birader? B\u0131rak da bundan sonra yarg\u0131 iktidar\u0131n bask\u0131s\u0131 alt\u0131nda kals\u0131n. Bu yakla\u015f\u0131m\u0131n \u201cilkesizli\u011fini\u201d bir tarafa b\u0131raksak bile&#8230; Fena halde budalaca oldu\u011funu g\u00f6z ard\u0131 edemeyiz. \u201cBudalaca\u201d, \u00e7\u00fcnk\u00fc&#8230; \u015eunu g\u00f6z ard\u0131 ediyor: Diyelim ki Tayyip Erdo\u011fan iktidardan gitti ve yerine Kemal Bey ile Devlet Bey geldi&#8230; O zaman ne yap\u0131lacak? Yarg\u0131 Kemal Bey ile Devlet Bey\u2019in bask\u0131s\u0131 alt\u0131na girmi\u015f olmayacak m\u0131?<\/p>\n<p style=\"text-align: justify;\">O zaman&#8230; Yarg\u0131y\u0131 iktidar\u0131n bask\u0131s\u0131 alt\u0131na sokmak yerine, herkesin kabul edebilece\u011fi t\u00fcrden adam gibi bir reform yapmak gerekmez mi?<\/p>\n<p style=\"text-align: justify;\">Ben de T\u00fcrkiye\u2019deki y\u00fcksek yarg\u0131n\u0131n dar ve kat\u0131 laiklik yorumlar\u0131ndan hi\u00e7 ama memnun de\u011filim. T\u0131pk\u0131 Y\u00d6K\u2019ten memnun olmad\u0131\u011f\u0131m gibi&#8230; Ama y\u00fcksek yarg\u0131daki sorunlar\u0131n, \u201cY\u00fcksek yarg\u0131y\u0131 ele ge\u00e7irelim, olsun bitsin\u201d mant\u0131\u011f\u0131yla \u00e7\u00f6z\u00fclmesine itiraz ediyorum. T\u0131pk\u0131 Y\u00d6K sorununun, \u201cY\u00d6K\u2019\u00fc ele ge\u00e7irdik, oldu-bitti\u201d mant\u0131\u011f\u0131yla \u00e7\u00f6z\u00fclmesine itiraz etti\u011fim gibi. Ben mecbur muyum \u201cbunlar\u0131n yarg\u0131s\u0131\u201d ile \u201c\u015funlar\u0131n yarg\u0131s\u0131\u201d aras\u0131nda bir tercih yapmaya? \u201cBu zamana kadar \u2019bunlar\u2019 ekmek yedi, \u015fimdi de \u2019\u015funlar\u2019 ekmek yesin.\u201d<\/p>\n<p style=\"text-align: justify;\">Mesele bu mudur yani? E\u011fer buysa&#8230;<\/p>\n<p style=\"text-align: justify;\">Benden paso&#8230; Ben \u201cbunlar\u0131n yarg\u0131s\u0131\u201d ile \u201c\u015funlar\u0131n yarg\u0131s\u0131\u201d aras\u0131nda s\u0131k\u0131\u015f\u0131p kalmak yerine&#8230; \u201cAdil yarg\u0131\u201d pe\u015finde ko\u015fmak istiyorum.<\/p>\n<p style=\"text-align: justify;\">Kim inan\u0131r sizin ideallerinize?<\/p>\n<p style=\"text-align: justify;\">&#8230;K\u0131sacas\u0131: Uzla\u015facaks\u0131n\u0131z.<\/p>\n<p style=\"text-align: justify;\">Ba\u015fka \u00e7are yok. Bir de \u015fu var:<\/p>\n<p style=\"text-align: justify;\">Siz itiraz eden, \u201chay\u0131r\u201d diyen, kafas\u0131 yatmayan birileri seslerini hafiften y\u00fckseltmeye ba\u015flay\u0131nca&#8230; Hemen, \u201cY\u0131lan\u0131n ba\u015f\u0131 k\u00fc\u00e7\u00fckken ezilsin\u201d azmiyle&#8230; \u201cVay darbeci! Vay Ergenekoncu! Vay \u015fer cephesi! Vay \u015fu! Vay bu!\u201d diye \u00e7emkirme vaziyeti al\u0131rsan\u0131z&#8230;<\/p>\n<p style=\"text-align: justify;\">Kim inan\u0131r sizin y\u00fcksek ideallere sahip oldu\u011funuza?<\/p>\n<p style=\"text-align: justify;\">Kim inan\u0131r demokratik bir toplum tasavvuruna sahip oldu\u011funuza?<\/p>\n<p style=\"text-align: justify;\">Kim inan\u0131r \u00f6zg\u00fcrl\u00fckler i\u00e7in hareket etti\u011finize?<\/p>\n<p style=\"text-align: justify;\">\u015eu kadar\u0131n\u0131 s\u00f6yleyeyim:<\/p>\n<p style=\"text-align: justify;\">Kadir \u0130nan\u0131r bile inanmaz.<\/p>\n<p style=\"text-align: justify;\"><span style=\"color: #993300;\"><strong>Demokrasi a\u011fac\u0131 kuruyacak<\/strong><\/span><\/p>\n<p style=\"text-align: justify;\">H\u00fcrriyet gazetesi yazar\u0131 Tufan T\u00fcren\u00e7, 12 Temmuz 2010 tarihli \u201cDemokrasi mi otokrasi mi?\u201d ba\u015fl\u0131kl\u0131 yaz\u0131s\u0131nda vatanda\u015flar\u0131n AKP\u2019nin masallar\u0131na inanmamas\u0131n\u0131 istedi:<\/p>\n<p style=\"text-align: justify;\">\u201dHalk\u0131m\u0131z AKP ve yanda\u015flar\u0131n\u0131n s\u00f6yledikleri masallara inanmas\u0131n. Bu yap\u0131lan Anayasa de\u011fi\u015fikliklerinin T\u00fcrkiye\u2019ye demokrasi getirece\u011fi kocaman bir yaland\u0131r. E\u011fer halk\u0131m\u0131z referandumda Anayasa de\u011fi\u015fikli\u011fine \u201cEvet\u201d oyu verirse b\u00fcy\u00fcmesi i\u00e7in y\u0131llard\u0131r u\u011fra\u015ft\u0131\u011f\u0131m\u0131z demokrasi a\u011fac\u0131 kuruyacakt\u0131r.<\/p>\n<p style=\"text-align: justify;\"><span style=\"color: #993300;\"><strong>Yarg\u0131 ba\u011f\u0131ms\u0131zl\u0131\u011f\u0131 yara alacak<\/strong><\/span><\/p>\n<p style=\"text-align: justify;\">&#8230; Referandumda \u201cEvet\u201d \u00e7\u0131karsa T\u00fcrkiye\u2019de yarg\u0131 ba\u011f\u0131ms\u0131zl\u0131\u011f\u0131 ciddi \u015fekilde yara alacakt\u0131r. Yarg\u0131 tamamen siyasal iktidar\u0131n denetimi alt\u0131na girecek. Siyasi iktidar, h\u00e2kim ve savc\u0131lar\u0131n atanmas\u0131nda do\u011frudan etkili olacak.<\/p>\n<p style=\"text-align: justify;\">Bireylerin, kurumlar\u0131n yarg\u0131 g\u00fcvencesi ortadan kalkacak. \u00c7\u00fcnk\u00fc siyasal iktidar\u0131n emrindeki bir yarg\u0131 toplumun haklar\u0131n\u0131 g\u00f6zetmekten \u00e7ok iktidar\u0131n iste\u011fi do\u011frultusunda kararlar verecek. Bireyler ve kurumlar hukuki haklar\u0131n\u0131 aramada ciddi \u015fekilde zorlanacaklar.  Bug\u00fcn bunun \u00f6rneklerini \u00e7ok \u00f6zel yetkili mahkemelerin y\u00fcr\u00fctt\u00fc\u011f\u00fc yarg\u0131lamalarda g\u00f6r\u00fcyoruz.<\/p>\n<p style=\"text-align: justify;\"><strong><span style=\"color: #993300;\">Kurallar\u0131 \u00e7i\u011fniyor<\/span><\/strong><\/p>\n<p style=\"text-align: justify;\">AKP iktidar\u0131n\u0131n s\u0131cak bakmad\u0131\u011f\u0131 kurumlara, kurulu\u015flara, sendika ve derneklere kar\u015f\u0131 tutumunun ne kadar antidemokratik oldu\u011funu da g\u00f6r\u00fcyoruz.<\/p>\n<p style=\"text-align: justify;\">\u00c7\u00fcnk\u00fc AKP iktidar\u0131 y\u00fczde y\u00fcz biat eden bir toplum yaratmak istiyor. Demokrasiyi otokrasiye d\u00f6n\u00fc\u015ft\u00fcrmek i\u00e7in b\u00fct\u00fcn demokratik kurallar\u0131 \u00e7i\u011fneyerek Anayasa\u2019yla oynuyor. T\u00fcrkiye\u2019nin hukuk devleti olma niteli\u011fini bozuyor. Bu ger\u00e7ekleri halk\u0131m\u0131za anlatmak demokrasiye inanan herkesin en b\u00fcy\u00fck g\u00f6revidir.<\/p>\n<p style=\"text-align: justify;\">T\u00fcrkiye\u2019deki rejim \u00fc\u00e7 ayaktan olu\u015fan kuvvetler ayr\u0131l\u0131\u011f\u0131na dayan\u0131r.<\/p>\n<p style=\"text-align: justify;\">Bu ayaklardan biri yasama, yani millet iradesinin temsil edildi\u011fi Meclis\u2019tir.<\/p>\n<p style=\"text-align: justify;\">\u0130kincisi y\u00fcr\u00fctme, yani h\u00fck\u00fcmet.<\/p>\n<p style=\"text-align: justify;\">\u00dc\u00e7\u00fcnc\u00fcs\u00fc ve en \u00f6nemlisi de yarg\u0131d\u0131r.<\/p>\n<p style=\"text-align: justify;\">AKP iktidar\u0131n\u0131n kimseye dan\u0131\u015fmadan yapt\u0131\u011f\u0131 ve referanduma sundu\u011fu Anayasa de\u011fi\u015fikli\u011fiyle yarg\u0131n\u0131n ba\u011f\u0131ms\u0131zl\u0131\u011f\u0131 yok ediliyor.<\/p>\n<p style=\"text-align: justify;\">Bir \u00fclkede yarg\u0131 ba\u011f\u0131ms\u0131zl\u0131\u011f\u0131 yok edilip siyasi iktidar\u0131n emrine sokulursa o \u00fclkede hukuk devletinden s\u00f6z edilemez.<\/p>\n<p style=\"text-align: justify;\"><span style=\"color: #993300;\"><strong>Bindi\u011fi dal\u0131 kesecek<\/strong><\/span><\/p>\n<p style=\"text-align: justify;\">Hukuk devleti olmayan bir \u00fclkede demokrasi ya\u015fayamaz. Referandumda halk i\u015fte bu se\u00e7imi yapacakt\u0131r. Ya hukuk devletine sahip \u00e7\u0131kacak, ya da onun katledilmesine onay verecektir. E\u011fer iktidar\u0131n b\u00fcy\u00fck bir g\u00fcvenle bekledi\u011fi gibi referandumda \u201cevet\u201d oyu \u00e7\u0131karsa T\u00fcrkiye kendi bindi\u011fi demokrasi dal\u0131n\u0131 kesmi\u015f olacakt\u0131r.<\/p>\n<p style=\"text-align: justify;\"><span style=\"color: #993300;\"><strong>Yeni 12 Eyl\u00fcl dayatmas\u0131 ile kar\u015f\u0131 kar\u015f\u0131yay\u0131z<\/strong><\/span><\/p>\n<p style=\"text-align: justify;\">Ortado\u011fu gazetesi yazar\u0131 Orhan Karata\u015f, 12 Temmuz tarihli \u201cY\u0131k\u0131m sand\u0131\u011fa gidiyor\u201d ba\u015fl\u0131kl\u0131 yaz\u0131s\u0131nda vatanda\u015flar\u0131n bu f\u0131rsat\u0131 iyi de\u011ferlendirmesi gerekti\u011fini yazd\u0131. \u0130\u015fte Karata\u015f\u2019\u0131n yaz\u0131s\u0131ndan \u00f6nemli sat\u0131rba\u015flar\u0131: \u201cAnayasa de\u011fi\u015fikli\u011fi ile ilgili d\u00fc\u015f\u00fcncelerimiz de\u011ferli okuyucular\u0131m\u0131z\u0131n malumudur. \u201d12 Eyl\u00fcl\u2019\u00fcn s\u0131rr\u0131\u201c ba\u015fl\u0131kl\u0131 yaz\u0131m\u0131z\u0131n giri\u015fini bir defa daha hat\u0131rlatal\u0131m: Do\u011fru s\u00f6z vaktine \u00e7ekermi\u015f. AKP Anayasas\u0131 ile ilgili s\u00f6ylenenlerin ne kadar hakl\u0131 ve do\u011fru oldu\u011fu da garip bir tecelli ile 12 Eyl\u00fcl\u2019e \u00e7ekti. Referandumun yap\u0131laca\u011f\u0131 tarih sanki \u00f6zel bir mesaj veriyor. Yeni bir 12 Eyl\u00fcl dayatmas\u0131 ile kar\u015f\u0131 kar\u015f\u0131ya oldu\u011fumuzu y\u00fcz\u00fcm\u00fcze vuruyor.<\/p>\n<p style=\"text-align: justify;\"><span style=\"color: #993300;\"><strong>Evren\u2019in yerini Erdo\u011fan ald\u0131<\/strong><\/span><\/p>\n<p style=\"text-align: justify;\">Sadece bu kadar\u0131 bile bir de\u011fil birka\u00e7 defa d\u00fc\u015f\u00fcnmeyi gerektiriyor. Zaman de\u011fi\u015fiyor, teknoloji geli\u015fiyor, d\u00fcnya ilerliyor, ama bizim 30 y\u0131l sonra geldi\u011fimiz nokta yeni bir dayatma, yine bir vesayet oluyor. De\u011fi\u015fen sadece isimler, gerisi hep ayn\u0131. Kenan Evren\u2019in yerini Recep Tayyip Erdo\u011fan ald\u0131. \u0130htilalin \u00f6zel hesaplar\u0131n\u0131n yerinde AKP\u2019nin \u00f6zel menfaatleri var. Onlar da \u201d demokrasiye ge\u00e7iyoruz \u201c diye Anayasa yapt\u0131lar, bunlar da \u201d demokrasi getiriyoruz \u201c diye g\u00f6z boyuyorlar. Onlar da referandumun arkas\u0131na sakland\u0131lar, bunlar da referandum k\u0131l\u0131f\u0131n\u0131 sar\u0131l\u0131yorlar.<\/p>\n<p style=\"text-align: justify;\"><span style=\"color: #993300;\"><strong>H\u00fck\u00fcmetin sicili oylanacak<\/strong><\/span><\/p>\n<p style=\"text-align: justify;\">&#8230;Art\u0131k son s\u00f6z\u00fc 12 Eyl\u00fcl\u2019de T\u00fcrk milleti s\u00f6yleyecek. Referandumdan \u00e7\u0131kacak sonu\u00e7la ilgili tahminimiz de\u011fi\u015fmemi\u015ftir. Ak\u0131l, mant\u0131k, vicdan, \u00fclke \u015fartlar\u0131, d\u00fcnya ger\u00e7ekleri, d\u00fczenlemenin ortaya \u00e7\u0131karaca\u011f\u0131 sonu\u00e7lar bu de\u011fi\u015fikli\u011fin mutlaka reddedilmesi gerekti\u011fini s\u00f6yl\u00fcyor. Biz T\u00fcrk milletinin de ayn\u0131 y\u00f6nde bir karar verece\u011fini, kabul oylar\u0131n\u0131n y\u00fczde 30\u2019lar\u0131 ge\u00e7meyece\u011fini \u00f6ng\u00f6r\u00fcyoruz.  &#8230;T\u00fcrkiye bug\u00fcn tam bir ate\u015f \u00e7emberinin ortas\u0131ndad\u0131r. Her taraf\u0131ndan ku\u015fat\u0131lm\u0131\u015ft\u0131r. Millet y\u0131lg\u0131n, \u00fcmitsiz ve \u00e7aresizdir. Cumhuriyetimiz, milli birli\u011fimiz ve ba\u011f\u0131ms\u0131zl\u0131\u011f\u0131m\u0131z temellerinden sars\u0131l\u0131yor. Bu a\u011f\u0131r tabloya ra\u011fmen h\u00fck\u00fcmetin bir referandumu g\u00f6ze almas\u0131, asl\u0131nda nas\u0131l bir \u00e7aresizlik i\u00e7inde \u00e7\u0131rp\u0131nd\u0131\u011f\u0131n\u0131n da g\u00f6stergesidir. Ak\u0131betini g\u00f6rmeye ba\u015flam\u0131\u015ft\u0131r. Son bir hamle ile anayasa de\u011fi\u015ftirerek, iktidar sonras\u0131nda ba\u015f\u0131na geleceklere tedbir alma gayretindedir&#8230;  \u0130lk celse a\u00e7\u0131lm\u0131\u015ft\u0131r. T\u00fcrk milleti dikkatli olmal\u0131 ve \u00f6n\u00fcne \u00e7\u0131kan bu f\u0131rsat\u0131 iyi de\u011ferlendirmelidir.<\/p>\n<p style=\"text-align: justify;\"><span style=\"color: #808080;\">Haber Kayna\u011f\u0131 : <a href=\"http:\/\/www.yg.yenicaggazetesi.com.tr\/habergoster.php?haber=37456\" target=\"_blank\">yenicaggazetesi.com.tr<\/a><\/span><\/p>\n","protected":false},"excerpt":{"rendered":"<p style=\"text-align: center;\">\n<p style=\"text-align: justify;\">De\u011fi\u015fiklik paketinde halk\u0131n talebi yok<\/p>\n<p style=\"text-align: justify;\">12 Eyl\u00fclc\u00fc ruhunu de\u011fi\u015ftirmez<\/p>\n<p style=\"text-align: justify;\">TMMOB \u0130n\u015faat M\u00fchendisleri Odas\u0131 Genel Ba\u015fkan\u0131 H. Serdar Harp, AKP\u2019nin Anayasa paketine referandumda hay\u0131r diyeceklerini s\u00f6yledi. Harp, \u201cKi\u015fisel olarak ben \u2018hay\u0131r\u2019 diyorum. Y\u00f6netim de ayn\u0131 g\u00f6r\u00fc\u015fte. 12 Eyl\u00fcl, T\u00fcrkiye\u2019nin sosyal yap\u0131s\u0131n\u0131 olumsuz olarak de\u011fi\u015ftirdi. Demokratik hak ve <\/p>\n","protected":false},"author":1,"featured_media":0,"comment_status":"open","ping_status":"closed","sticky":false,"template":"","format":"standard","meta":{"footnotes":""},"categories":[105],"tags":[],"class_list":["post-24235","post","type-post","status-publish","format-standard","hentry","category-gundem","odd"],"_links":{"self":[{"href":"http:\/\/www.korhanyilmaz.com\/index.php?rest_route=\/wp\/v2\/posts\/24235","targetHints":{"allow":["GET"]}}],"collection":[{"href":"http:\/\/www.korhanyilmaz.com\/index.php?rest_route=\/wp\/v2\/posts"}],"about":[{"href":"http:\/\/www.korhanyilmaz.com\/index.php?rest_route=\/wp\/v2\/types\/post"}],"author":[{"embeddable":true,"href":"http:\/\/www.korhanyilmaz.com\/index.php?rest_route=\/wp\/v2\/users\/1"}],"replies":[{"embeddable":true,"href":"http:\/\/www.korhanyilmaz.com\/index.php?rest_route=%2Fwp%2Fv2%2Fcomments&post=24235"}],"version-history":[{"count":0,"href":"http:\/\/www.korhanyilmaz.com\/index.php?rest_route=\/wp\/v2\/posts\/24235\/revisions"}],"wp:attachment":[{"href":"http:\/\/www.korhanyilmaz.com\/index.php?rest_route=%2Fwp%2Fv2%2Fmedia&parent=24235"}],"wp:term":[{"taxonomy":"category","embeddable":true,"href":"http:\/\/www.korhanyilmaz.com\/index.php?rest_route=%2Fwp%2Fv2%2Fcategories&post=24235"},{"taxonomy":"post_tag","embeddable":true,"href":"http:\/\/www.korhanyilmaz.com\/index.php?rest_route=%2Fwp%2Fv2%2Ftags&post=24235"}],"curies":[{"name":"wp","href":"https:\/\/api.w.org\/{rel}","templated":true}]}}