{"id":24226,"date":"2010-07-14T23:01:01","date_gmt":"2010-07-14T23:01:01","guid":{"rendered":"http:\/\/www.korhanyilmaz.com\/?p=24226"},"modified":"2010-07-14T23:01:01","modified_gmt":"2010-07-14T23:01:01","slug":"%e2%80%9cmade-in-abd%e2%80%9d","status":"publish","type":"post","link":"http:\/\/www.korhanyilmaz.com\/?p=24226","title":{"rendered":"\u201cMADE IN ABD\u201d"},"content":{"rendered":"<p style=\"text-align: center;\"><a href=\"http:\/\/www.korhanyilmaz.com\/wp-content\/uploads\/2010\/07\/301.jpg\"  class=\"lightview\"><img loading=\"lazy\" decoding=\"async\" class=\"aligncenter size-full wp-image-24227\" src=\"http:\/\/www.korhanyilmaz.com\/wp-content\/uploads\/2010\/07\/301.jpg\" alt=\"\" width=\"419\" height=\"198\" \/><\/a><\/p>\n<p style=\"text-align: justify;\">Yeni\u00e7a\u011f Gazetesi Yazar\u0131 Arslan Bulut, emperyalizmin Anayasa de\u011fi\u015fikli\u011fi ve \u201cyarg\u0131 reformumuza\u201d yapt\u0131\u011f\u0131 katk\u0131lar\u0131n pe\u015fini b\u0131rakm\u0131yor. \u0130\u015fe, Gazeteci Y\u0131lmaz Polat\u2019\u0131n \u201cCIA Pen\u00e7esinde A\u00e7\u0131l\u0131m\u201d adl\u0131 kitab\u0131nda yer alan, \u201cAdalet Bakanl\u0131\u011f\u0131\u2019nda Bush zaman\u0131ndan beri Amerikal\u0131 bir dan\u0131\u015fman savc\u0131n\u0131n bulundu\u011fu\u201d bilgisiyle ba\u015flad\u0131. Ard\u0131ndan BM Kalk\u0131nma Program\u0131\u2019n\u0131n haz\u0131rlad\u0131\u011f\u0131 yol haritas\u0131n\u0131 g\u00fcndeme getirdi. Son olarak, \u201cYarg\u0131daki Kanadal\u0131 g\u00f6lgesine\u201d dikkat \u00e7ekti. <!--more--><\/p>\n<p style=\"text-align: justify;\">Adalet Bakanl\u0131\u011f\u0131, \u201cAmerikal\u0131 dan\u0131\u015fman savc\u0131\u201d iddias\u0131n\u0131 yalanlarken, \u015fu bilgiyi verdi:<\/p>\n<p style=\"text-align: justify;\">\u201cT\u00fcrkiye ile bir\u00e7ok yabanc\u0131 devlet aras\u0131nda oldu\u011fu gibi ABD ile de 1980 y\u0131l\u0131nda yap\u0131lm\u0131\u015f olan \u2018Su\u00e7lular\u0131n Geri Verilmesi ve Ceza \u0130\u015flerinde Kar\u015f\u0131l\u0131kl\u0131 Adli Yard\u0131mla\u015fma Antla\u015fmas\u0131\u2019 y\u00fcr\u00fcrl\u00fckte bulunmaktad\u0131r. Bunun d\u0131\u015f\u0131nda \u00fclkemiz ile ABD aras\u0131nda 2006 y\u0131l\u0131nda herhangi bir antla\u015fma yap\u0131lmam\u0131\u015ft\u0131r.\u201d<\/p>\n<p style=\"text-align: justify;\">Ancak ODATV\u2019den Bar\u0131\u015f Terko\u011flu 29 Haziran\u2019da yay\u0131nlanan \u201cBak\u0131n Amerika Ne S\u00f6yl\u00fcyor\u201d ba\u015fl\u0131kl\u0131 yaz\u0131s\u0131nda hem ABD Adalet Bakanl\u0131\u011f\u0131, hem de D\u0131\u015fi\u015fleri Bakanl\u0131\u011f\u0131 internet sitesinden derledi\u011fi resmi bilgilerle, ABD\u2019nin \u00f6zellikle PKK\u2019yla m\u00fccadele konusunda T\u00fcrkiye\u2019ye ne t\u00fcr \u201cdan\u0131\u015fmanl\u0131k\u201d hizmetleri verdi\u011fini ortaya \u00e7\u0131kard\u0131.<\/p>\n<p style=\"text-align: justify;\"><strong>ABD SAVCISI OLMADIYSA, T\u00dcRK SAVCILARINI G\u00d6T\u00dcR\u00dcR\u00dcZ <\/strong><\/p>\n<p style=\"text-align: justify;\">ABD\u2019nin g\u0131rtal\u0131\u011f\u0131na kadar Anayasa de\u011fi\u015fikli\u011fi ve yarg\u0131 reformunun i\u00e7inde oldu\u011funu g\u00f6steren bu iddia ve bilgiler yeterli bulunmuyorsa, bir belge daha sunal\u0131m.<\/p>\n<p style=\"text-align: justify;\">Bu belge, ABD D\u0131\u015fi\u015fleri Bakanl\u0131\u011f\u0131\u2019nca haz\u0131rlanan May\u0131s 2009 tarihli \u201c\u00d6zg\u00fcrl\u00fck ve Demokrasi \u0130lerleme Raporu\u201ddur. Buyurun, ABD\u2019nin kendi a\u011fz\u0131ndan \u201cyarg\u0131 reformumuz\u201d i\u00e7in \u00f6ncelikle kimler \u00fczerinde, hangi konularda, ne t\u00fcr \u00e7al\u0131\u015fmalar yap\u0131ld\u0131\u011f\u0131n\u0131 anlatan b\u00f6l\u00fcm:<\/p>\n<p style=\"text-align: justify;\">\u201cT\u00fcrkiye demokratik ve hukukun \u00fcst\u00fcnl\u00fc\u011f\u00fcne dayanan reform s\u00fcrecine devam etmelidir\u2026 ABD h\u00fck\u00fcmetinin ba\u015fl\u0131ca hedefleri, insan haklar\u0131na ve hukukun \u00fcst\u00fcnl\u00fc\u011f\u00fcne daha fazla de\u011fer veren, daha demokratik bir h\u00fck\u00fcmeti te\u015fvik etmek ve daha ba\u011f\u0131ms\u0131z ve tarafs\u0131z adliye de dahil demokratik, \u015feffaf ve sorumlu devlet kurumlar\u0131na olanak yaratacak anayasal de\u011fi\u015fiklikleri i\u00e7eren yasal reformlar\u0131 desteklemektir\u2026 ABD, hukukun \u00fcst\u00fcnl\u00fc\u011f\u00fcn\u00fcn ve modern, tarafs\u0131z bir adliyenin geli\u015ftirilmesine yard\u0131m amac\u0131yla \u00e7ok say\u0131da milletvekili, yerel siyasi lider, yarg\u0131\u00e7, adli yetkili, bas\u0131n mensubu, akademisyen ve sivil toplum \u00f6rg\u00fctlerinin yetkilileri ile toplum diplomasisi programlar\u0131 yoluyla temas kurdu ve objektif adliyenin geli\u015ftirilmesine yard\u0131m edecek e\u011fitimi art\u0131rd\u0131. 2008\u2019de \u00e7e\u015fitli programlar vas\u0131tas\u0131yla uzun s\u00fcrelerle ABD\u2019ye gelen 100\u2019den fazla ki\u015fi Amerikal\u0131 meslekta\u015flar\u0131 ile tan\u0131\u015ft\u0131, ABD\u2019nin politik, yarg\u0131 ve sosyal sistemlerinin yap\u0131 ve fonksiyonlar\u0131n\u0131 daha yak\u0131ndan tan\u0131d\u0131 ve ABD\u2019nin insan haklar\u0131 ve demokrasiyi ilerletmek i\u00e7in g\u00f6sterdi\u011fi \u00e7abalar\u0131 g\u00f6zlemledi. Amerikan de\u011ferlerini g\u00f6steren kamu diplomasisi, \u00fclkede ihtiya\u00e7 duyulan hukuk reformlar\u0131n\u0131n \u00f6nemini belirtebilecek liberal de\u011ferleri tan\u0131tmak bak\u0131m\u0131ndan \u00e7ok \u00f6nemlidir. Bu faaliyetler ABD konu\u015fmac\u0131 programlar\u0131n\u0131, m\u00fcbadeleleri, \u00fclkenin her taraf\u0131nda ABD g\u00f6revlilerinin halka hitap etmesi ve Enformasyon Kaynak Merkezleri arac\u0131l\u0131\u011f\u0131 ile do\u011fru bilgilerin ula\u015ft\u0131r\u0131lmas\u0131n\u0131 da kapsar\u2026 ABD g\u00f6revlileri, insan haklar\u0131 meselelerini tart\u0131\u015fmak, yeni g\u00f6r\u00fc\u015fleri i\u015fitmek ve b\u00fcy\u00fck \u015fehir ortamlar\u0131n\u0131n \u00f6tesinde ortaklar aramak i\u00e7in \u00fclkenin her taraf\u0131na gider. ABD g\u00f6revlileri, ABD siyasetini ve Amerikan de\u011ferlerini a\u00e7\u0131klamak, T\u00fcrk-Amerikan ortak \u00e7\u0131karlar\u0131n\u0131 belirtmek amac\u0131yla konferanslara, seminerlere ve programlara kat\u0131l\u0131r\u2026 ABD, sivil toplumun geli\u015fmesi ve onun rol\u00fcn\u00fcn anla\u015f\u0131lmas\u0131n\u0131 daha da ileri g\u00f6t\u00fcrmek amac\u0131yla din ve toplum, demokraside sivil toplumun \u00f6nemi, etnik gruplar\u0131n bulundu\u011fu toplumlarda \u00e7e\u015fitlili\u011fin y\u00f6netimi ve g\u00fczel sanatlar yoluyla ho\u015fg\u00f6r\u00fcn\u00fcn te\u015fvik edilmesine ili\u015fkin ziyaret\u00e7i programlar\u0131n\u0131 destekledi. ST\u00d6 ve dini liderlere sunulan ziyaret\u00e7i programlar\u0131 da istikrarl\u0131 ve g\u00fcvenilir politik s\u00fcrecin de\u011ferini ve \u00e7ok sesli, dini ve etnik bak\u0131mdan \u00e7e\u015fitli, ho\u015fg\u00f6r\u00fcl\u00fc toplumun faydalar\u0131n\u0131 te\u015fvik etmekte \u00f6nemli rol oynad\u0131. Konular ise ABD\u2019nin yasama, yarg\u0131 ve sosyal sistemleri, ABD\u2019nde hukukun \u00fcst\u00fcnl\u00fc\u011f\u00fc ve Amerikan hayat\u0131nda din ve dini kurumlar\u0131n rol\u00fcn\u00fc kapsad\u0131. \u00d6\u011frenci lider de\u011fi\u015fimi yaz program\u0131 da, yerel liderlerin gelecek neslini ayn\u0131 ABD kurumlar\u0131, gelenekleri ve s\u00fcreci konusunda bilgilendirerek bu projeleri tamamlam\u0131\u015f oldu. ABD g\u00f6revlileri \u00f6zg\u00fcr ifadenin daha fazla korunmas\u0131, M\u00fcsl\u00fcmanl\u0131k d\u0131\u015f\u0131ndaki dinlerin haklar\u0131na sayg\u0131 duyulmas\u0131, azl\u0131klara ve azl\u0131klar\u0131n g\u00f6r\u00fc\u015flerine ho\u015fg\u00f6r\u00fcl\u00fc davran\u0131lmas\u0131 gibi kapsaml\u0131 reformlara devam edilmesini te\u015fvik amac\u0131yla muntazam olarak yasama ve y\u00fcr\u00fctme organlar\u0131n\u0131n, ayn\u0131 zamanda yarg\u0131 organ\u0131n\u0131n \u00fcyeleri ile g\u00f6r\u00fc\u015fmektedir.\u201d<\/p>\n<p style=\"text-align: justify;\"><strong>ABD\u2019N\u0130N SOMUT \u201cTE\u015eV\u0130KLER\u0130\u201d <\/strong><\/p>\n<p style=\"text-align: justify;\">ABD D\u0131\u015fi\u015fleri Bakanl\u0131\u011f\u0131 raporunda, T\u00fcrkiye\u2019nin hukuk reformuna yap\u0131lan somut katk\u0131lar hakk\u0131nda da \u015funlar anlat\u0131l\u0131yor:<\/p>\n<p style=\"text-align: justify;\">\u201cABD h\u00fck\u00fcmeti, \u00fclkede hukuk reformlar\u0131n\u0131 ilerletme \u00e7abalar\u0131n\u0131 art\u0131rmak amac\u0131yla, ceza yarg\u0131lamas\u0131n\u0131n dava \u00f6ncesi a\u015famas\u0131ndaki \u00e7\u00f6z\u00fcmler konusunda 45 savc\u0131 ve yarg\u0131c\u0131n kat\u0131ld\u0131\u011f\u0131 bir konferansa ev sahipli\u011fi yapt\u0131. Konferansta ceza pazarl\u0131\u011f\u0131 y\u00f6nteminin kabul\u00fc te\u015fvik edildi. ABD, T\u00fcrkiye, di\u011fer Avrupa \u00fclkeleri ve Irak aras\u0131nda hukuk alan\u0131nda i\u015fbirli\u011fini daha da geli\u015ftirmek, profesyonel adli standartlar\u0131 kuvvetlendirmek ve hukukun \u00fcst\u00fcnl\u00fc\u011f\u00fcn\u00fc uygulamak i\u00e7in ter\u00f6ristlerin iadesi konusunda bir konferansa da Adalet Bakanl\u0131\u011f\u0131 ile birlikte ev sahipli\u011fi yapt\u0131. ABD h\u00fck\u00fcmeti ayn\u0131 zamanda ter\u00f6rizm alan\u0131ndaki yasalar, \u00e7ocuklarla ilgili konular ve iki taraf\u0131 ilgilendiren di\u011fer yasal alanlardaki en iyi uygulamalar\u0131 g\u00f6zlemlemeleri amac\u0131yla, savc\u0131lar i\u00e7in ABD\u2019de bir inceleme turu d\u00fczenledi. \u00dclkenin insan ticaretine son vermesine yard\u0131m etmek ABD\u2019nin \u00f6ncelik verdi\u011fi bir konu olmaya devam etmektedir. ABD g\u00f6revlileri insan ticareti aleyhine faaliyet g\u00f6steren \u00f6nc\u00fc kurumlar, uluslararas\u0131 \u00f6rg\u00fctler ve ST\u00d6\u2019ler ile yak\u0131n ili\u015fki i\u00e7inde olmaya devam etti. ABD, bir ABD g\u00f6revlisinin, ABD\u2019nin modern g\u00fcn\u00fcm\u00fczdeki k\u00f6leli\u011fi ortadan kald\u0131rmak konusunda \u0131srar\u0131n\u0131 vurgulamak amac\u0131yla Aral\u0131k 2008\u2019de \u00fcst d\u00fczey devlet yetkilileri, sivil toplum ve uluslararas\u0131 \u00f6rg\u00fctlerin temsilcileri ile g\u00f6r\u00fc\u015ft\u00fc\u011f\u00fc \u00fc\u00e7 g\u00fcnl\u00fck seyahati destekledi. Bu alandaki kamu diplomasisi programlar\u0131 \u00fclkenin g\u00fcneydo\u011fusunda kad\u0131n ve k\u0131zlar\u0131n ekonomik, hukuki ve sosyal bak\u0131mlardan g\u00fc\u00e7lendirilmesi ama\u00e7l\u0131 d\u00f6rt projeyi kapsad\u0131.\u201d<\/p>\n<p style=\"text-align: justify;\"><strong>ADALET BAKANI\u2019NIN \u0130T\u0130RAFLARI <\/strong><\/p>\n<p style=\"text-align: justify;\">Hadi bu raporu da \u00e7\u00f6pe atal\u0131m. Anayasa ve yarg\u0131 reformunun, tamamen \u201cMade in Turkey\u201d oldu\u011funu ve T\u00fcrk Milleti i\u00e7in yap\u0131ld\u0131\u011f\u0131 iddias\u0131n\u0131 s\u00fcrd\u00fcren iktidar\u0131n Adalet Bakan\u0131 Sadullah Ergin\u2019e kulak verelim.<\/p>\n<p style=\"text-align: justify;\">Son bir hafta i\u00e7inde iki \u00f6nemli a\u00e7\u0131klamas\u0131 oldu. Birincisi d\u00fcn TBMM Genel Kurulu\u2019nda CHP\u2019li Ali \u0130hsan K\u00f6kt\u00fcrk\u2019\u00fcn ele\u015ftirileri \u00fczerine yapt\u0131\u011f\u0131 g\u00fcndem d\u0131\u015f\u0131 konu\u015fmada s\u00f6yledikleriydi. Ergin, \u201cAnayasa de\u011fi\u015fikli\u011finin, AB\u2019ye \u00fcyelik yolunda g\u00f6r\u00fc\u015fme fas\u0131llar\u0131n\u0131n a\u00e7\u0131lmas\u0131 i\u00e7in gerekli oldu\u011funu ve de\u011fi\u015fikliklerin Avrupa\u2019daki hukuk otoritelerinden de destek g\u00f6rd\u00fc\u011f\u00fcn\u00fc\u201d bildirdi.<\/p>\n<p style=\"text-align: justify;\">Bu s\u00f6zlerden anlad\u0131\u011f\u0131m\u0131z \u015fu; Demek ki K\u0131br\u0131s Rum kesimi ve Fransa\u2019n\u0131n bloke etti\u011fi 8-10 ba\u015fl\u0131k orada dururken, AB, uyduruk birka\u00e7 ba\u015fl\u0131k a\u00e7mak i\u00e7in \u015fimdi de \u201cAnayasa de\u011fi\u015fikli\u011fi ve yarg\u0131 reformu\u201d dayatmas\u0131nda bulunuyor ve biz ger\u00e7eklere g\u00f6z\u00fcm\u00fcz\u00fc kapat\u0131p, kabul ediyoruz. Veya iktidar her zamanki gibi, yine AB bahanesine s\u0131\u011f\u0131n\u0131yor. Her hal\u00fckarda \u201creformun\u201d, \u201cMade in Turkey\u201d olmad\u0131\u011f\u0131, Bakan\u0131n a\u011fz\u0131ndan tescilleniyor!..<\/p>\n<p style=\"text-align: justify;\">Zaten \u00f6nceki Adalet Bakan\u0131 Mehmet Ali \u015eahin, yarg\u0131 reform tasla\u011f\u0131n\u0131 en \u00f6nce AB\u2019nin geni\u015flemeden sorumlu \u00fcyesi Olli Rehn\u2019e takdim etmemi\u015f miydi?<\/p>\n<p style=\"text-align: justify;\">Adalet Bakan\u0131\u2019n\u0131n di\u011fer iki \u00f6nemli itiraf\u0131 ise 11 Temmuz\u2019da Zaman Gazetesi\u2019nde yay\u0131nlanan r\u00f6portaj\u0131n sat\u0131r aralar\u0131nda gizliydi.<\/p>\n<p style=\"text-align: justify;\">\u201cYarg\u0131daki temel sorunlar\u0131 \u00e7\u00f6zmedi\u011fi i\u00e7in \u2018paket bir reform de\u011fil\u2019 iddialar\u0131n\u0131\u201d \u015f\u00f6yle cevapland\u0131rd\u0131:<\/p>\n<p style=\"text-align: justify;\">\u201cYarg\u0131 reformu stratejisinde yarg\u0131n\u0131n sorunlar\u0131na bir b\u00fct\u00fcn olarak bak\u0131\u015f a\u00e7\u0131s\u0131 getirdik. Yarg\u0131n\u0131n t\u00fcm sorunlar\u0131 masaya yat\u0131r\u0131lm\u0131\u015f ve \u00e7\u00f6z\u00fcm \u00f6nerileri ortaya konulmu\u015ftur. Bu belge, Avrupa Komisyonu\u2019nca do\u011fru y\u00f6nde at\u0131lm\u0131\u015f bir ad\u0131m olarak 2009 ilerleme raporuna girdi. Ancak anayasa paketi i\u00e7erisinde getirilen d\u00fczenlemeler k\u0131sa vadeli de\u011fi\u015fikliklerdir. Orta ve uzun vadeli hedefler i\u00e7erisinde bilirki\u015filik, alternatif uyu\u015fmazl\u0131k \u00e7\u00f6z\u00fcm yollar\u0131, alternatif infaz y\u00f6ntemleri dahil t\u00fcm sorunlara \u00e7\u00f6z\u00fcm yollar\u0131 \u00f6nerilmi\u015ftir.\u201d<\/p>\n<p style=\"text-align: justify;\">Yani bir kez daha \u201cAnayasa paketinin\u201d AB\u2019nin istekleri do\u011frultusunda haz\u0131rland\u0131\u011f\u0131n\u0131 a\u00e7\u0131klam\u0131\u015f olmakla kalmad\u0131, \u201carkas\u0131 var\u201d demeye getirdi.<\/p>\n<p style=\"text-align: justify;\"><strong>T\u00dcRK M\u0130LLET\u0130 DE\u011e\u0130L, COR\u00c7 \u0130\u00c7\u0130N VEYA TAR\u0130H\u0130N TEKERR\u00dcR\u00dc <\/strong><\/p>\n<p style=\"text-align: justify;\">Adalet Bakan\u0131 Ergin, Anayasa paketinin halka nas\u0131l \u201ci\u015f ve a\u015f\u201d getirece\u011fini anlat\u0131rken s\u00f6yledikleri ise \u201cyarg\u0131 reformunun\u201d ger\u00e7ekte kimler i\u00e7in yap\u0131ld\u0131\u011f\u0131n\u0131n itiraf\u0131yd\u0131. \u0130\u015fte Bakan Ergin\u2019in o s\u00f6zleri:<\/p>\n<p style=\"text-align: justify;\">\u201cBu \u00fclkede yat\u0131r\u0131m yapacak sermaye sahipleri, \u00f6nce g\u00fcven veren bir adalet mekanizmas\u0131 var m\u0131, yok mu diye bak\u0131yor. Yapt\u0131\u011f\u0131 yat\u0131r\u0131m\u0131n g\u00fcvencesi olup olmad\u0131\u011f\u0131na bak\u0131yor. Hi\u00e7bir yat\u0131r\u0131mc\u0131 kendi sermayesiyle kumar oynamak istemez. Bu a\u00e7\u0131dan, T\u00fcrkiye\u2019de g\u00fcven veren adalet sisteminin kuruluyor olmas\u0131, bu \u00fclkeye ilave yat\u0131r\u0131m gelmesi, yeni istihdam olu\u015fmas\u0131, a\u015f demek, i\u015f demek, ekmek demek. \u00d6zelle\u015ftirme uygulamalar\u0131nda y\u00fcksek yarg\u0131n\u0131n verdi\u011fi \u00e7eli\u015fkili kararlar, yat\u0131r\u0131mc\u0131lar\u0131 cayd\u0131racak i\u00e7tihatlar, bu konuda T\u00fcrkiye&#8217;nin yerli ve k\u00fcresel sermayeye g\u00fcven veren adalet sisteminde teredd\u00fcde yol a\u00e7m\u0131\u015ft\u0131r. Yarg\u0131 reformu strateji belgesi g\u00fcven veren bir adalet sistemini benimsedi\u2026\u201d<\/p>\n<p style=\"text-align: justify;\">Yani Ba\u015fbakan Erdo\u011fan\u2019\u0131n Ofer\u2019in Galataport projesi ve may\u0131nl\u0131 arazilerin \u0130srail\u2019e verilmesi tart\u0131\u015fmalar\u0131 s\u0131ras\u0131nda s\u00f6yledi\u011fi, \u201cParan\u0131n dini, milleti, \u0131rk\u0131 olmaz\u2026 Burada \u0130zak \u00e7al\u0131\u015fmayacak ya, Ahmet, Mehmet \u00e7al\u0131\u015facak. \u0130\u015fte i\u015fsizli\u011fi a\u015f\u0131yoruz. Bak karde\u015fim o Cor\u00e7 olsun. Gelsin yat\u0131r\u0131m\u0131n\u0131 yaps\u0131n. Burada fabrikay\u0131 kurdu\u011fu zaman, buradan gitse fabrikay\u0131 al\u0131p da m\u0131 gidecek? Kim yan\u0131nda istihdam edilecek? Ahmet, Mehmet, Ay\u015fe, Fatma. Pazar\u0131 haz\u0131r\u2026\u201d \u015feklindeki s\u00f6zlerin \u201chukuk\u00e7as\u0131\u201d!..<\/p>\n<p style=\"text-align: justify;\">Bat\u0131l\u0131lar\u0131n, kapit\u00fclasyonlar\u0131n\u0131n sa\u011flama almak i\u00e7in Osmanl\u0131\u2019ya dayatt\u0131klar\u0131 veya Sevr\u2019de \u00f6n\u00fcm\u00fcze koyduklar\u0131 \u201cyarg\u0131 reformlar\u0131n\u0131\u201d bilmeyen yoktur. Ancak \u201cCor\u00e7\u201d meselesine pek benzeyen iki somut olay\u0131, Halil Ersin Avc\u0131\u2019n\u0131n derledi\u011fi \u201c\u0130ngiliz Gizli Raporu T\u00fcrkiye 1908\u201d adl\u0131 kitab\u0131ndan aktaral\u0131m. D\u00f6nemin \u0130stanbul\u2019daki \u0130ngiliz B\u00fcy\u00fckel\u00e7isi, Londra\u2019ya g\u00f6nderdi\u011fi gizli raporda, \u201cBasra\u2019daki ipotekler\u201d ve \u201cHudeyde\u2019deki Yarg\u0131\u00e7 Muavini\u201d hakk\u0131nda \u015funlar\u0131 anlat\u0131r:<\/p>\n<p style=\"text-align: justify;\">\u201cT\u00fcrk yetkililer, -\u00f6zellikle Suriye ve Filistin\u2019de- m\u00fclklerin yabanc\u0131lara devrine izin vermede g\u00f6n\u00fcls\u00fcz\u2026 Basra olay\u0131nda iki firma, Gray, Mackenzie ve ortaklar\u0131 ile France, Frenwick ve ortaklar\u0131, kendi firmalar\u0131na ait olan m\u00fclklerin \u0130ngiliz vatanda\u015flar\u0131na devretmek istediler. Yerel otoriteler, bu devire izin vermeyi reddettiler ve \u00e7ok daha a\u015fa\u011f\u0131 derecede g\u00fcvence sunan di\u011fer tedbirler yeniden uygulanmak zorunda kal\u0131nd\u0131. El\u00e7ilik, ge\u00e7en Temmuz \u00f6ncesinden beri bu sorunla ilgileniyordu. Ancak i\u00e7inde bulundu\u011fumuz de\u011fi\u015fim d\u00f6neminde hala halledilemedi. Devlet \u015euras\u0131 ge\u00e7enlerde, \u0130ngiliz vatanda\u015flar\u0131n\u0131n sahip olduklar\u0131 m\u00fclkleri, di\u011ferlerine devretme hakk\u0131n\u0131 a\u00e7\u0131k\u00e7a tan\u0131yan bir karar verdi. Bu karar\u0131n, bahsedilen iki \u00f6zel olay\u0131n yard\u0131m\u0131na \u00e7ok ge\u00e7 geldi\u011finin g\u00f6r\u00fclmesine ra\u011fmen, yerle\u015ftirdi\u011fi prensip, gelecekte ba\u015fvurmak i\u00e7in yeterli olacakt\u0131r.\u201d<\/p>\n<p style=\"text-align: justify;\">\u201cOlay, Hudeyde\u2019deki Ticaret Mahkemesinin, yabanc\u0131 muavinleri i\u00e7ine almay\u0131 reddetmesi sebebiyle meydana gelmi\u015ftir. \u0130mparatorlu\u011fun b\u00fcy\u00fck bir k\u0131sm\u0131nda var olan Avrupa benzeri yarg\u0131 sistemi, hi\u00e7bir zaman Yemen\u2019e uygulanmad\u0131 ve Adliye Naz\u0131r\u0131, yabanc\u0131lar\u0131n kabul\u00fc y\u00f6n\u00fcnde herhangi bir ad\u0131m atma konusunda olduk\u00e7a g\u00f6n\u00fcls\u00fczd\u00fc. Hudeyde\u2019deki Ticaret Mahkemesinde \u00f6zel bir \u0130ngiliz davas\u0131 oldu. El\u00e7ilik, kuvvetli bir \u015fekilde yarg\u0131\u00e7 muavinlerinin mahkemede g\u00f6rev almas\u0131n\u0131n kabul\u00fc konusunda \u0131srar etti. Temmuz\u2019dan biraz \u00f6nce Bab-\u0131 Ali\u2019den lehte bir karar elde edildi, ancak Adliye Naz\u0131r\u0131\u2019n\u0131n muhalefeti nedeniyle sorun ask\u0131da kald\u0131. D\u00fcr\u00fcst olmas\u0131na kar\u015f\u0131n, ya\u015fl\u0131, inat\u00e7\u0131 ve g\u00f6zden d\u00fc\u015fm\u00fc\u015f olan Abdurrahman Pa\u015fa, de\u011fi\u015fimin ilk kurbanlar\u0131ndan birisiydi ve ortadan kaybolmas\u0131ndan sonra Bab-\u0131 Ali\u2019nin verdi\u011fi karar\u0131n uygulanmas\u0131nda hi\u00e7biri zorluk \u00e7ekilmedi.\u201d<\/p>\n<p style=\"text-align: justify;\"><a href=\"http:\/\/www.odatv.com\/n.php?n=made-in-abd-1407101200\" target=\"_blank\">Kaynak : M\u00fcyesser Y\u0131ld\u0131z &#8211; Odatv.com<\/a><\/p>\n","protected":false},"excerpt":{"rendered":"<p style=\"text-align: center;\">\n<p style=\"text-align: justify;\">Yeni\u00e7a\u011f Gazetesi Yazar\u0131 Arslan Bulut, emperyalizmin Anayasa de\u011fi\u015fikli\u011fi ve \u201cyarg\u0131 reformumuza\u201d yapt\u0131\u011f\u0131 katk\u0131lar\u0131n pe\u015fini b\u0131rakm\u0131yor. \u0130\u015fe, Gazeteci Y\u0131lmaz Polat\u2019\u0131n \u201cCIA Pen\u00e7esinde A\u00e7\u0131l\u0131m\u201d adl\u0131 kitab\u0131nda yer alan, \u201cAdalet Bakanl\u0131\u011f\u0131\u2019nda Bush zaman\u0131ndan beri Amerikal\u0131 bir dan\u0131\u015fman savc\u0131n\u0131n bulundu\u011fu\u201d bilgisiyle ba\u015flad\u0131. Ard\u0131ndan BM Kalk\u0131nma Program\u0131\u2019n\u0131n haz\u0131rlad\u0131\u011f\u0131 yol haritas\u0131n\u0131 g\u00fcndeme getirdi. Son olarak, \u201cYarg\u0131daki <\/p>\n","protected":false},"author":1,"featured_media":0,"comment_status":"open","ping_status":"closed","sticky":false,"template":"","format":"standard","meta":{"footnotes":""},"categories":[16],"tags":[],"class_list":["post-24226","post","type-post","status-publish","format-standard","hentry","category-kose-yazilari","odd"],"_links":{"self":[{"href":"http:\/\/www.korhanyilmaz.com\/index.php?rest_route=\/wp\/v2\/posts\/24226","targetHints":{"allow":["GET"]}}],"collection":[{"href":"http:\/\/www.korhanyilmaz.com\/index.php?rest_route=\/wp\/v2\/posts"}],"about":[{"href":"http:\/\/www.korhanyilmaz.com\/index.php?rest_route=\/wp\/v2\/types\/post"}],"author":[{"embeddable":true,"href":"http:\/\/www.korhanyilmaz.com\/index.php?rest_route=\/wp\/v2\/users\/1"}],"replies":[{"embeddable":true,"href":"http:\/\/www.korhanyilmaz.com\/index.php?rest_route=%2Fwp%2Fv2%2Fcomments&post=24226"}],"version-history":[{"count":0,"href":"http:\/\/www.korhanyilmaz.com\/index.php?rest_route=\/wp\/v2\/posts\/24226\/revisions"}],"wp:attachment":[{"href":"http:\/\/www.korhanyilmaz.com\/index.php?rest_route=%2Fwp%2Fv2%2Fmedia&parent=24226"}],"wp:term":[{"taxonomy":"category","embeddable":true,"href":"http:\/\/www.korhanyilmaz.com\/index.php?rest_route=%2Fwp%2Fv2%2Fcategories&post=24226"},{"taxonomy":"post_tag","embeddable":true,"href":"http:\/\/www.korhanyilmaz.com\/index.php?rest_route=%2Fwp%2Fv2%2Ftags&post=24226"}],"curies":[{"name":"wp","href":"https:\/\/api.w.org\/{rel}","templated":true}]}}