{"id":24222,"date":"2010-07-15T14:01:42","date_gmt":"2010-07-15T14:01:42","guid":{"rendered":"http:\/\/www.korhanyilmaz.com\/?p=24222"},"modified":"2010-07-15T14:01:42","modified_gmt":"2010-07-15T14:01:42","slug":"erdogan-ve-kilicdaroglu-ilk-kez-gorustu","status":"publish","type":"post","link":"http:\/\/www.korhanyilmaz.com\/?p=24222","title":{"rendered":"Erdo\u011fan ve K\u0131l\u0131\u00e7daro\u011flu ilk kez g\u00f6r\u00fc\u015ft\u00fc"},"content":{"rendered":"<p style=\"text-align: center;\"><a href=\"http:\/\/www.korhanyilmaz.com\/wp-content\/uploads\/2010\/07\/300.jpg\"  class=\"lightview\"><img loading=\"lazy\" decoding=\"async\" class=\"aligncenter size-full wp-image-24223\" src=\"http:\/\/www.korhanyilmaz.com\/wp-content\/uploads\/2010\/07\/300.jpg\" alt=\"\" width=\"307\" height=\"236\" \/><\/a><\/p>\n<p style=\"text-align: justify;\">Ba\u015fbakan Recep Tayyip Erdo\u011fan ve Ana Muhalefet Partisi CHP&#8217;nin lideri Kemal K\u0131l\u0131\u00e7daro\u011flu bug\u00fcn bir araya geldi. K\u0131l\u0131\u00e7daro\u011flu&#8217;nun Meclis&#8217;teki makam odas\u0131nda yap\u0131lan g\u00f6r\u00fc\u015fmede ter\u00f6r konu\u015fuldu. K\u0131l\u0131\u00e7daro\u011flu g\u00f6r\u00fc\u015fme sonras\u0131, &#8220;Ter\u00f6r\u00fcn sonlanmas\u0131 i\u00e7in katk\u0131 vermek gerekiyorsa seve seve veririz&#8221; dedi. Ba\u015fbakan Erdo\u011fan da yar\u0131n saat 11.00&#8217;de g\u00f6r\u00fc\u015fmelerle ilgili bir a\u00e7\u0131klama yapacak.<!--more--><\/p>\n<p style=\"text-align: justify;\">K\u0131l\u0131\u00e7daro\u011flu&#8217;nun TBMM&#8217;deki odas\u0131nda ger\u00e7ekle\u015fen g\u00f6r\u00fc\u015fme yakla\u015f\u0131k 1.5 saat s\u00fcrd\u00fc.<\/p>\n<p style=\"text-align: justify;\">K\u0131l\u0131\u00e7daro\u011flu, Ba\u015fbakan Erdo\u011fan&#8217;\u0131 makam odas\u0131n\u0131n d\u0131\u015f\u0131na kadar \u00e7\u0131karak u\u011furlad\u0131. \u0130ki lider gazetecilere vedala\u015f\u0131rken yeniden g\u00f6r\u00fcnt\u00fc verdi.<\/p>\n<p style=\"text-align: justify;\">Erdo\u011fan yar\u0131n saat 11.00&#8217;deki \u0130l Ba\u015fkanlar\u0131 Toplant\u0131s\u0131&#8217;nda muhalefetle g\u00f6r\u00fc\u015fme trafi\u011fine ili\u015fkin a\u00e7\u0131klama yapaca\u011f\u0131n\u0131 belirtirken K\u0131l\u0131\u00e7daro\u011flu, g\u00f6r\u00fc\u015fmenin hemen ard\u0131ndan bir bas\u0131n toplant\u0131s\u0131 d\u00fczenledi.<\/p>\n<p style=\"text-align: justify;\">G\u00f6r\u00fc\u015fme \u00e7\u0131k\u0131\u015f\u0131nda gazetecilerin sorular\u0131n\u0131 yan\u0131tlayan Ba\u015fbakan Erdo\u011fan, &#8220;G\u00f6r\u00fc\u015fmeler olumlu mu?&#8221; sorusu \u00fczerine de &#8220;Hepsini yar\u0131n konu\u015faca\u011f\u0131z. Bu t\u00fcr \u015feylere girersem yanl\u0131\u015f olur&#8221; dedi.<\/p>\n<p style=\"text-align: justify;\">&#8220;Bundan sonra muhalefetle yine bir araya gelir misiniz?&#8221; sorusuna da Erdo\u011fan, &#8220;Arzu ederim&#8230; Tabii s\u00fcrekli benim davetim de\u011fil, isterim ki onlar da belli konularda \u015fu konuyu g\u00f6r\u00fc\u015fmek \u00fczere bir araya gelsek&#8217; diye de sadece ana muhalefet de\u011fil, muhalefetten de s\u00fcrekli bir araya gelerek \u00fclkenin gelece\u011fine y\u00f6nelik bir ortak akl\u0131 olu\u015fturmakta her zaman i\u00e7in fayda var&#8221; kar\u015f\u0131l\u0131\u011f\u0131n\u0131 verdi.<\/p>\n<p style=\"text-align: justify;\">&#8220;\u0130ki muhalefet partisiyle g\u00f6r\u00fc\u015fmeyece\u011finizi s\u00f6ylemi\u015ftiniz. Fikrinizde bir de\u011fi\u015fiklik var m\u0131?&#8221; sorusuna da Erdo\u011fan, &#8220;\u015eu anda yok&#8221; yan\u0131t\u0131n\u0131 verdi.<\/p>\n<p style=\"text-align: justify;\"><strong>K\u0131l\u0131\u00e7daro\u011flu ne istedi? <\/strong><\/p>\n<p style=\"text-align: justify;\">CHP lideri K\u0131l\u0131\u00e7daro\u011flu ise, g\u00f6r\u00fc\u015fmede dile getirdikleri \u00f6nerileri \u015f\u00f6yle s\u0131ralad\u0131:<\/p>\n<p style=\"text-align: justify;\">&#8220;Say\u0131n Ba\u015fbakan&#8217;a demokrasinin g\u00fc\u00e7lenmesi ve halk\u0131n idaresinin parlamentoya yans\u0131mas\u0131 i\u00e7in se\u00e7im baraj\u0131n\u0131n indirilmesini ifade ettik, bu konuda kanun teklifi verdi\u011fimizi s\u00f6yledik. Do\u011fal yarg\u0131\u00e7 ilkesine ayk\u0131r\u0131 olan ve kamu vicdan\u0131n\u0131 rahats\u0131z eden \u00f6zel yetkili mahkemelerin kald\u0131r\u0131lmas\u0131n\u0131 ve bu \u00e7er\u00e7evede daha sa\u011fl\u0131kl\u0131 yarg\u0131lama s\u00fcrecinin T\u00fcrkiye&#8217;de olu\u015fmas\u0131na Say\u0131n Ba\u015fbakan ve arkada\u015flar\u0131n\u0131n katk\u0131 vermesini istedik.<\/p>\n<p style=\"text-align: justify;\">B\u00f6lgede ciddi bir i\u015fsizlik var, \u00f6zel sekt\u00f6r b\u00f6lgeye gitmiyor. Yol, baraj, hastane yap\u0131lmas\u0131 i\u015fsizlik a\u00e7\u0131s\u0131ndan s\u00fcrekli bir \u00e7\u00f6z\u00fcm de\u011fil. O nedenle devletin do\u011frudan gidip fabrika kurmas\u0131, istihdam yaratmas\u0131 gerekti\u011fini ifade ettik. B\u00f6ylece b\u00f6lgeye s\u00fcrekli kal\u0131c\u0131 istihdam yaratma olana\u011f\u0131n\u0131n da bu politikayla girebilece\u011fini s\u00f6yledik.<\/p>\n<p style=\"text-align: justify;\">B\u00f6lge, co\u011frafi konumu itibariyle hayvanc\u0131l\u0131\u011fa, tar\u0131m\u0131n geli\u015fmesine \u00e7ok m\u00fcsait. Et-Bal\u0131k Kurumunun yeniden g\u00fc\u00e7lendirilmesini, hayvanc\u0131l\u0131\u011f\u0131n b\u00fcy\u00fck \u00f6l\u00e7\u00fcde desteklenmesini ve dolay\u0131s\u0131yla Do\u011fu ve G\u00fcneydo\u011fu&#8217;da \u00fcreten mant\u0131\u011f\u0131n sisteme egemen olmas\u0131n\u0131 dile getirdik.<\/p>\n<p style=\"text-align: justify;\">May\u0131nl\u0131 arazilerin, may\u0131ndan ar\u0131nd\u0131r\u0131ld\u0131ktan sonra topraks\u0131z k\u00f6yl\u00fclere verilmesini; b\u00f6ylece topra\u011f\u0131 olmayan ama zaman zaman Do\u011fu, G\u00fcneydo\u011fu&#8217;da, zaman zaman Karadeniz&#8217;de, zaman zaman Bat\u0131 Anadolu&#8217;da gidip, \u00e7al\u0131\u015farak ge\u00e7imlerini sa\u011flayan kesimin kendi b\u00f6lgelerinde topraklar\u0131na sahip olarak \u00fcretim yapacaklar\u0131n\u0131 ve dolay\u0131s\u0131yla istihdam da yarat\u0131labilece\u011fini s\u00f6yledik.&#8221;<\/p>\n<p style=\"text-align: justify;\">&#8220;Say\u0131n Ba\u015fbakan&#8217;a \u00f6zel g\u00fcvenlik g\u00fc\u00e7lerinin ordu i\u00e7inde mi d\u0131\u015f\u0131nda m\u0131 olaca\u011f\u0131n\u0131 sorduk&#8221; diyen CHP lideri, &#8220;Bu konuda hen\u00fcz bir karar almad\u0131klar\u0131n\u0131, yar\u0131n medyaya bir a\u00e7\u0131klama yapacaklar\u0131n\u0131 belirtti&#8221; \u015feklinde konu\u015ftu.<\/p>\n<p style=\"text-align: justify;\">K\u0131l\u0131\u00e7daro\u011flu, &#8220;Ter\u00f6rle m\u00fccadelede sa\u011fl\u0131kl\u0131 bir politika izlenirse, biz de tabii ki destek veririz&#8221; dedi.<\/p>\n<p style=\"text-align: justify;\"><strong>Gazeteciler sordu, K\u0131l\u0131\u00e7daro\u011flu yan\u0131tad\u0131 <\/strong><\/p>\n<p style=\"text-align: justify;\">Soru: Daha \u00e7ok ekonomik anlamda \u00f6neriler yapt\u0131n\u0131z. K\u00fcrt sorununu sadece i\u015fsizlik ve kar\u0131n doyurma olarak m\u0131 g\u00f6r\u00fcyorsunuz? K\u00fclt\u00fcrel anlamda herhangi bir \u00f6neriniz olmad\u0131 m\u0131?<\/p>\n<p style=\"text-align: justify;\">Yan\u0131t: Biz emrinde devletin b\u00fcrokrasisi, istihbarat \u00f6rg\u00fctleri olan iktidar de\u011filiz. Olay\u0131n siyasal ve g\u00fcvenlik boyutu ile ilgili \u00f6nerilerde bulunabilmemiz i\u00e7in bizim bu t\u00fcr bilgilere sahip olmam\u0131z laz\u0131m. \u00c7\u00fcnk\u00fc, e\u011fer bir \u00f6neride bulunuyorsak onun altyap\u0131s\u0131n\u0131n sa\u011fl\u0131kl\u0131 olmas\u0131 laz\u0131m. Biz buna inan\u0131yoruz. Say\u0131n Ba\u015fbakan bu konuda baz\u0131 a\u00e7\u0131klamalar yapt\u0131. Bunlar\u0131n bir k\u0131sm\u0131 medyaya da yans\u0131m\u0131\u015f durumda. B\u00fcy\u00fck k\u0131sm\u0131 yabanc\u0131s\u0131 oldu\u011fumuz konular de\u011fil, bildi\u011fimiz konular. Baz\u0131 ek ayr\u0131nt\u0131lar verdi.<\/p>\n<p style=\"text-align: justify;\">Soru: Sizin \u00f6zel orduya bak\u0131\u015f\u0131n\u0131z nas\u0131l? Sizce nas\u0131l olmal\u0131?<\/p>\n<p style=\"text-align: justify;\">Yan\u0131t: H\u00fck\u00fcmetin bu konudaki politikas\u0131n\u0131 g\u00f6rmeden olay\u0131 tart\u0131\u015fmak istemiyoruz.<\/p>\n<p style=\"text-align: justify;\">Soru: Say\u0131n Baykal&#8217;\u0131n durumu g\u00fcndeme geldi mi?<\/p>\n<p style=\"text-align: justify;\">Yan\u0131t: G\u00fcndeme gelmedi.<\/p>\n<p style=\"text-align: justify;\">Soru: Say\u0131n Ba\u015fbakan ter\u00f6r konusunda verdi\u011fi bilgiler aras\u0131nda kamuoyunun bilmedi\u011fi neler var?<\/p>\n<p style=\"text-align: justify;\">Yan\u0131t: Say\u0131n Ba\u015fbakan ekonomik olarak \u00f6nlemler ald\u0131klar\u0131n\u0131 ifade ettiler. Yakla\u015f\u0131k 25 milyar liral\u0131k bir yat\u0131r\u0131m\u0131n yap\u0131ld\u0131\u011f\u0131n\u0131 s\u00f6yledi. Yol, hastane, e\u011fitim, baraj \u015feklinde bu yat\u0131r\u0131mlar\u0131n oldu\u011funu ifade ettiler. Ama biz bu yat\u0131r\u0131mlar bitti\u011fi zaman i\u015fsizli\u011fin tekrar ortaya \u00e7\u0131kt\u0131\u011f\u0131n\u0131, kal\u0131c\u0131 \u00e7\u00f6z\u00fcm\u00fcn devletin \u00fcretime y\u00f6nelik fabrika kurmas\u0131 gerekti\u011fini dile getirdik.<\/p>\n<p style=\"text-align: justify;\">Soru: Se\u00e7im baraj\u0131 konusunda Ba\u015fbakan&#8217;\u0131n yan\u0131t\u0131 ne oldu?<\/p>\n<p style=\"text-align: justify;\">Yan\u0131t: Say\u0131n Ba\u015fbakan se\u00e7im baraj\u0131 konusuna s\u0131cak bakmad\u0131\u011f\u0131n\u0131 ifade etti. \u00d6zellikle koalisyonlar d\u00f6neminde istikrar olmad\u0131\u011f\u0131n\u0131 ve se\u00e7im baraj\u0131n\u0131n bu a\u00e7\u0131dan bir gereklilik oldu\u011funu ifade ettiler.<\/p>\n<p style=\"text-align: justify;\">Soru: G\u00f6r\u00fc\u015fmeyi nas\u0131l de\u011ferlendirirsiniz?<\/p>\n<p style=\"text-align: justify;\">Yan\u0131t: Say\u0131n Ba\u015fbakandan baz\u0131 \u00f6zel bilgiler al\u0131nmad\u0131 de\u011fil&#8230; Ama a\u011f\u0131rl\u0131kl\u0131 olarak sizin de bildi\u011finiz bizim de bildi\u011fimiz konular\u0131 Say\u0131n Ba\u015fbakan taraf\u0131ndan tekrar\u0131 ile ge\u00e7ti. Say\u0131n Ba\u015fbakan, elbette ki baz\u0131 bilgileri aktarma ihtiyac\u0131n\u0131 hissetti. Bizim baz\u0131 sorular\u0131m\u0131z oldu, o sorular\u0131 Say\u0131n Ba\u015fbakan yan\u0131t verdi. Biz Ba\u015fbakan\u0131n b\u00fct\u00fcn bu ziyaretlerden sonra yar\u0131n yapaca\u011f\u0131 a\u00e7\u0131klamay\u0131 biz de merakla bekliyoruz.<\/p>\n<p style=\"text-align: justify;\">Soru: Say\u0131n Ba\u015fbakan sizden destek istedi mi?<\/p>\n<p style=\"text-align: justify;\">Yan\u0131t: Say\u0131n Ba\u015fbakan ter\u00f6r\u00fcn, iktidar muhalefet \u015feklinde farkl\u0131 bir g\u00f6zle bak\u0131lmas\u0131n\u0131n do\u011fru olmayan bir olay oldu\u011funu ifade etti. Biz bunu daha \u00f6nce de s\u00f6ylemi\u015ftik. Ter\u00f6r konusunun ulusal bir sorun oldu\u011funu, ter\u00f6re kar\u015f\u0131 ortak bir m\u00fccadele geli\u015ftirilmesi gerekti\u011fini daha \u00f6nce de ifade etmi\u015ftik. Say\u0131n Ba\u015fbakan, bizim daha \u00f6nce yapt\u0131\u011f\u0131m\u0131z bu a\u00e7\u0131klamalar\u0131n paralelinde a\u00e7\u0131klamalar yapt\u0131. Bu bizi mutlu k\u0131ld\u0131 ama benim g\u00f6zlemledi\u011fim kadar\u0131yla, a\u00e7\u0131l\u0131m\u0131n ba\u015flang\u0131c\u0131nda ifade edilen, &#8216;k\u0131sa s\u00fcre i\u00e7inde ter\u00f6r\u00fcn sonlanaca\u011f\u0131&#8217; gibi bir \u00f6ng\u00f6r\u00fc bize yans\u0131mad\u0131.<\/p>\n<p style=\"text-align: justify;\">Soru: Demokratik a\u00e7\u0131l\u0131m s\u00fcresi size anlat\u0131ld\u0131 m\u0131? K\u00fcrt\u00e7e e\u011fitim tart\u0131\u015f\u0131l\u0131yor, TRT \u015ee\u015f a\u00e7\u0131ld\u0131, genel aff\u0131n olup olmayaca\u011f\u0131 tart\u0131\u015f\u0131l\u0131yor. Bu anlamda bir \u00f6neriniz oldu mu?<\/p>\n<p style=\"text-align: justify;\">Yan\u0131t: Bu anlamda Say\u0131n Ba\u015fbakan bu konulara hi\u00e7 girmedi. Biz takdir edersiniz ki daha \u00e7ok Say\u0131n Ba\u015fbakan\u0131 dinlemek ve h\u00fck\u00fcmetin bu konudaki \u00e7al\u0131\u015fmalar\u0131n\u0131 bize yans\u0131tmas\u0131n\u0131 istedik ama Say\u0131n Ba\u015fbakan bu konulara girmedi.<\/p>\n<p style=\"text-align: justify;\">Soru: Bundan sonraki s\u00fcre\u00e7te H\u00fck\u00fcmete destek olunacak m\u0131?<\/p>\n<p style=\"text-align: justify;\">Yan\u0131t: Ter\u00f6rle m\u00fccadelede sa\u011fl\u0131kl\u0131 ve tutarl\u0131 bir politika izlendi\u011fi s\u00fcrece elbette biz de destek veririz. Bu \u00fclkede hi\u00e7 bir siyasal parti, ter\u00f6r\u00fc desteklemez, desteklememelidir. \u00c7\u00fcnk\u00fc ter\u00f6r insanl\u0131k su\u00e7udur. Ter\u00f6rden en \u00e7ok o b\u00f6lgede ya\u015fayan yurtta\u015flar\u0131m\u0131z ma\u011fdur olmu\u015flard\u0131r. Biz ter\u00f6r\u00fcn sonlanmas\u0131 i\u00e7in bir katk\u0131 vermek gerekiyorsa, o katk\u0131y\u0131 rahatl\u0131kla, seve seve verebiliriz.<\/p>\n<p style=\"text-align: justify;\">Soru: \u00d6zel bilgilerin anlat\u0131lmamas\u0131 rica edilmediyse, bunlar\u0131 aktarabilir misiniz?<\/p>\n<p style=\"text-align: justify;\">Yan\u0131t: Anlat\u0131lmamas\u0131 rica edildi\u011fi i\u00e7in aktarm\u0131yoruz. Yoksa konuyu aktarabilirdik.<\/p>\n<p style=\"text-align: justify;\">Soru: Devletin b\u00f6lgede fabrika kurmas\u0131 \u00f6nerilerinizi Ba\u015fbakan nas\u0131l kar\u015f\u0131lad\u0131?<\/p>\n<p style=\"text-align: justify;\">Yan\u0131t: Et Bal\u0131k Kurumu ile ilgili olarak, baz\u0131 \u00f6zelle\u015ftirmelerden vazge\u00e7tiklerini ifade ettiler. Ama biz bunu yeterli g\u00f6rmedik. Devletin et bal\u0131k d\u0131\u015f\u0131nda, do\u011frudan Devlet Planlama Te\u015fkilat\u0131n\u0131 harekete ge\u00e7irerek \u00fcretim yapan fabrikalar kurmas\u0131n\u0131 istiyoruz.<\/p>\n<p style=\"text-align: justify;\">Soru: Ba\u015fbakan\u0131n, CHP olarak kar\u015f\u0131 olaca\u011f\u0131n\u0131z bir \u00f6nerisi var m\u0131yd\u0131?<\/p>\n<p style=\"text-align: justify;\">Yan\u0131t: Say\u0131n Ba\u015fbakan\u0131n bizi rahats\u0131z edecek herhangi bir \u00f6nerisi olmad\u0131. Sadece, \u00f6zel g\u00fc\u00e7lerle ilgili ayr\u0131nt\u0131 alamad\u0131k. Alamad\u0131\u011f\u0131m\u0131z i\u00e7in herhangi bir yorum yapam\u0131yoruz.<\/p>\n<p style=\"text-align: justify;\">Soru: \u0130kinci bir g\u00f6r\u00fc\u015fme olabilir mi?<\/p>\n<p style=\"text-align: justify;\">Yan\u0131t: Say\u0131n Ba\u015fbakan, e\u011fer ter\u00f6r\u00fcn sonlanmas\u0131nda&#8230; Belki bu g\u00f6r\u00fc\u015fmelerden sonra yeni bir yol haritas\u0131 \u00e7izilecektir ter\u00f6rle m\u00fccadelede. E\u011fer o yol haritas\u0131n\u0131n belirlenmesi \u00f6ncesinde tekrar g\u00f6r\u00fc\u015fmeyi uygun g\u00f6r\u00fcrlerse elbette g\u00f6r\u00fc\u015f\u00fcr\u00fcz. Ter\u00f6rle m\u00fccadelede ortak bir politikan\u0131n izlenmesini savunan, \u00f6ng\u00f6ren bir siyasi yakla\u015f\u0131ma sahibiz.<\/p>\n<p style=\"text-align: justify;\">Soru: Say\u0131n Ba\u015fbakan iki muhalefet partisi ile g\u00f6r\u00fc\u015fm\u00fcyor, bu konuda bir \u00f6neriniz oldu mu?<\/p>\n<p style=\"text-align: justify;\">Yan\u0131t: Hay\u0131r, herhangi bir yorumumuz olmad\u0131.<\/p>\n<p style=\"text-align: justify;\">G\u00f6r\u00fc\u015fme \u00f6ncesi notlar\u0131:<\/p>\n<p style=\"text-align: justify;\">K\u0131l\u0131\u00e7daro\u011flu Erdo\u011fan&#8217;\u0131 TBMM&#8217;deki makam odas\u0131n\u0131n giri\u015finde kar\u015f\u0131lad\u0131 ve el s\u0131k\u0131\u015farak &#8220;ho\u015fgeldiniz&#8221; dedi.<\/p>\n<p style=\"text-align: justify;\">G\u00f6r\u00fc\u015fmeye, Devlet Bakan\u0131 ve Ba\u015fbakan yard\u0131mc\u0131s\u0131 Cemil \u00c7i\u00e7ek, \u0130\u00e7i\u015fleri Bakan\u0131 Be\u015fir Atalay ile Kamu D\u00fczeni ve G\u00fcvenli\u011fi M\u00fcste\u015far\u0131 Muammer G\u00fcler&#8217;in yan\u0131 s\u0131ra CHP&#8217;den Genel Sekreter \u00d6nder Sav, Genel Ba\u015fkan Yard\u0131mc\u0131s\u0131 Hakk\u0131 Suha Okay ve Grup Ba\u015fkanvekili Kemal Anadolu da kat\u0131ld\u0131.<\/p>\n<p style=\"text-align: justify;\">G\u00f6r\u00fc\u015fmeyi \u00e7ok say\u0131da gazeteci izledi. Erdo\u011fan ve K\u0131l\u0131\u00e7daro\u011flu&#8217;nun tokala\u015fmas\u0131 s\u0131ras\u0131nda g\u00f6r\u00fcnt\u00fc almak isteyen bas\u0131n mensuplar\u0131 aras\u0131nda izdiham ya\u015fand\u0131. G\u00f6r\u00fc\u015fmeden s\u0131n\u0131rl\u0131 say\u0131da foto muhabiri ve kameraman\u0131n g\u00f6r\u00fcnt\u00fc almas\u0131na izin verildi.<\/p>\n<p style=\"text-align: justify;\"><span style=\"color: #888888;\">CNN T\u00dcRK<\/span><\/p>\n","protected":false},"excerpt":{"rendered":"<p style=\"text-align: center;\">\n<p style=\"text-align: justify;\">Ba\u015fbakan Recep Tayyip Erdo\u011fan ve Ana Muhalefet Partisi CHP&#8217;nin lideri Kemal K\u0131l\u0131\u00e7daro\u011flu bug\u00fcn bir araya geldi. K\u0131l\u0131\u00e7daro\u011flu&#8217;nun Meclis&#8217;teki makam odas\u0131nda yap\u0131lan g\u00f6r\u00fc\u015fmede ter\u00f6r konu\u015fuldu. K\u0131l\u0131\u00e7daro\u011flu g\u00f6r\u00fc\u015fme sonras\u0131, &#8220;Ter\u00f6r\u00fcn sonlanmas\u0131 i\u00e7in katk\u0131 vermek gerekiyorsa seve seve veririz&#8221; dedi. Ba\u015fbakan Erdo\u011fan da yar\u0131n saat 11.00&#8217;de g\u00f6r\u00fc\u015fmelerle ilgili bir a\u00e7\u0131klama yapacak.<\/p>\n","protected":false},"author":1,"featured_media":0,"comment_status":"open","ping_status":"closed","sticky":false,"template":"","format":"standard","meta":{"footnotes":""},"categories":[105],"tags":[],"class_list":["post-24222","post","type-post","status-publish","format-standard","hentry","category-gundem","odd"],"_links":{"self":[{"href":"http:\/\/www.korhanyilmaz.com\/index.php?rest_route=\/wp\/v2\/posts\/24222","targetHints":{"allow":["GET"]}}],"collection":[{"href":"http:\/\/www.korhanyilmaz.com\/index.php?rest_route=\/wp\/v2\/posts"}],"about":[{"href":"http:\/\/www.korhanyilmaz.com\/index.php?rest_route=\/wp\/v2\/types\/post"}],"author":[{"embeddable":true,"href":"http:\/\/www.korhanyilmaz.com\/index.php?rest_route=\/wp\/v2\/users\/1"}],"replies":[{"embeddable":true,"href":"http:\/\/www.korhanyilmaz.com\/index.php?rest_route=%2Fwp%2Fv2%2Fcomments&post=24222"}],"version-history":[{"count":0,"href":"http:\/\/www.korhanyilmaz.com\/index.php?rest_route=\/wp\/v2\/posts\/24222\/revisions"}],"wp:attachment":[{"href":"http:\/\/www.korhanyilmaz.com\/index.php?rest_route=%2Fwp%2Fv2%2Fmedia&parent=24222"}],"wp:term":[{"taxonomy":"category","embeddable":true,"href":"http:\/\/www.korhanyilmaz.com\/index.php?rest_route=%2Fwp%2Fv2%2Fcategories&post=24222"},{"taxonomy":"post_tag","embeddable":true,"href":"http:\/\/www.korhanyilmaz.com\/index.php?rest_route=%2Fwp%2Fv2%2Ftags&post=24222"}],"curies":[{"name":"wp","href":"https:\/\/api.w.org\/{rel}","templated":true}]}}