{"id":2422,"date":"2008-12-16T09:13:47","date_gmt":"2008-12-16T07:13:47","guid":{"rendered":"http:\/\/www.korhanyilmaz.com\/?p=2422"},"modified":"2008-12-16T09:13:47","modified_gmt":"2008-12-16T07:13:47","slug":"esini-isten-cikaran-kantinciyi-oldurdu","status":"publish","type":"post","link":"http:\/\/www.korhanyilmaz.com\/?p=2422","title":{"rendered":"E\u015fini i\u015ften \u00e7\u0131karan kantinciyi \u00f6ld\u00fcrd\u00fc"},"content":{"rendered":"<p style=\"text-align: center;\"><img loading=\"lazy\" decoding=\"async\" class=\"size-full wp-image-2423 aligncenter\" title=\"E\u015fini i\u015ften \u00e7\u0131karan kantinciyi \u00f6ld\u00fcrd\u00fc \" src=\"http:\/\/www.korhanyilmaz.com\/wp-content\/uploads\/2008\/12\/2b7adaf94e85f84cab603a95x.jpg\" alt=\"E\u015fini i\u015ften \u00e7\u0131karan kantinciyi \u00f6ld\u00fcrd\u00fc \" width=\"333\" height=\"175\" \/><\/p>\n<p style=\"text-align: justify;\">Be\u015fikta\u015f Anadolu Lisesi&#8217;nin kantincisi, i\u015ften \u00e7\u0131kard\u0131\u011f\u0131 \u00e7al\u0131\u015fan\u0131n\u0131n kocas\u0131 taraf\u0131ndan 4 kez b\u0131\u00e7aklanarak \u00f6ld\u00fcr\u00fcld\u00fc. Ka\u00e7an Soner Solgun yakaland\u0131..<\/p>\n<p style=\"text-align: justify;\">\u0130stanbul Be\u015fikta\u015f Anadolu Lisesi&#8217;nin kantininde d\u00fcn sabah 08.00 s\u0131ralar\u0131nda \u00f6\u011frencilerin g\u00f6z\u00fc \u00f6n\u00fcnde cinayet i\u015flendi. Kantin i\u015fletmecisi Erkan Uca (28) ayn\u0131 i\u015fyerinde \u00e7al\u0131\u015ft\u0131\u011f\u0131 e\u015fi Nagehan Uca (31) ile birlikte sabah i\u015fyerini a\u00e7t\u0131. iki g\u00fcn \u00f6nce Erkan Uca&#8217;n\u0131n i\u015ften \u00e7\u0131kartt\u0131\u011f\u0131 \u00c7ilem Solgun&#8217;un (26) e\u015fi Soner Solgun (31) bu s\u0131rada okula geldi. <!--more-->\u0130\u015fsiz olan Soner Solgun kantine giderek Erkan Uca&#8217;ya &#8220;Kar\u0131m\u0131 rahat b\u0131rak \u00e7al\u0131\u015fs\u0131n, peri\u015fan\u0131z bizden ne istiyorsun?&#8221; dedi. Erkan Uca ile Soner Solgun tart\u0131\u015fmaya ba\u015flad\u0131. Nagehan Uca &#8220;Yapma. Bizden ne istiyorsun? Zaten biz de zor durumday\u0131z&#8221; diyerek kavgay\u0131 ay\u0131rmaya \u00e7al\u0131\u015ft\u0131. Bu s\u0131rada tezg\u00e2h\u0131n \u00fcst\u00fcnde duran b\u0131\u00e7a\u011f\u0131 alan Soner Solgun, Erkan Uca&#8217;y\u0131 baca\u011f\u0131ndan ve g\u00f6\u011fs\u00fcnden 4 b\u0131\u00e7ak darbesiyle yaralad\u0131ktan sonra okula geldi\u011fi motosiklete binerek ka\u00e7t\u0131. Kalbine ve ci\u011ferlerine ald\u0131\u011f\u0131 darbelerle a\u011f\u0131r yaralanan i\u015fletmeci Uca olay yerinde hayat\u0131n\u0131 kaybetti.<\/p>\n<p style=\"text-align: justify;\">BE\u015e \u00d6\u011eRENC\u0130 TANIK OLDU<br \/>\nDokuz g\u00fcnl\u00fck bayram tatili sonras\u0131 okula gelerek cinayete tan\u0131k olan \u00f6\u011frenciler b\u00fcy\u00fck \u00fcz\u00fcnt\u00fc ya\u015fad\u0131. Olaya tan\u0131k olan 5 \u00f6\u011frenci bilgilerine ba\u015fvurulmak \u00fczere Be\u015fikta\u015f Polis Merkezi&#8217;ne g\u00f6t\u00fcr\u00fcld\u00fc. Polis ve n\u00f6bet\u00e7i savc\u0131n\u0131n incelemesinin ard\u0131ndan Erkan Uca&#8217;n\u0131n cesedi otopsi yap\u0131lmak \u00fczere Adli T\u0131p Kurumu Morgu&#8217;na kald\u0131r\u0131ld\u0131. Olay\u0131n duyulmas\u0131n\u0131n ard\u0131ndan Solgun&#8217;un e\u015fi \u00c7ilem Solgun da polis merkezine geldi. Her yerde Soner Solgun&#8217;u arayan polis, cinayet zanl\u0131s\u0131n\u0131 ak\u015fam saatlerinde Dolapdere&#8217;de yakalad\u0131.\n<\/p>\n<p style=\"text-align: justify;\"><span style=\"color: #999999;\">Kaynak : Sabah Gazetesi<\/span><\/p>\n","protected":false},"excerpt":{"rendered":"<p style=\"text-align: center;\">\n<p style=\"text-align: justify;\">Be\u015fikta\u015f Anadolu Lisesi&#8217;nin kantincisi, i\u015ften \u00e7\u0131kard\u0131\u011f\u0131 \u00e7al\u0131\u015fan\u0131n\u0131n kocas\u0131 taraf\u0131ndan 4 kez b\u0131\u00e7aklanarak \u00f6ld\u00fcr\u00fcld\u00fc. Ka\u00e7an Soner Solgun yakaland\u0131..<\/p>\n<p style=\"text-align: justify;\">\u0130stanbul Be\u015fikta\u015f Anadolu Lisesi&#8217;nin kantininde d\u00fcn sabah 08.00 s\u0131ralar\u0131nda \u00f6\u011frencilerin g\u00f6z\u00fc \u00f6n\u00fcnde cinayet i\u015flendi. Kantin i\u015fletmecisi Erkan Uca (28) ayn\u0131 i\u015fyerinde \u00e7al\u0131\u015ft\u0131\u011f\u0131 e\u015fi Nagehan Uca (31) ile birlikte sabah i\u015fyerini a\u00e7t\u0131. <\/p>\n","protected":false},"author":1,"featured_media":0,"comment_status":"open","ping_status":"open","sticky":false,"template":"","format":"standard","meta":{"footnotes":""},"categories":[7],"tags":[],"class_list":["post-2422","post","type-post","status-publish","format-standard","hentry","category-ekonomi","odd"],"_links":{"self":[{"href":"http:\/\/www.korhanyilmaz.com\/index.php?rest_route=\/wp\/v2\/posts\/2422","targetHints":{"allow":["GET"]}}],"collection":[{"href":"http:\/\/www.korhanyilmaz.com\/index.php?rest_route=\/wp\/v2\/posts"}],"about":[{"href":"http:\/\/www.korhanyilmaz.com\/index.php?rest_route=\/wp\/v2\/types\/post"}],"author":[{"embeddable":true,"href":"http:\/\/www.korhanyilmaz.com\/index.php?rest_route=\/wp\/v2\/users\/1"}],"replies":[{"embeddable":true,"href":"http:\/\/www.korhanyilmaz.com\/index.php?rest_route=%2Fwp%2Fv2%2Fcomments&post=2422"}],"version-history":[{"count":0,"href":"http:\/\/www.korhanyilmaz.com\/index.php?rest_route=\/wp\/v2\/posts\/2422\/revisions"}],"wp:attachment":[{"href":"http:\/\/www.korhanyilmaz.com\/index.php?rest_route=%2Fwp%2Fv2%2Fmedia&parent=2422"}],"wp:term":[{"taxonomy":"category","embeddable":true,"href":"http:\/\/www.korhanyilmaz.com\/index.php?rest_route=%2Fwp%2Fv2%2Fcategories&post=2422"},{"taxonomy":"post_tag","embeddable":true,"href":"http:\/\/www.korhanyilmaz.com\/index.php?rest_route=%2Fwp%2Fv2%2Ftags&post=2422"}],"curies":[{"name":"wp","href":"https:\/\/api.w.org\/{rel}","templated":true}]}}