{"id":24215,"date":"2010-07-13T15:28:41","date_gmt":"2010-07-13T15:28:41","guid":{"rendered":"http:\/\/www.korhanyilmaz.com\/?p=24215"},"modified":"2010-07-13T15:28:41","modified_gmt":"2010-07-13T15:28:41","slug":"erdogan-mhp-ve-bdp-terorden-nemalaniyor","status":"publish","type":"post","link":"http:\/\/www.korhanyilmaz.com\/?p=24215","title":{"rendered":"Erdo\u011fan: &#8220;MHP ve BDP ter\u00f6rden nemalan\u0131yor&#8221;"},"content":{"rendered":"<p><a href=\"http:\/\/www.korhanyilmaz.com\/wp-content\/uploads\/2010\/07\/236.jpg\"  class=\"lightview\"><img loading=\"lazy\" decoding=\"async\" class=\"aligncenter size-full wp-image-24216\" src=\"http:\/\/www.korhanyilmaz.com\/wp-content\/uploads\/2010\/07\/236.jpg\" alt=\"\" width=\"292\" height=\"194\" \/><\/a><\/p>\n<p style=\"text-align: justify;\">Bu haftan\u0131n g\u00fcndemi liderle g\u00f6r\u00fc\u015fme. Ba\u015fbakan Recep Tayyip Erdo\u011fan muhalefet turuna bug\u00fcn DSP ile ba\u015fl\u0131yor. Onun hemen \u00f6ncesinde grup toplant\u0131s\u0131nda konu\u015ftu. Kendisine kap\u0131lar\u0131 kapatan MHP ve BDP&#8217;yi a\u011f\u0131r s\u00f6zlerle ele\u015ftirdi. Erdo\u011fan, bu iki partinin ter\u00f6rden nemaland\u0131\u011f\u0131n\u0131 s\u00f6yledi. &#8220;O y\u00fczden g\u00f6r\u00fc\u015fm\u00fcyorum&#8221; dedi. Erken se\u00e7im tart\u0131\u015fmalar\u0131yla ilgili de yine &#8220;Se\u00e7im, zaman\u0131nda yap\u0131lacak&#8221; diye konu\u015ftu.<!--more--><\/p>\n<p style=\"text-align: justify;\">Erdo\u011fan, partisini grup toplant\u0131s\u0131nda yapt\u0131\u011f\u0131 konu\u015fmada de\u011fi\u015fik konulara ili\u015fkin de\u011ferlendirmelerde bulundu.<\/p>\n<p style=\"text-align: justify;\">Anayasa de\u011fi\u015fikli\u011fine ili\u015fkin referandumda &#8220;Halk\u0131n, &#8216;evet&#8217; oyuyla darbe anayasas\u0131n\u0131 tarihe g\u00f6mece\u011fine inand\u0131\u011f\u0131n\u0131&#8221; belirten Erdo\u011fan, 81 vilayeti dola\u015farak anayasa de\u011fi\u015fikli\u011fini halka anlatacaklar\u0131n\u0131 bildirdi.<\/p>\n<p style=\"text-align: justify;\">Erdo\u011fan, anayasa de\u011fi\u015fikli\u011fine ili\u015fkin &#8220;40 Soru, 40 cevap&#8221; ba\u015fl\u0131kl\u0131 bir kitap haz\u0131rland\u0131\u011f\u0131n\u0131, ayr\u0131ca bro\u015f\u00fcrlerin de bast\u0131r\u0131laca\u011f\u0131n\u0131 kaydetti.<\/p>\n<p style=\"text-align: justify;\"><strong>&#8220;MHP i\u015fbirli\u011fine yana\u015fmad\u0131&#8221; <\/strong><\/p>\n<p style=\"text-align: justify;\">Ter\u00f6rle m\u00fccadelenin ulusal bir konu oldu\u011funu ifade eden Erdo\u011fan, &#8220;T\u00fcrkiye&#8217;nin gelece\u011fini ilgilendiren b\u00f6yle hayati bir meselede MHP ile isti\u015fare niyetimiz, maalesef MHP taraf\u0131ndan daha en ba\u015f\u0131ndan reddedilmi\u015ftir&#8221; diye konu\u015ftu.<\/p>\n<p style=\"text-align: justify;\">Erdo\u011fan, 2007 se\u00e7imlerinden hemen sonra, bir\u00e7ok konuda MHP&#8217;ye i\u015fbirli\u011fi \u00f6nerdiklerini dile getirerek, &#8220;B\u00f6yle en hayati konularda, b\u00f6yle \u00f6nemli ve acil konularda MHP i\u015fbirli\u011fine yana\u015fmad\u0131&#8230; Ama i\u015f &#8216;adam asmaca&#8217; oyununa gelince son derece i\u015ftahl\u0131 bir \u015fekilde &#8216;gel beraber oynayal\u0131m&#8217; diye bize \u00e7a\u011fr\u0131da bulundu. Ter\u00f6rle m\u00fccadelede MHP yok. Erzurum meydan\u0131nda halat atmakla bir yere varamazs\u0131n. Yasal de\u011fi\u015fiklikler olmad\u0131\u011f\u0131 zaman halat elindeydi, o zaman niye gere\u011fini yapmad\u0131n?&#8221; diye sordu.<\/p>\n<p style=\"text-align: justify;\">\u00dclkenin sorunlar\u0131nda &#8220;MHP y\u00f6netimi, MHP zihniyeti diye bir anlay\u0131\u015f&#8221; olmad\u0131\u011f\u0131n\u0131 savunan Erdo\u011fan, &#8220;MHP y\u00f6netiminin anlay\u0131\u015f\u0131 ile taban\u0131n anlay\u0131\u015f\u0131n\u0131n, \u00f6zellikle bu referandum s\u00fcrecinde bir \u00f6rt\u00fc\u015ft\u00fc\u011f\u00fcne inanmad\u0131\u011f\u0131n\u0131&#8221; s\u00f6yledi.<\/p>\n<p style=\"text-align: justify;\">Erdo\u011fan, &#8220;\u0130nan\u0131yorum ki bu referandum s\u00fcrecinde de her ne kadar y\u00f6netim demokratikle\u015fmede yoksa da MHP taban\u0131 bu demokratikle\u015fmede yerini alacak ve bu referandumda inan\u0131yorum &#8216;evet&#8217; diyecektir&#8221; dedi.<\/p>\n<p style=\"text-align: justify;\"><strong>&#8220;Ter\u00f6rden nemalanan iki parti&#8221; <\/strong><\/p>\n<p style=\"text-align: justify;\">&#8220;MHP ile ayn\u0131 paralelde, ayni minvalde siyaset \u00fcreten BDP&#8217;yi aziz milletime havale ediyorum&#8221; diyen Erdo\u011fan, &#8220;Onun deste\u011finin nereden geldi\u011fini benim aziz milletim \u00e7ok iyi biliyor. Neyin avukatl\u0131\u011f\u0131na, \u015fu \u00e7at\u0131 alt\u0131nda soyundu\u011funu gayet iyi g\u00f6r\u00fcyoruz, biliyoruz. Yapt\u0131klar\u0131 konu\u015fmalarda, yapt\u0131klar\u0131 a\u00e7\u0131klamalarda bunu g\u00f6r\u00fcyoruz. Ter\u00f6r \u00f6rg\u00fct\u00fcn\u00fcn bir temsilcisi olarak neleri yapt\u0131\u011f\u0131n\u0131 yapt\u0131\u011f\u0131n\u0131 bizzat g\u00f6r\u00fcyoruz. Dolay\u0131s\u0131yla ter\u00f6rden nemalanan bu iki partiyle g\u00f6r\u00fc\u015fmeyi biz ter\u00f6re destek olarak g\u00f6rd\u00fck ve her ikisiyle de g\u00f6r\u00fc\u015fmeyece\u011fiz&#8221; \u015feklinde konu\u015ftu.<\/p>\n<p style=\"text-align: justify;\">Erdo\u011fan, milletin &#8220;\u015fehit cenazelerini istismar ederek siyaset yapanlar\u0131 g\u00f6rd\u00fc\u011f\u00fcn\u00fc ve bu istismarc\u0131lara cevab\u0131 demokratik yollardan verece\u011fini&#8221; ifade etti.<\/p>\n<p style=\"text-align: justify;\">Ba\u015fbakan Erdo\u011fan, &#8220;Onlara g\u00f6re bir cenaze namaz\u0131&#8230; Caminin \u00f6n\u00fcne intikam pankart\u0131 asanlar\u0131n bu \u00fclkede bar\u0131\u015f demeye haklar\u0131 yoktur. B\u00f6yle bir bar\u0131\u015f yakla\u015f\u0131m\u0131 olamaz, bir bar\u0131\u015f anlay\u0131\u015f\u0131 olamaz. Burada k\u00fcrs\u00fcye \u00e7\u0131k\u0131p &#8216;bar\u0131\u015f, bar\u0131\u015f&#8217; diyeceksin; ondan sonra gelip caminin \u00f6n\u00fcnde intikam diyeceksin. Bizim camilerimizin \u00f6n\u00fcnde intikam naralar\u0131 at\u0131lamaz. Bizim k\u00fclt\u00fcr\u00fcm\u00fcz, bizim medeniyetimiz bunu asla kabul edemez&#8221; dedi.<\/p>\n<p style=\"text-align: justify;\">Ba\u015fbakan Erdo\u011fan, &#8220;B\u00f6yle milli bir meselede kap\u0131lar\u0131n\u0131 bizlere a\u00e7t\u0131klar\u0131 i\u00e7in gerek CHP&#8217;ye, gerek DSP&#8217;ye, gerek Saadet Partisi&#8217;ne ve BBP&#8217;ye \u015fimdiden \u015f\u00fckranlar\u0131m\u0131z sunuyorum&#8221; diye konu\u015ftu.<\/p>\n<p style=\"text-align: justify;\">&#8220;MHP ile birlikte ayn\u0131 paralelde ayn\u0131 minvalde siyaset \u00fcreten BDP&#8217;yi aziz milletime havale ediyorum&#8221; diyen Ba\u015fbakan, &#8220;Ter\u00f6rden nemalanan bu iki partiyle g\u00f6r\u00fc\u015fmeyi ter\u00f6re bir destek olarak g\u00f6rd\u00fck ve ikisiyle de g\u00f6r\u00fc\u015fmeyece\u011fiz&#8221; \u015feklinde konu\u015ftu.<\/p>\n<p style=\"text-align: justify;\">Erdo\u011fan ayr\u0131ca, &#8220;Muhalefete yapt\u0131klar\u0131m\u0131z\u0131 anlat\u0131rken muhalefetin de bu noktadaki tavsiyelerini \u00f6zellikle dinleyece\u011fimizi s\u00f6ylemek isterim. Kalk\u0131p hemen \u00c7ankaya&#8217;ya top atmak bana g\u00f6re bu t\u00fcr g\u00f6r\u00fc\u015fmelerden ka\u00e7maktan ba\u015fka bir \u015fey de\u011fildir&#8221; ifadelerini kulland\u0131.<\/p>\n<p style=\"text-align: justify;\">&#8220;MHP y\u00f6netiminin anlay\u0131\u015f\u0131yla, taban\u0131n anlay\u0131\u015f\u0131n\u0131n referandum s\u00fcrecinde \u00f6rt\u00fc\u015ft\u00fc\u011f\u00fcne inanm\u0131yorum. Referandum s\u00fcrecinde her ne kadar MHP y\u00f6netimi demokratikle\u015fmede yoksa da MHP taban\u0131 demokratikle\u015fmede yerini alacak ve Bu referanduma &#8216;evet &#8216;diyecektir&#8221; diyen Ba\u015fbakan, &#8220;MHP, ter\u00f6rle m\u00fccadelede yok. \u00dclkenin ekonomik, sosyal, siyasi sorunlar\u0131nda, uluslararas\u0131 ili\u015fkilerinde MHP zihniyeti diye bir anlay\u0131\u015f yok&#8221; ifadelerini kulland\u0131.<\/p>\n<p style=\"text-align: justify;\"><span style=\"color: #888888;\">CNN T\u00dcRK<\/span><\/p>\n","protected":false},"excerpt":{"rendered":"<\/p>\n<p style=\"text-align: justify;\">Bu haftan\u0131n g\u00fcndemi liderle g\u00f6r\u00fc\u015fme. Ba\u015fbakan Recep Tayyip Erdo\u011fan muhalefet turuna bug\u00fcn DSP ile ba\u015fl\u0131yor. Onun hemen \u00f6ncesinde grup toplant\u0131s\u0131nda konu\u015ftu. Kendisine kap\u0131lar\u0131 kapatan MHP ve BDP&#8217;yi a\u011f\u0131r s\u00f6zlerle ele\u015ftirdi. Erdo\u011fan, bu iki partinin ter\u00f6rden nemaland\u0131\u011f\u0131n\u0131 s\u00f6yledi. &#8220;O y\u00fczden g\u00f6r\u00fc\u015fm\u00fcyorum&#8221; dedi. Erken se\u00e7im tart\u0131\u015fmalar\u0131yla ilgili de yine &#8220;Se\u00e7im, zaman\u0131nda yap\u0131lacak&#8221; diye konu\u015ftu.<\/p>\n","protected":false},"author":1,"featured_media":0,"comment_status":"open","ping_status":"closed","sticky":false,"template":"","format":"standard","meta":{"footnotes":""},"categories":[105],"tags":[],"class_list":["post-24215","post","type-post","status-publish","format-standard","hentry","category-gundem","odd"],"_links":{"self":[{"href":"http:\/\/www.korhanyilmaz.com\/index.php?rest_route=\/wp\/v2\/posts\/24215","targetHints":{"allow":["GET"]}}],"collection":[{"href":"http:\/\/www.korhanyilmaz.com\/index.php?rest_route=\/wp\/v2\/posts"}],"about":[{"href":"http:\/\/www.korhanyilmaz.com\/index.php?rest_route=\/wp\/v2\/types\/post"}],"author":[{"embeddable":true,"href":"http:\/\/www.korhanyilmaz.com\/index.php?rest_route=\/wp\/v2\/users\/1"}],"replies":[{"embeddable":true,"href":"http:\/\/www.korhanyilmaz.com\/index.php?rest_route=%2Fwp%2Fv2%2Fcomments&post=24215"}],"version-history":[{"count":0,"href":"http:\/\/www.korhanyilmaz.com\/index.php?rest_route=\/wp\/v2\/posts\/24215\/revisions"}],"wp:attachment":[{"href":"http:\/\/www.korhanyilmaz.com\/index.php?rest_route=%2Fwp%2Fv2%2Fmedia&parent=24215"}],"wp:term":[{"taxonomy":"category","embeddable":true,"href":"http:\/\/www.korhanyilmaz.com\/index.php?rest_route=%2Fwp%2Fv2%2Fcategories&post=24215"},{"taxonomy":"post_tag","embeddable":true,"href":"http:\/\/www.korhanyilmaz.com\/index.php?rest_route=%2Fwp%2Fv2%2Ftags&post=24215"}],"curies":[{"name":"wp","href":"https:\/\/api.w.org\/{rel}","templated":true}]}}