{"id":24210,"date":"2010-07-13T13:30:55","date_gmt":"2010-07-13T13:30:55","guid":{"rendered":"http:\/\/www.korhanyilmaz.com\/?p=24210"},"modified":"2010-07-13T13:30:55","modified_gmt":"2010-07-13T13:30:55","slug":"bahceli-kimsenin-figurani-olmayiz","status":"publish","type":"post","link":"http:\/\/www.korhanyilmaz.com\/?p=24210","title":{"rendered":"Bah\u00e7eli: &#8220;Kimsenin fig\u00fcran\u0131 olmay\u0131z&#8221;"},"content":{"rendered":"<p style=\"text-align: center;\"><a href=\"http:\/\/www.korhanyilmaz.com\/wp-content\/uploads\/2010\/07\/235.jpg\"  class=\"lightview\"><img loading=\"lazy\" decoding=\"async\" class=\"aligncenter size-full wp-image-24212\" src=\"http:\/\/www.korhanyilmaz.com\/wp-content\/uploads\/2010\/07\/235.jpg\" alt=\"\" width=\"346\" height=\"266\" \/><\/a><\/p>\n<p style=\"text-align: justify;\">Ba\u015fbakan Recep Tayyip Erdo\u011fan ile g\u00f6r\u00fc\u015fmeye kap\u0131lar\u0131 kapatan MHP lideri Devlet Bah\u00e7eli, bu karar\u0131n\u0131n gerek\u00e7esini a\u00e7\u0131klad\u0131. Bir kez daha h\u00fck\u00fcmetin a\u00e7\u0131l\u0131m projesini ele\u015ftiren Bah\u00e7eli, &#8220;Bu hatan\u0131n bedelini \u00f6demek i\u00e7in nelerden vazge\u00e7ece\u011fiz?&#8221; diye sordu. Bah\u00e7eli, &#8220;\u015eimdiye kadar hatr\u0131m\u0131z\u0131 bile sormayanlar\u0131n fig\u00fcran\u0131 olmay\u0131z&#8221; dedi.<!--more--><\/p>\n<p style=\"text-align: justify;\">MHP lideri Bah\u00e7eli, partisinin referandumda izleyece\u011fi yol haritas\u0131n\u0131 a\u00e7\u0131klad\u0131.<\/p>\n<p style=\"text-align: justify;\">Bah\u00e7eli parti olarak &#8220;hay\u0131r&#8221; oyu kullanacaklar\u0131n\u0131 yinelerken, \u201cMHP 8 y\u0131la yakla\u015fan icraatlar\u0131yla \u015faibeli ili\u015fkiler ve istismar\u0131n oda\u011f\u0131 olmu\u015f, karanl\u0131k ili\u015fkilerinde \u00e7are aram\u0131\u015f zihniyetin haz\u0131rlad\u0131\u011f\u0131 anayasa de\u011fi\u015fikliklerine &#8216;hay\u0131r&#8217; oyu verecektir&#8221; dedi.<\/p>\n<p style=\"text-align: justify;\">Bah\u00e7eli, T\u00fcrklere y\u00fczy\u0131llar boyunca benzer \u015fekilde d\u0131\u015f g\u00fc\u00e7ler taraf\u0131ndan y\u0131k\u0131m projelerinin uyguland\u0131\u011f\u0131n\u0131 kaydederken, o d\u00f6nemki y\u00f6neticilerin istemeden ancak geli\u015fmeleri izlemedikleri i\u00e7in bunun \u00f6n\u00fcne ge\u00e7emediklerini s\u00f6yledi. Y\u00fczy\u0131llard\u0131r ya\u015fanan oyunlar\u0131n benzerinin bug\u00fcnde ya\u015fand\u0131\u011f\u0131n\u0131 savunan Bah\u00e7eli, h\u00fck\u00fcmete y\u00fcklendi.<\/p>\n<p style=\"text-align: justify;\">MHP lideri, \u201cBug\u00fcnk\u00fc bilgi ve tecr\u00fcbelerimizle sabittir ki bizim \u00f6ng\u00f6rmedi\u011fimizi bilenler ve \u00e7\u00f6z\u00fclmenin \u015fifrelerini i\u00e7ten i\u00e7e elitlere s\u0131zd\u0131ran ve hatta dayatan yabanc\u0131 ba\u015fkentler vard\u0131r. Biz bu konuda ecdad\u0131m\u0131z\u0131n bu y\u0131k\u0131m\u0131n en iyimser haliyle, istemeden ama geli\u015fmeleri de hesaba katmadan yapt\u0131\u011f\u0131n\u0131 d\u00fc\u015f\u00fcnmek istiyorum. Bir as\u0131r sonra ayn\u0131 k\u00fcresel oyunlara bir kez daha d\u00fc\u015fenler i\u00e7in masum diyemeyece\u011fimiz gibi cahil tan\u0131m\u0131 bile bunlar\u0131 kar\u015f\u0131lamaya yetmeyecektir. Geride kalan y\u00fczy\u0131llarda ba\u015f\u0131m\u0131za ne geldi\u011fini bilerek, bug\u00fcn ayn\u0131s\u0131n\u0131 ya\u015fatanlar\u0131 a\u00e7\u0131klayacak tek kavram kalm\u0131\u015ft\u0131r o da ihanettir&#8221; dedi.<\/p>\n<p style=\"text-align: justify;\">1980 darbesinde ya\u015fanan ac\u0131lar\u0131 hat\u0131rlatan Bah\u00e7eli, o d\u00f6nemin hesab\u0131n\u0131n sorulaca\u011f\u0131n\u0131, ancak h\u00fck\u00fcmetin g\u00fcn\u00fc birlik \u00e7\u0131karlar\u0131 pe\u015finde ko\u015ftu\u011funu savundu.<\/p>\n<p style=\"text-align: justify;\">MHP lideri hi\u00e7bir milliyet\u00e7inin h\u00fck\u00fcmetle ortak hareket etmeyece\u011fini ifade ederken, \u201cBiz ba\u015fkalar\u0131, g\u00fcnl\u00fck birilik \u00e7\u0131karlar\u0131 pe\u015finde ko\u015fuyor diye, k\u00fcresel bir sarmal\u0131n dibine \u00e7ekiliyor diye, felaketleri \u00f6n g\u00f6remiyor diye, siyaset olsun diye \u00fclkemizin gelece\u011fini ate\u015fe atamay\u0131z. 12 Eyl\u00fcl 1980&#8217;le elbette hesapla\u015faca\u011f\u0131z, \u00e7ekilen \u00e7ileleri haf\u0131zalar\u0131m\u0131zda ta\u015f\u0131yaca\u011f\u0131z, haklar\u0131m\u0131z\u0131 asla helal etmeyece\u011fiz, bunlar bizim iki cihanda namusumuza emanettir. Ama bizim unutmayacaklar\u0131m\u0131z sadece bunlar m\u0131d\u0131r?  Soraca\u011f\u0131m\u0131z hesaplar bu d\u00f6nemden mi olmal\u0131d\u0131r? Devrin \u015fartlar\u0131nda, en m\u00fc\u015fk\u00fcl anlarda, g\u00f6sterdi\u011fimiz fedakarl\u0131klar\u0131 bir g\u00fcn hat\u0131rlamayanlar\u0131n oyunca\u011f\u0131 m\u0131 olaca\u011f\u0131z? Kim bu can verenler diye merak edip, ard\u0131m\u0131zdan bir Fatiha okumayanlarla m\u00fccadeleye mi girece\u011fiz? Bunlar nas\u0131l ya\u015f\u0131yorlar diye merak edip, hat\u0131r\u0131m\u0131z\u0131 bile sormayanlar\u0131n fig\u00fcran\u0131 m\u0131 olaca\u011f\u0131z? Hay\u0131r. Y\u00fcre\u011finde millet sevgisi olan hi\u00e7bir arkada\u015f\u0131m buna kanmaz. 7.5 y\u0131ld\u0131r milliyet\u00e7i kadrolarda her g\u00f6revde en az ihtilal h\u00fck\u00fcmeti kadar kan kusturan bu al\u00e7aklara inanmaz&#8221; dedi.<\/p>\n<p style=\"text-align: justify;\"><span style=\"color: #888888;\">CNN T\u00dcRK<\/span><\/p>\n","protected":false},"excerpt":{"rendered":"<p style=\"text-align: center;\">\n<p style=\"text-align: justify;\">Ba\u015fbakan Recep Tayyip Erdo\u011fan ile g\u00f6r\u00fc\u015fmeye kap\u0131lar\u0131 kapatan MHP lideri Devlet Bah\u00e7eli, bu karar\u0131n\u0131n gerek\u00e7esini a\u00e7\u0131klad\u0131. Bir kez daha h\u00fck\u00fcmetin a\u00e7\u0131l\u0131m projesini ele\u015ftiren Bah\u00e7eli, &#8220;Bu hatan\u0131n bedelini \u00f6demek i\u00e7in nelerden vazge\u00e7ece\u011fiz?&#8221; diye sordu. Bah\u00e7eli, &#8220;\u015eimdiye kadar hatr\u0131m\u0131z\u0131 bile sormayanlar\u0131n fig\u00fcran\u0131 olmay\u0131z&#8221; dedi.<\/p>\n","protected":false},"author":1,"featured_media":0,"comment_status":"open","ping_status":"closed","sticky":false,"template":"","format":"standard","meta":{"footnotes":""},"categories":[105],"tags":[],"class_list":["post-24210","post","type-post","status-publish","format-standard","hentry","category-gundem","odd"],"_links":{"self":[{"href":"http:\/\/www.korhanyilmaz.com\/index.php?rest_route=\/wp\/v2\/posts\/24210","targetHints":{"allow":["GET"]}}],"collection":[{"href":"http:\/\/www.korhanyilmaz.com\/index.php?rest_route=\/wp\/v2\/posts"}],"about":[{"href":"http:\/\/www.korhanyilmaz.com\/index.php?rest_route=\/wp\/v2\/types\/post"}],"author":[{"embeddable":true,"href":"http:\/\/www.korhanyilmaz.com\/index.php?rest_route=\/wp\/v2\/users\/1"}],"replies":[{"embeddable":true,"href":"http:\/\/www.korhanyilmaz.com\/index.php?rest_route=%2Fwp%2Fv2%2Fcomments&post=24210"}],"version-history":[{"count":0,"href":"http:\/\/www.korhanyilmaz.com\/index.php?rest_route=\/wp\/v2\/posts\/24210\/revisions"}],"wp:attachment":[{"href":"http:\/\/www.korhanyilmaz.com\/index.php?rest_route=%2Fwp%2Fv2%2Fmedia&parent=24210"}],"wp:term":[{"taxonomy":"category","embeddable":true,"href":"http:\/\/www.korhanyilmaz.com\/index.php?rest_route=%2Fwp%2Fv2%2Fcategories&post=24210"},{"taxonomy":"post_tag","embeddable":true,"href":"http:\/\/www.korhanyilmaz.com\/index.php?rest_route=%2Fwp%2Fv2%2Ftags&post=24210"}],"curies":[{"name":"wp","href":"https:\/\/api.w.org\/{rel}","templated":true}]}}