{"id":24207,"date":"2010-07-13T16:34:57","date_gmt":"2010-07-13T16:34:57","guid":{"rendered":"http:\/\/www.korhanyilmaz.com\/?p=24207"},"modified":"2010-07-13T16:34:57","modified_gmt":"2010-07-13T16:34:57","slug":"kilicdaroglu-millet-bu-hapi-yutmaz","status":"publish","type":"post","link":"http:\/\/www.korhanyilmaz.com\/?p=24207","title":{"rendered":"K\u0131l\u0131\u00e7daro\u011flu: &#8220;Millet bu hap\u0131 yutmaz&#8221;"},"content":{"rendered":"<p style=\"text-align: center;\"><a href=\"http:\/\/www.korhanyilmaz.com\/wp-content\/uploads\/2010\/07\/234.jpg\"  class=\"lightview\"><img loading=\"lazy\" decoding=\"async\" class=\"aligncenter size-full wp-image-24208\" src=\"http:\/\/www.korhanyilmaz.com\/wp-content\/uploads\/2010\/07\/234.jpg\" alt=\"\" width=\"346\" height=\"266\" \/><\/a><\/p>\n<p style=\"text-align: justify;\">CHP Genel Ba\u015fkan\u0131 Kemal K\u0131l\u0131\u00e7daro\u011flu partisinin TBMM grup toplant\u0131s\u0131nda konu\u015ftu. Ba\u015fbakan Recep Tayyip Erdo\u011fan ve h\u00fck\u00fcmete y\u00fcklenen K\u0131l\u0131\u00e7daro\u011flu, h\u00fck\u00fcmetin yarg\u0131y\u0131 ele ge\u00e7irmeye \u00e7al\u0131\u015ft\u0131\u011f\u0131n\u0131 savunurken, \u201cBu millet bu hap\u0131 yutmaz, hap\u0131 yutmamal\u0131. Vatanda\u015flar\u0131m\u0131z bilin\u00e7li sand\u0131\u011fa gitmeli ve oyunu kullanmal\u0131&#8221; dedi. Dokunulmazl\u0131klarla ilgili de Ba\u015fbakan&#8217;a y\u00fcklenen K\u0131l\u0131\u00e7daro\u011flu, &#8220;Halka hesap vermekten korkan bir Ba\u015fbakan&#8217;a bu \u00fclkenin ihtiyac\u0131 yok&#8221; diye konu\u015ftu.<!--more--><\/p>\n<p style=\"text-align: justify;\">K\u0131l\u0131\u00e7daro\u011flu&#8217;nun hedefinde anayasa de\u011fi\u015fiklik paketi ve Ba\u015fbakan Tayyip Erdo\u011fan vard\u0131.<\/p>\n<p style=\"text-align: justify;\">H\u00fck\u00fcmetin uygulamalar\u0131yla s\u00f6ylemlerinin \u00e7eli\u015fti\u011fini iddia eden K\u0131l\u0131\u00e7daro\u011flu, h\u00fck\u00fcmetin \u015fu anki yasalara ayk\u0131r\u0131 hareket etti\u011fini, ancak ayn\u0131 zamanda da anayasa haz\u0131rlama iddias\u0131nda bulundu\u011funu s\u00f6yledi.<\/p>\n<p style=\"text-align: justify;\">Bunun inand\u0131r\u0131c\u0131 olmad\u0131\u011f\u0131n\u0131 s\u00f6yleyen K\u0131l\u0131\u00e7daro\u011flu, \u201c\u015eehit ailelerine pozitif ayr\u0131mc\u0131l\u0131k diyorlar, aileleri bayrakla Meclis&#8217;e kim sokmad\u0131? Memurlara toplu s\u00f6zle\u015fme diyorlar, grev hakk\u0131 yok. Memur grev yapamaz diyorlar. \u0130nsanlar\u0131 kand\u0131r\u0131yorsunuz. Bunlar\u0131n temel amac\u0131 hak ve \u00f6zg\u00fcrl\u00fck de\u011fil, Y\u00fcce Divan&#8217;dan kurtulmak i\u00e7in yarg\u0131y\u0131 ele ge\u00e7irmektir&#8221; diye konu\u015ftu.<\/p>\n<p style=\"text-align: justify;\">Halk\u0131 referandumda hay\u0131r oyu kullanmaya davet eden K\u0131l\u0131\u00e7daro\u011flu, &#8220;Dokunulmazl\u0131klar\u0131 s\u00f6z verdi\u011fin halde kald\u0131rmayacaks\u0131n, yarg\u0131y\u0131 ele ge\u00e7irmek i\u00e7in \u00f6zel d\u00fczenlemeler yapacaks\u0131n, sonra diyeceksin ki &#8216;biz bunu hap gibi yapt\u0131k&#8217; Bu millet, bu hap\u0131 yutmaz. Hap\u0131 yutmamal\u0131d\u0131r. Vatanda\u015f\u0131m\u0131z bilin\u00e7li, sand\u0131\u011fa gitmeli, e\u011friyi do\u011fruyu \u00f6l\u00e7meli ve ona g\u00f6re oyunu kullanmal\u0131d\u0131r. AKP&#8217;nin ikiy\u00fczl\u00fc politikalar\u0131 \u00e7ok a\u00e7\u0131k ve net ortada, bu politikalara halk\u0131m\u0131z tutsak olmamal\u0131. Do\u011frusu neyse o ba\u011flamda d\u00fc\u015f\u00fcnmeli, karar\u0131n\u0131 vermeli. Bu H\u00fck\u00fcmet \u00f6zg\u00fcrl\u00fckleri getiren, haklar\u0131 geni\u015fleten bir h\u00fck\u00fcmet de\u011fildir. Hatta bu Anayasa d\u00fczenlemesiyle \u015fikayet hakk\u0131, yarg\u0131ya ba\u015fvurma hakk\u0131 gibi haklar elinden al\u0131nmaktad\u0131r. Daha dikkatli, tutarl\u0131, olaylar\u0131 sorgulayan, T\u00fcrkiye&#8217;nin gelece\u011fini d\u00fc\u015f\u00fcnen bir anlay\u0131\u015fla sand\u0131\u011fa gidip, 12 Eyl\u00fcl&#8217;de 12 Eyl\u00fcl&#8217;\u00fcn uzant\u0131s\u0131 olan bu Anayasa&#8217;ya, 12 Eyl\u00fcl Anayasas\u0131&#8217;na nas\u0131l &#8216;hay\u0131r&#8217; diyorsak, sivil dikta Anayasas\u0131&#8217;na da ayn\u0131 gerek\u00e7elerle &#8216;hay\u0131r&#8217; demeliyiz&#8221; ifadesini kulland\u0131.<\/p>\n<p style=\"text-align: justify;\"><strong>&#8220;\u0130\u015finize gelmeyenleri&#8230;&#8221; <\/strong><\/p>\n<p style=\"text-align: justify;\">\u00d6zel ya\u015fam\u0131n gizlili\u011fiyle ilgili d\u00fczenlemeye de i\u015faret eden K\u0131l\u0131\u00e7daro\u011flu, s\u00f6zlerini \u015f\u00f6yle s\u00fcrd\u00fcrd\u00fc:<\/p>\n<p style=\"text-align: justify;\">&#8220;Bu H\u00fck\u00fcmetten \u00f6nce biz, telefonlarla rahat konu\u015fmuyor muyduk? Ula\u015ft\u0131rma Bakan\u0131, &#8216;telefonlar\u0131n\u0131z\u0131n dinlenmesini istemiyorsan\u0131z, telefonla konu\u015fmay\u0131n&#8217; demedi mi? Anayasa h\u00fckm\u00fc haline getirseniz ne olur getirmeseniz ne olur, sizzaten dinliyor, dinletiyor, dinleyenlere kucak a\u00e7\u0131yorsunuz, onlar\u0131n s\u0131rt\u0131n\u0131s\u0131vazl\u0131yorsunuz, ama i\u015finize gelmeyenleri de Silivri&#8217;ye g\u00f6nderiyorsunuz. Bilgi edinme hakk\u0131yla ilgili d\u00fczenleme de geliyor ama zaten yasas\u0131 var. Burada da ikiy\u00fczl\u00fc bir politika izliyorlar. Milletvekillerinin sordu\u011fu sorulara, H\u00fck\u00fcmetin 15 g\u00fcn i\u00e7inde cevap vermesi gerekirsen 8 y\u0131l i\u00e7erisinde 7 bin 37 soru \u00f6nergesine ya cevap verilmemi\u015f ya s\u00fcresinden sonra verilmi\u015f. 8 y\u0131ld\u0131r cevap verilmeyen soru \u00f6nergelerinin oldu\u011funu biliyorum.&#8221;<\/p>\n<p style=\"text-align: justify;\"><strong>&#8220;Deniz Baykal&#8217;\u0131n u\u011frad\u0131\u011f\u0131 ma\u011fduriyetin hesab\u0131n\u0131 sormak zorunday\u0131z&#8221; <\/strong><\/p>\n<p style=\"text-align: justify;\">Kemal K\u0131l\u0131\u00e7daro\u011flu, Ba\u015fbakan Recep Tayyip Erdo\u011fan ile g\u00f6r\u00fc\u015fmesinde uygun ortam olmas\u0131 halinde eski Deniz Baykal&#8217;a ait oldu\u011fu iddia edilen kaset olay\u0131n\u0131 da g\u00fcndeme getirece\u011fini belirterek, &#8220;Deniz Bey&#8217;in u\u011frad\u0131\u011f\u0131 ma\u011fduriyetin hesab\u0131n\u0131 sormak zorunday\u0131z&#8221; dedi.<\/p>\n<p style=\"text-align: justify;\">K\u0131l\u0131\u00e7daro\u011flu, Ba\u015fbakan Erdo\u011fan&#8217;a atfen, Baykal&#8217;\u0131n oldu\u011fu iddia edilen kasetle ilgili olarak bas\u0131nda yer alan &#8220;Failler birbiriyle tokala\u015fm\u0131yor&#8221; s\u00f6zlerini TBMM&#8217;de bir grup gazeteciye de\u011ferlendirdi.<\/p>\n<p style=\"text-align: justify;\">&#8220;Deniz Bey ile Nesrin Han\u0131m&#8217;\u0131n foto\u011fraf\u0131n\u0131 kast ediyor herhalde. Onlar fail de\u011fil, ma\u011fdur&#8230;&#8221; diyen K\u0131l\u0131\u00e7daro\u011flu, &#8220;bunlar \u00e7ok d\u00fczeysiz ifadeler&#8221; de\u011ferlendirmesine oldu\u011funu ifade etti.<\/p>\n<p style=\"text-align: justify;\">K\u0131l\u0131\u00e7daro\u011flu, &#8220;Senin i\u015fin ma\u011fdurlar\u0131 su\u00e7lamak de\u011fil, kendine bak, onlar\u0131n haklar\u0131na sahip \u00e7\u0131k. As\u0131l failleri ortaya \u00e7\u0131kar&#8221; \u015feklinde konu\u015ftu.<\/p>\n<p style=\"text-align: justify;\">Erdo\u011fan ile g\u00f6r\u00fc\u015fmesinde bu konuyu g\u00fcndeme getirip getirmeyece\u011fine ili\u015fkin soruyu, K\u0131l\u0131\u00e7daro\u011flu, &#8220;Uygun ortam olursa evet. Deniz Bey&#8217;in u\u011frad\u0131\u011f\u0131 ma\u011fduriyetin hesab\u0131n\u0131 sormak zorunday\u0131z&#8221; diye yan\u0131tlad\u0131.<\/p>\n<p style=\"text-align: justify;\"><span style=\"color: #888888;\">CNN T\u00dcRK<\/span><\/p>\n","protected":false},"excerpt":{"rendered":"<p style=\"text-align: center;\">\n<p style=\"text-align: justify;\">CHP Genel Ba\u015fkan\u0131 Kemal K\u0131l\u0131\u00e7daro\u011flu partisinin TBMM grup toplant\u0131s\u0131nda konu\u015ftu. Ba\u015fbakan Recep Tayyip Erdo\u011fan ve h\u00fck\u00fcmete y\u00fcklenen K\u0131l\u0131\u00e7daro\u011flu, h\u00fck\u00fcmetin yarg\u0131y\u0131 ele ge\u00e7irmeye \u00e7al\u0131\u015ft\u0131\u011f\u0131n\u0131 savunurken, \u201cBu millet bu hap\u0131 yutmaz, hap\u0131 yutmamal\u0131. Vatanda\u015flar\u0131m\u0131z bilin\u00e7li sand\u0131\u011fa gitmeli ve oyunu kullanmal\u0131&#8221; dedi. Dokunulmazl\u0131klarla ilgili de Ba\u015fbakan&#8217;a y\u00fcklenen K\u0131l\u0131\u00e7daro\u011flu, &#8220;Halka hesap vermekten korkan bir <\/p>\n","protected":false},"author":1,"featured_media":0,"comment_status":"open","ping_status":"closed","sticky":false,"template":"","format":"standard","meta":{"footnotes":""},"categories":[105],"tags":[],"class_list":["post-24207","post","type-post","status-publish","format-standard","hentry","category-gundem","odd"],"_links":{"self":[{"href":"http:\/\/www.korhanyilmaz.com\/index.php?rest_route=\/wp\/v2\/posts\/24207","targetHints":{"allow":["GET"]}}],"collection":[{"href":"http:\/\/www.korhanyilmaz.com\/index.php?rest_route=\/wp\/v2\/posts"}],"about":[{"href":"http:\/\/www.korhanyilmaz.com\/index.php?rest_route=\/wp\/v2\/types\/post"}],"author":[{"embeddable":true,"href":"http:\/\/www.korhanyilmaz.com\/index.php?rest_route=\/wp\/v2\/users\/1"}],"replies":[{"embeddable":true,"href":"http:\/\/www.korhanyilmaz.com\/index.php?rest_route=%2Fwp%2Fv2%2Fcomments&post=24207"}],"version-history":[{"count":0,"href":"http:\/\/www.korhanyilmaz.com\/index.php?rest_route=\/wp\/v2\/posts\/24207\/revisions"}],"wp:attachment":[{"href":"http:\/\/www.korhanyilmaz.com\/index.php?rest_route=%2Fwp%2Fv2%2Fmedia&parent=24207"}],"wp:term":[{"taxonomy":"category","embeddable":true,"href":"http:\/\/www.korhanyilmaz.com\/index.php?rest_route=%2Fwp%2Fv2%2Fcategories&post=24207"},{"taxonomy":"post_tag","embeddable":true,"href":"http:\/\/www.korhanyilmaz.com\/index.php?rest_route=%2Fwp%2Fv2%2Ftags&post=24207"}],"curies":[{"name":"wp","href":"https:\/\/api.w.org\/{rel}","templated":true}]}}