{"id":24198,"date":"2010-07-11T16:36:40","date_gmt":"2010-07-11T16:36:40","guid":{"rendered":"http:\/\/www.korhanyilmaz.com\/?p=24198"},"modified":"2010-07-11T16:36:40","modified_gmt":"2010-07-11T16:36:40","slug":"yarsav-baskani-yargiclarin-karari-denetlenmek-isteniyor%e2%80%99","status":"publish","type":"post","link":"http:\/\/www.korhanyilmaz.com\/?p=24198","title":{"rendered":"YARSAV Ba\u015fkan\u0131: &#8216;Yarg\u0131\u00e7lar\u0131n karar\u0131 denetlenmek isteniyor\u2019"},"content":{"rendered":"<div id=\"attachment_24201\" style=\"width: 320px\" class=\"wp-caption aligncenter\"><a href=\"http:\/\/www.korhanyilmaz.com\/wp-content\/uploads\/2010\/07\/233.jpg\"  class=\"lightview\"><img loading=\"lazy\" decoding=\"async\" aria-describedby=\"caption-attachment-24201\" class=\"size-full wp-image-24201    \" src=\"http:\/\/www.korhanyilmaz.com\/wp-content\/uploads\/2010\/07\/233.jpg\" alt=\"\" width=\"310\" height=\"231\" \/><\/a><p id=\"caption-attachment-24201\" class=\"wp-caption-text\">YARGI\u00c7LAR ve Savc\u0131lar Birli\u011fi (YARSAV) Ba\u015fkan\u0131 Emine \u00dclker Tarhan<\/p><\/div>\n<p style=\"text-align: justify;\">YARGI\u00c7LAR ve Savc\u0131lar Birli\u011fi (YARSAV) Ba\u015fkan\u0131 Emine \u00dclker Tarhan, \u201cYarg\u0131\u00e7lar\u0131n verdi\u011fi b\u00fct\u00fcn kararlar, yarg\u0131\u00e7 olmayan bir mekanizma taraf\u0131ndan denetlenmek isteniyor\u201d dedi. <!--more--><\/p>\n<p style=\"text-align: justify;\">Kayseri&#8217;nin merkez Kocasinan Belediyesi Meclis Salonu&#8217;nda d\u00fczenlenen \u2018Anayasa De\u011fi\u015fiklik Paketi Hakimler ve Savc\u0131lar Y\u00fcksek Kurulu&#8217;nun yap\u0131s\u0131, Ekonomik ve Sosyal Alanlardaki De\u011fi\u015fiklikler\u2019 konulu toplant\u0131da moderat\u00f6rl\u00fck yapan YARSAV Ba\u015fkan\u0131 Emine \u00dclker Tarhan, \u00f6nce uzun bir konu\u015fma yapt\u0131. S\u00f6zlerine \u201cTuza\u011f\u0131n fark\u0131n da m\u0131s\u0131n\u0131z?\u201d diyerek ba\u015flayan Tarhan \u015f\u00f6yle devam etti: \u201cHSYK\u2019nin yap\u0131lanmas\u0131nda neden kurulun ba\u015fkan\u0131 Adalet Bakan\u0131&#8217;d\u0131r? Ard\u0131ndan gelen t\u00fcm yetkiler kurul ba\u015fkan\u0131na aittir. \u00c7\u00fcnk\u00fc bir yan\u0131ltma istenmektedir. Toplum yanl\u0131\u015f bilgilendirilmek istenmektedir. Kurul s\u0131fat\u0131yla yap\u0131lan hi\u00e7bir i\u015flemde ihra\u00e7 d\u0131\u015f\u0131nda yarg\u0131 denetimine tabi de\u011fildir. Adli t\u0131p kurumu da dahil daha bir\u00e7ok kurum ilgili ve ba\u011fl\u0131 kurulu\u015f direkt anayasa h\u00fckm\u00fcyle adalet bakan\u0131n\u0131n emrine veriliyor. Atamalar onun yetkisi dahilinde. Avrupa \u0130nsan Haklar\u0131 Mahkemesi kararlar\u0131na kar\u015f\u0131 kurumun b\u00fct\u00fcn disiplin kararlar\u0131 b\u00fct\u00fcn kararlar\u0131 de\u011fil sadece ihra\u00e7 kararlar\u0131na kar\u015f\u0131 yarg\u0131 yolu a\u00e7\u0131ld\u0131. Neden? Neden b\u00fct\u00fcn kararlar\u0131na kar\u015f\u0131 yarg\u0131 yolu a\u00e7\u0131lm\u0131yor? Bunun sorusunu soruyoruz fakat yan\u0131t alam\u0131yoruz.\u201d<\/p>\n<p style=\"text-align: justify;\">Tarhan, hakim ve savc\u0131lar\u0131n travmatik disiplin su\u00e7lar\u0131yla kar\u015f\u0131 kar\u015f\u0131ya kald\u0131klar\u0131na de\u011finerek, \u015funlar\u0131 s\u00f6yledi: \u201c\u00d6rne\u011fin, yer de\u011fi\u015ftirme cezas\u0131 vard\u0131r b\u00fct\u00fcn kariyerinizi etkiler. Birinci s\u0131n\u0131f yarg\u0131\u00e7 olamazs\u0131n\u0131z yer de\u011fi\u015ftirme cezas\u0131 ald\u0131\u011f\u0131n\u0131zda. Siz kendinize benzeyen yarg\u0131\u00e7lar\u0131n bir yer de\u011fi\u015ftirme cezas\u0131yla birinci s\u0131n\u0131f olmalar\u0131n\u0131 engelleyebilir ve bunu yarg\u0131 denetiminden bu s\u00fcrekle ka\u00e7\u0131rabilirsiniz. \u0130ki yer de\u011fi\u015ftirme cezas\u0131 ihra\u00e7 anlam\u0131na gelir. Nedense b\u00fct\u00fcn kararlara kar\u015f\u0131 yarg\u0131 yolu a\u00e7\u0131lmam\u0131\u015f, sadece ihra\u00e7 kararlar\u0131na kar\u015f\u0131 a\u00e7\u0131lm\u0131\u015f. Bu son derece rahats\u0131z edici bir geli\u015fmedir.\u201d<\/p>\n<p style=\"text-align: justify;\">YARSAV Ba\u015fkan\u0131 Tarhan, \u201cBen bir ceza yarg\u0131c\u0131y\u0131m. Uzun y\u0131llard\u0131r ceza yarg\u0131lamas\u0131n\u0131 yapmaktay\u0131m ve ceza y\u00f6ntem yasalar\u0131n\u0131 bildi\u011fimi d\u00fc\u015f\u00fcn\u00fcyorum\u201d dedikten sonra \u015f\u00f6yle devam etti: \u201cYar\u0131n 20 y\u0131ld\u0131r bu i\u015fin i\u00e7inde olan birisi olarak ceza yarg\u0131lamas\u0131n\u0131n ne kadar g\u00fc\u00e7 oldu\u011funu bir insan\u0131n \u00f6zg\u00fcrl\u00fc\u011f\u00fc ba\u011flay\u0131c\u0131 bir cezaya mahkum edilmesi s\u00fcrecinin ne kadar zor oldu\u011funu k\u0131l\u0131 k\u0131rk yarmak gerekti\u011fini birg\u00fcn dahi bir insan\u0131n tutuklu k\u0131lman\u0131n insan\u0131n geceleri uykusunu b\u00f6ld\u00fc\u011f\u00fcn\u00fc bilen birisi olarak hi\u00e7 yarg\u0131\u00e7 olmayan, b\u0131rak\u0131n\u0131z yarg\u0131c\u0131, hukuk\u00e7u olmayan bir k\u0131s\u0131m insanlar\u0131n anayasa mahkemesinde y\u00fcce divan s\u0131fat\u0131yla \u00e7ok a\u011f\u0131r ceza yarg\u0131lamas\u0131n\u0131 nas\u0131l yapaca\u011f\u0131n\u0131 d\u00fc\u015f\u00fcn\u00fcyorsunuz? T\u00fcrk yarg\u0131s\u0131n\u0131n verdi\u011fi, hukuk\u00e7ular\u0131n, yarg\u0131\u00e7lar\u0131n 87 y\u0131ll\u0131k birikimiyle verdi\u011fini de\u011fi\u015ftirirsiniz. Yanl\u0131\u015flarda yapm\u0131\u015ft\u0131r T\u00fcrk yarg\u0131s\u0131. Bunlar\u0131 masaya yat\u0131r\u0131lmas\u0131 ne\u015fter at\u0131lmas\u0131 elbette ki gereklidir. Ancak yarg\u0131\u00e7lar\u0131n verdi\u011fi kararlar\u0131 siz yarg\u0131\u00e7 olmayanlar\u0131n denetlemesini T\u00fcrk yarg\u0131s\u0131n\u0131n b\u00fct\u00fcn kararlar\u0131n\u0131 yarg\u0131\u00e7 olmayan bir mekanizman\u0131n bir yap\u0131n\u0131n de\u011ferlendirmesini sa\u011flamak istiyorsunuz.\u201d YARSAV Ba\u015fkan\u0131 Emine \u00dclker Tarhan, ilgiyle dinlenen ve zaman zaman sorularla kesilen konu\u015fmas\u0131n\u0131, medya g\u00fcc\u00fcn\u00fc kullanarak hakimlere savc\u0131lar\u0131na sald\u0131ranlara, onlar\u0131n telefonlar\u0131n\u0131 dinleyenlere ay\u0131r\u0131p, \u015f\u00f6yle bitirdi:<\/p>\n<p style=\"text-align: justify;\">\u201cBu anayasa de\u011fi\u015fikli\u011fine \u00f6l\u00fcm\u00fcne sar\u0131lan ve destekleyenlere yak\u0131ndan bakal\u0131m. Sanki bu de\u011fi\u015fikli\u011fi savunanlar g\u00f6rd\u00fc\u011f\u00fcn\u00fcz kadar\u0131yla her devletin kendi kurucu felsefesini korumas\u0131 bir su\u00e7mu\u015f gibi Cumhuriyetin kurucu de\u011ferlerini ve onu savunanlara herg\u00fcn sald\u0131r\u0131yorlar. Onlar herg\u00fcn sald\u0131ranlar, darbelerden herg\u00fcn zarar g\u00f6renleri stat\u00fckoculukla su\u00e7lay\u0131p, medya g\u00fcc\u00fcn\u00fc kullan\u0131p masum insanlar\u0131n telefon konu\u015fmalar\u0131n\u0131, soru\u015fturma dosyalar\u0131n\u0131 gizlilik ilkelerini hi\u00e7e say\u0131p savc\u0131lardan da \u00f6nce gidip \u00e7\u00f6zenler yay\u0131nlayanlar hepsi birden hukuk e\u011fitimi almadan hukuk\u00e7u olanlar, hayat\u0131nda hi\u00e7 k\u00fcrs\u00fcye oturmadan yarg\u0131\u00e7l\u0131k yapmadan yarg\u0131\u00e7 olanlar, ceza y\u00f6ntem yasalar\u0131 konusunda uzman muhasebeciler, k\u00f6\u015fe yazarc\u0131klar\u0131 var aralar\u0131nda. Bunlar\u0131n getirilmek istendi\u011fi yer \u015fa\u015f\u0131rt\u0131c\u0131 de\u011fil bizce. L\u00fctfen anayasan\u0131n yarg\u0131 b\u00f6l\u00fcm\u00fcnde yap\u0131lacak bu de\u011fi\u015fikli\u011fi destekleyenlere yak\u0131ndan bakal\u0131m. S\u0131rf g\u00f6revini yapt\u0131 diye Mustafa Y\u00fccel \u00d6zbilgin\u2019i hedef g\u00f6sterenler ve Dan\u0131\u015ftay\u2019\u0131 kana bulayanlar\u0131 kutsayanlar, k\u00fc\u00e7\u00fck bir k\u0131z \u00e7ocu\u011funa tacizi yanl\u0131\u015f\u0131 yapm\u0131\u015fsa onu bir zihniyete sahipler.\u201d<\/p>\n<p style=\"text-align: justify;\"><a href=\"http:\/\/www.milliyet.com.tr\/Yasam\/SonDakika.aspx?aType=SonDakika&amp;ArticleID=1262154&amp;Date=13.07.2010&amp;Kategori=turkiye&amp;b=YARSAV%20Baskani:%20Yargiclarin%20karari%20denetlenmek%20isteniyor&amp;ver=30\" target=\"_blank\">\u0130smet K\u00d6ZELO\/KAYSER\u0130, (DHA) \/ Milliyet<\/a><\/p>\n","protected":false},"excerpt":{"rendered":"<p id=\"caption-attachment-24201\" class=\"wp-caption-text\">YARGI\u00c7LAR ve Savc\u0131lar Birli\u011fi (YARSAV) Ba\u015fkan\u0131 Emine \u00dclker Tarhan<\/p>\n<p style=\"text-align: justify;\">YARGI\u00c7LAR ve Savc\u0131lar Birli\u011fi (YARSAV) Ba\u015fkan\u0131 Emine \u00dclker Tarhan, \u201cYarg\u0131\u00e7lar\u0131n verdi\u011fi b\u00fct\u00fcn kararlar, yarg\u0131\u00e7 olmayan bir mekanizma taraf\u0131ndan denetlenmek isteniyor\u201d dedi. <\/p>\n","protected":false},"author":1,"featured_media":0,"comment_status":"open","ping_status":"closed","sticky":false,"template":"","format":"standard","meta":{"footnotes":""},"categories":[105],"tags":[],"class_list":["post-24198","post","type-post","status-publish","format-standard","hentry","category-gundem","odd"],"_links":{"self":[{"href":"http:\/\/www.korhanyilmaz.com\/index.php?rest_route=\/wp\/v2\/posts\/24198","targetHints":{"allow":["GET"]}}],"collection":[{"href":"http:\/\/www.korhanyilmaz.com\/index.php?rest_route=\/wp\/v2\/posts"}],"about":[{"href":"http:\/\/www.korhanyilmaz.com\/index.php?rest_route=\/wp\/v2\/types\/post"}],"author":[{"embeddable":true,"href":"http:\/\/www.korhanyilmaz.com\/index.php?rest_route=\/wp\/v2\/users\/1"}],"replies":[{"embeddable":true,"href":"http:\/\/www.korhanyilmaz.com\/index.php?rest_route=%2Fwp%2Fv2%2Fcomments&post=24198"}],"version-history":[{"count":0,"href":"http:\/\/www.korhanyilmaz.com\/index.php?rest_route=\/wp\/v2\/posts\/24198\/revisions"}],"wp:attachment":[{"href":"http:\/\/www.korhanyilmaz.com\/index.php?rest_route=%2Fwp%2Fv2%2Fmedia&parent=24198"}],"wp:term":[{"taxonomy":"category","embeddable":true,"href":"http:\/\/www.korhanyilmaz.com\/index.php?rest_route=%2Fwp%2Fv2%2Fcategories&post=24198"},{"taxonomy":"post_tag","embeddable":true,"href":"http:\/\/www.korhanyilmaz.com\/index.php?rest_route=%2Fwp%2Fv2%2Ftags&post=24198"}],"curies":[{"name":"wp","href":"https:\/\/api.w.org\/{rel}","templated":true}]}}