{"id":24185,"date":"2010-07-13T11:28:19","date_gmt":"2010-07-13T11:28:19","guid":{"rendered":"http:\/\/www.korhanyilmaz.com\/?p=24185"},"modified":"2010-07-13T11:28:19","modified_gmt":"2010-07-13T11:28:19","slug":"paketi-aslinda-kim-hazirladi","status":"publish","type":"post","link":"http:\/\/www.korhanyilmaz.com\/?p=24185","title":{"rendered":"Paketi Asl\u0131nda Kim Haz\u0131rlad\u0131?"},"content":{"rendered":"<p style=\"text-align: center;\"><a href=\"http:\/\/www.korhanyilmaz.com\/wp-content\/uploads\/2010\/07\/230.jpg\"  class=\"lightview\"><img loading=\"lazy\" decoding=\"async\" class=\"aligncenter size-full wp-image-24186\" src=\"http:\/\/www.korhanyilmaz.com\/wp-content\/uploads\/2010\/07\/230.jpg\" alt=\"\" width=\"419\" height=\"198\" \/><\/a><\/p>\n<p style=\"text-align: justify;\">Yeni\u00e7a\u011f yazar\u0131 Arslan Bulut, ABD\u2019li dan\u0131\u015fman savc\u0131 olay\u0131ndan sonra, Adalet Bakanl\u0131\u011f\u0131n\u0131n i\u00e7inde oldu\u011fu ba\u015fka bir skandal\u0131n daha \u00fczerine gitti. Yazar\u0131n Dan\u0131\u015ftay 2. Dairesi Tetkik Hakimi Fetih Say\u0131n\u2019a dayanarak verdi\u011fi bilgiye g\u00f6re, Adalet Bakanl\u0131\u011f\u0131n\u0131n \u201cyarg\u0131 reformu\u201d \u00e7al\u0131\u015fmalar\u0131nda UNDP (Birle\u015fmi\u015f Milletler Kalk\u0131nma Program\u0131) dan\u0131\u015fman\u0131 Larry Taman aktif rol oynam\u0131\u015f. <!--more--><\/p>\n<p style=\"text-align: justify;\">Arslan Bulut\u2019un bug\u00fcnk\u00fc \u201cSe\u00e7mene uyar\u0131: Yarg\u0131 reformunu UNDP haz\u0131rlad\u0131!\u201d ba\u015fl\u0131kl\u0131 yaz\u0131s\u0131 \u015f\u00f6yle:<\/p>\n<p style=\"text-align: justify;\">Amerikal\u0131 bir savc\u0131n\u0131n Adalet Bakanl\u0131\u011f\u0131\u2019na dan\u0131\u015fmanl\u0131k yapt\u0131\u011f\u0131n\u0131 yazd\u0131\u011f\u0131mda bakanl\u0131k bu haberi yalanlam\u0131\u015ft\u0131. Sonra Ayd\u0131nl\u0131k dergisinde, Susanne Hayden adl\u0131 bu savc\u0131n\u0131n, resmi olarak Amerikan B\u00fcy\u00fckel\u00e7ili\u011fi b\u00fcnyesinde \u00e7al\u0131\u015fmakla birlikte, 25-26 Ocak 2007\u2019de \u0130stanbul\u2019daki hakim evinde, sekiz ilin \u00f6zel yetkili Ba\u015fsavc\u0131 vekili ve Adalet Bakanl\u0131\u011f\u0131\u2019ndan \u00fc\u00e7 yetkili ile \u00e7al\u0131\u015ftay d\u00fczenledi\u011fi ve ter\u00f6rle m\u00fccadele y\u00f6ntemlerini anlatt\u0131\u011f\u0131 ortaya \u00e7\u0131kar\u0131ld\u0131. Adalet Bakanl\u0131\u011f\u0131, bu haberler \u00fczerine herhangi bir a\u00e7\u0131klama yapamad\u0131.<\/p>\n<p style=\"text-align: justify;\">***<\/p>\n<p style=\"text-align: justify;\">\u015eimdi en az bu skandal kadar b\u00fcy\u00fck bir skandal\u0131 yine a\u00e7\u0131k kaynaklardan elde etti\u011fim bilgilerle bilginize sunuyorum&#8230;<\/p>\n<p style=\"text-align: justify;\">Anayasa reformu denilen ve T\u00fcrk yarg\u0131 sistemini alt\u00fcst eden \u00e7al\u0131\u015fmalar, uzun s\u00fcreden beri Adalet Bakanl\u0131\u011f\u0131 ile Birle\u015fmi\u015f Milletler Kalk\u0131nma Program\u0131 (UNDP) taraf\u0131ndan s\u00fcrd\u00fcr\u00fcl\u00fcyor.<\/p>\n<p style=\"text-align: justify;\">Dan\u0131\u015ftay 2. Dairesi Tetkik Hakimi Fetih Say\u0131n, Dan\u0131\u015ftay Ba\u015fkanl\u0131\u011f\u0131 taraf\u0131ndan g\u00f6revlendirilerek 16-17 Nisan 2009 tarihlerinde Ankara Sheraton Oteli\u2019nde yap\u0131lan semineri takip etti ve bir rapor haz\u0131rlad\u0131.<\/p>\n<p style=\"text-align: justify;\">Fetih Say\u0131n \u00f6ncelikle UNDP\u2019nin \u0130nternet sitesini inceledi ve \u201cKurumsal Y\u00f6netim Perspektifinde Yarg\u0131 Reformunun Desteklenmesi\u201d projesinin 112 bin Amerikan Dolar\u0131 b\u00fct\u00e7esi oldu\u011funu ve Ocak-A\u011fustos 2008 tarihlerini kapsad\u0131\u011f\u0131n\u0131 tespit etti.<\/p>\n<p style=\"text-align: justify;\">UNDP sitesinde aynen \u015f\u00f6yle deniliyor:<\/p>\n<p style=\"text-align: justify;\">\u201cUNDP, ulusal h\u00fck\u00fcmet nezdinde g\u00fcvenilir bir ortakt\u0131r, yarg\u0131da iyi y\u00f6neti\u015fimi sa\u011flamada ulusal h\u00fck\u00fcmete katk\u0131 verecek pozisyondad\u0131r.<\/p>\n<p style=\"text-align: justify;\">Proje adalet reformunda T\u00fcrkiye\u2019ye yol haritas\u0131 haz\u0131rlamak i\u00e7in haz\u0131rlanm\u0131\u015ft\u0131r ve Adalet Bakanl\u0131\u011f\u0131, Hakimler ve Savc\u0131lar Y\u00fcksek Kurulu, Yarg\u0131tay ve Dan\u0131\u015ftay gibi y\u00fcksek mahkemelerin yap\u0131lar\u0131 ve kendi aralar\u0131ndaki etkile\u015fimlerine y\u00f6nelik genel bir de\u011ferlendirme sa\u011flayacakt\u0131r.\u201d<\/p>\n<p style=\"text-align: justify;\">***<\/p>\n<p style=\"text-align: justify;\">UNDP\u2019nin \u201cT\u00fcrk Yarg\u0131 Reformuna Destek\u201d ba\u015fl\u0131kl\u0131 raporunda da \u015fu bilgiler veriliyor:<\/p>\n<p style=\"text-align: justify;\">* \u201cYarg\u0131 Reformunun Desteklenmesi Projesi kapsam\u0131nda 13-14 Mart 2008 tarihinde Ankara\u2019da bir \u00e7al\u0131\u015ftay ger\u00e7ekle\u015ftirildi. Geni\u015f bir kat\u0131l\u0131mc\u0131 toplulu\u011funca ger\u00e7ekle\u015fen bu iki g\u00fcnl\u00fck \u00e7al\u0131\u015ftayda T\u00fcrkiye\u2019nin yarg\u0131 reformuna ili\u015fkin \u00e7abalar\u0131 ve \u00f6zellikle de Hakimler ve Savc\u0131lar Y\u00fcksek Kurulu ile Yarg\u0131tay ve Dan\u0131\u015ftay gibi y\u00fcksek mahkemelerin yap\u0131s\u0131 hakim ve savc\u0131lar gibi adalet akt\u00f6rlerince tart\u0131\u015f\u0131ld\u0131.<\/p>\n<p style=\"text-align: justify;\">* Hakimler ve Savc\u0131lar Y\u00fcksek Kurulu\u2019nun yap\u0131s\u0131ndaki olas\u0131 de\u011fi\u015fikliklere odaklan\u0131ld\u0131.<\/p>\n<p style=\"text-align: justify;\">* Kat\u0131l\u0131mc\u0131lar ayr\u0131ca, Personel \u0130\u015fleri Dairesi Genel M\u00fcd\u00fcr Yard\u0131mc\u0131s\u0131\u2019nca Hakimler ve Savc\u0131lar Y\u00fcksek Kurulu\u2019nun yap\u0131s\u0131, \u00fcyelerinin se\u00e7im prosed\u00fcrleri, atama ve terfilere ili\u015fkin g\u00f6rev ve sorumluluklar\u0131 hakk\u0131nda bilgilendirildi. \u00c7al\u0131\u015ftay\u0131n ikinci g\u00fcn\u00fc, Yarg\u0131tay ve Dan\u0131\u015ftay ba\u015fta olmak \u00fczere y\u00fcksek mahkemelerin yap\u0131s\u0131na ili\u015fkin tart\u0131\u015fma ve g\u00f6r\u00fc\u015f al\u0131\u015fveri\u015fini m\u00fcmk\u00fcn k\u0131lan platformlara ayr\u0131ld\u0131.<\/p>\n<p style=\"text-align: justify;\">* \u00c7al\u0131\u015ftaya UNDP Bratislava B\u00f6lgesel Merkez Ofisi temsilcileri ve uluslararas\u0131 dan\u0131\u015fman Larry Taman da kat\u0131larak Hakimler ve Savc\u0131lar Y\u00fcksek Kurulu\u2019nun ve Y\u00fcksek Mahkemelerin yap\u0131lar\u0131yla ilgili uluslararas\u0131 d\u00fczenlemeler ve uygulamalar ba\u015fta olmak \u00fczere, k\u00fcresel ba\u011flamda yarg\u0131 reformu ile ilgili deneyimlerini aktard\u0131lar\u201d<\/p>\n<p style=\"text-align: justify;\">***<\/p>\n<p style=\"text-align: justify;\">Fetih Say\u0131n diyor ki, \u201cG\u00f6r\u00fcld\u00fc\u011f\u00fc gibi b\u00fct\u00fcn \u00e7al\u0131\u015fmalar Adalet Bakanl\u0131\u011f\u0131\u2019n\u0131n, bir ba\u015fka anlat\u0131mla y\u00fcr\u00fctme erkinin y\u00f6nlendirmesi do\u011frultusunda s\u00fcrd\u00fcr\u00fclm\u00fc\u015f, yarg\u0131 erki kendisiyle ilgili olarak yap\u0131lacak \u00f6nemli d\u00fczenlemelerin haz\u0131rl\u0131\u011f\u0131nda d\u0131\u015far\u0131da tutulmu\u015ftur.\u201d<\/p>\n<p style=\"text-align: justify;\"><span style=\"color: #888888;\"><a href=\"http:\/\/www.odatv.com\/n.php?n=paketi-aslinda-kim-hazirladi--1307101200\" target=\"_blank\">Haber Kayna\u011f\u0131 : Odatv.com<\/a><\/span><\/p>\n","protected":false},"excerpt":{"rendered":"<p style=\"text-align: center;\">\n<p style=\"text-align: justify;\">Yeni\u00e7a\u011f yazar\u0131 Arslan Bulut, ABD\u2019li dan\u0131\u015fman savc\u0131 olay\u0131ndan sonra, Adalet Bakanl\u0131\u011f\u0131n\u0131n i\u00e7inde oldu\u011fu ba\u015fka bir skandal\u0131n daha \u00fczerine gitti. Yazar\u0131n Dan\u0131\u015ftay 2. Dairesi Tetkik Hakimi Fetih Say\u0131n\u2019a dayanarak verdi\u011fi bilgiye g\u00f6re, Adalet Bakanl\u0131\u011f\u0131n\u0131n \u201cyarg\u0131 reformu\u201d \u00e7al\u0131\u015fmalar\u0131nda UNDP (Birle\u015fmi\u015f Milletler Kalk\u0131nma Program\u0131) dan\u0131\u015fman\u0131 Larry Taman aktif rol oynam\u0131\u015f. <\/p>\n","protected":false},"author":1,"featured_media":0,"comment_status":"open","ping_status":"closed","sticky":false,"template":"","format":"standard","meta":{"footnotes":""},"categories":[105],"tags":[],"class_list":["post-24185","post","type-post","status-publish","format-standard","hentry","category-gundem","odd"],"_links":{"self":[{"href":"http:\/\/www.korhanyilmaz.com\/index.php?rest_route=\/wp\/v2\/posts\/24185","targetHints":{"allow":["GET"]}}],"collection":[{"href":"http:\/\/www.korhanyilmaz.com\/index.php?rest_route=\/wp\/v2\/posts"}],"about":[{"href":"http:\/\/www.korhanyilmaz.com\/index.php?rest_route=\/wp\/v2\/types\/post"}],"author":[{"embeddable":true,"href":"http:\/\/www.korhanyilmaz.com\/index.php?rest_route=\/wp\/v2\/users\/1"}],"replies":[{"embeddable":true,"href":"http:\/\/www.korhanyilmaz.com\/index.php?rest_route=%2Fwp%2Fv2%2Fcomments&post=24185"}],"version-history":[{"count":0,"href":"http:\/\/www.korhanyilmaz.com\/index.php?rest_route=\/wp\/v2\/posts\/24185\/revisions"}],"wp:attachment":[{"href":"http:\/\/www.korhanyilmaz.com\/index.php?rest_route=%2Fwp%2Fv2%2Fmedia&parent=24185"}],"wp:term":[{"taxonomy":"category","embeddable":true,"href":"http:\/\/www.korhanyilmaz.com\/index.php?rest_route=%2Fwp%2Fv2%2Fcategories&post=24185"},{"taxonomy":"post_tag","embeddable":true,"href":"http:\/\/www.korhanyilmaz.com\/index.php?rest_route=%2Fwp%2Fv2%2Ftags&post=24185"}],"curies":[{"name":"wp","href":"https:\/\/api.w.org\/{rel}","templated":true}]}}