{"id":24175,"date":"2010-07-09T18:19:56","date_gmt":"2010-07-09T18:19:56","guid":{"rendered":"http:\/\/www.korhanyilmaz.com\/?p=24175"},"modified":"2010-07-09T18:19:56","modified_gmt":"2010-07-09T18:19:56","slug":"hans%e2%80%99in-kararina-evet-hasan%e2%80%99a-hayir-denir-mi","status":"publish","type":"post","link":"http:\/\/www.korhanyilmaz.com\/?p=24175","title":{"rendered":"Hans\u2019\u0131n karar\u0131na evet Hasan\u2019a hay\u0131r denir mi?"},"content":{"rendered":"<div id=\"attachment_24176\" style=\"width: 330px\" class=\"wp-caption aligncenter\"><a href=\"http:\/\/www.korhanyilmaz.com\/wp-content\/uploads\/2010\/07\/229.jpg\"  class=\"lightview\"><img loading=\"lazy\" decoding=\"async\" aria-describedby=\"caption-attachment-24176\" class=\"size-full wp-image-24176\" src=\"http:\/\/www.korhanyilmaz.com\/wp-content\/uploads\/2010\/07\/229.jpg\" alt=\"\" width=\"320\" height=\"214\" \/><\/a><p id=\"caption-attachment-24176\" class=\"wp-caption-text\">Sadullah Ergin - Deniz G\u00fc\u00e7er ( Vatan Gazetesi )<\/p><\/div>\n<p style=\"text-align: justify;\"><strong>Hans\u2019\u0131n karar\u0131na evet Hasan\u2019a hay\u0131r denir mi?<\/strong><\/p>\n<p style=\"text-align: justify;\">Adalet Bakan\u0131 Ergin Anayasa Paketi\u2019ndeki yarg\u0131yla ilgili d\u00fczenlemeleri savunurken, AYM\u2019ye bireysel ba\u015fvuru hakk\u0131n\u0131 \u00f6rnek veriyor ve pakete kar\u015f\u0131 \u00e7\u0131kanlara \u201cStrasbourg\u2019daki mahkeme karar\u0131n\u0131 tan\u0131yorsunuz, Ankara\u2019daki hakimin karar\u0131na niye kar\u015f\u0131 \u00e7\u0131k\u0131yorsunuz\u201d diye soruyor.<!--more--><\/p>\n<p style=\"text-align: justify;\">Adalet Bakan\u0131 Sadullah Ergin, Anayasa Mahkemesi\u2019nin iptal karar\u0131na kar\u015f\u0131n metnin \u201c\u00c7at\u0131s\u0131 ve iskeletinin bozulmad\u0131\u011f\u0131n\u0131\u201d belirterek, \u201cHer \u015feye ra\u011fmen \u00e7ok \u00f6nemli bir ad\u0131m. Art\u0131k \u00f6n\u00fcm\u00fcze bak\u0131yoruz. Herkes susacak ve halk konu\u015facak\u201d dedi.<\/p>\n<p style=\"text-align: justify;\"><strong>Anayasa de\u011fi\u015fikli\u011finde istedi\u011finiz oldu mu? Ne iktidar mutlu, ne CHP YARSAV mutlu g\u00f6z\u00fck\u00fcyor? <\/strong><\/p>\n<p style=\"text-align: justify;\">Karar sorunlu bir karar, kabul etmek laz\u0131m. Ama AYM ilk defa sorunlu bir karar \u00fcretiyor de\u011fil. AYM \u015fekil denetimi yapar, esasa giremez demi\u015ftim. 148. madde \u00e7ok a\u00e7\u0131kt\u0131r ve bunun d\u0131\u015f\u0131na \u00e7\u0131kamayaca\u011f\u0131n\u0131n a\u00e7\u0131k g\u00f6stergesidir. Mahkemenin esasa girmesi yanl\u0131\u015f olmu\u015ftur.<\/p>\n<p style=\"text-align: justify;\"><strong>Peki ataca\u011f\u0131n\u0131z ba\u015fka bir ad\u0131m var m\u0131 bu s\u00fcre\u00e7le ilgili? <\/strong><\/p>\n<p style=\"text-align: justify;\">Art\u0131k AYM s\u00fcreci tamamlanm\u0131\u015ft\u0131r. Bu saatten sonra \u00f6n\u00fcm\u00fcze bakmam\u0131z gerekiyor. 12 Eyl\u00fcl\u2019de referanduma giden bir metin var. Referandum art\u0131k g\u00fcndemimize oturmu\u015ftur. Her\u015feye ra\u011fmen mevcut haliyle paket 12 Eyl\u00fcl Anayasas\u0131ndaki \u00e7ok \u00f6nemli hususlar\u0131 de\u011fi\u015ftirmektedir. Bu \u00f6nemli bir reform ve ben bu haliyle de \u00f6nemli bir ihtiyac\u0131 kar\u015f\u0131layaca\u011f\u0131n\u0131 d\u00fc\u015f\u00fcn\u00fcyorum. Anayasam\u0131z\u0131n demokratik haklar\u0131 geni\u015fleten, belli vesayetin kurgular\u0131n\u0131 ortadan kald\u0131ran bu d\u00fczenleme ile daha \u00e7a\u011fda\u015f \u00e7izgiye yakla\u015ft\u0131\u011f\u0131 kanaatindeyim.<\/p>\n<p style=\"text-align: justify;\"><strong>\u0130ptal edilen madde yok, ibare ve c\u00fcmle var. Bu \u00e7ok can al\u0131c\u0131 i\u015fin \u00f6z\u00fcn\u00fc vurudu mu? <\/strong><\/p>\n<p style=\"text-align: justify;\">\u0130ptallerden biri Cumhurba\u015fkan\u0131m\u0131z\u0131n HSYK\u2019ya atayaca\u011f\u0131 4 \u00fcyeninin gelece\u011fi kaynaklara ili\u015fkin. Do\u011frusu bu d\u00fczenlemede Cumhurba\u015fkan\u0131\u2019n\u0131n se\u00e7im yapaca\u011f\u0131 havuzda eksiltme, i\u015fin \u00f6z\u00fcne \u00e7ok m\u00fcessir de\u011fil. Se\u00e7im yap\u0131lacak havuzdan birka\u00e7 meslek s\u0131n\u0131f\u0131 \u00e7\u0131kar\u0131lm\u0131\u015ft\u0131r ve avukatlarla, akademisyenler b\u0131rak\u0131lm\u0131\u015ft\u0131r.<\/p>\n<p style=\"text-align: justify;\"><strong>HSYK\u2019ya y\u00f6nelik iptal? <\/strong><\/p>\n<p style=\"text-align: justify;\">Se\u00e7imde oy kullanacak y\u00fcksek yarg\u0131 mensuplar\u0131yla ilk derece mahkemelerindeki tek bir ki\u015fiye oy vermesi kural\u0131n\u0131 iptal eden d\u00fczenleme pakette getirilmek istenen \u00e7o\u011fulcu anlay\u0131\u015f\u0131 ortadan kald\u0131r\u0131yor. Bundan sonraki se\u00e7imlerde \u00e7o\u011funluk\u00e7u bir yakla\u015f\u0131m ortaya \u00e7\u0131kacakt\u0131r. Oysa siyasiler her konu\u015fmas\u0131nda \u00e7o\u011funluk\u00e7u bak\u0131\u015f a\u00e7\u0131s\u0131n\u0131 ele\u015ftirir ve \u00e7o\u011fulcu yakla\u015f\u0131m\u0131 \u00f6verler. \u00c7\u00fcnk\u00fc 21. y\u00fczy\u0131l demokrasileri bunu esas al\u0131r. Bizim \u00f6ng\u00f6rd\u00fc\u011f\u00fcm\u00fcz modelde de bu olacakt\u0131. Ama AYM buna m\u00fcsaade etmemi\u015ftir. Umar\u0131m iptal orta ve uzun vadede \u00e7ok b\u00fcy\u00fck sorunlar getirmez.<\/p>\n<p style=\"text-align: justify;\"><strong>Ne t\u00fcr s\u0131k\u0131nt\u0131lar ya\u015fanabilir? <\/strong><\/p>\n<p style=\"text-align: justify;\">Blok listeler yap\u0131l\u0131rsa bir oy fazla alan, b\u00fct\u00fcn \u00fcyeleri se\u00e7ecektir. Ama tek oy sistemi olsayd\u0131 farkl\u0131 e\u011filimlerin, farkl\u0131 g\u00f6r\u00fc\u015flerin, o kurul i\u00e7inde temsili sa\u011flanabilecekti. Asl\u0131nda bu da toplumun de\u011fi\u015fik renklerini orada temsil ettirme anlam\u0131nda \u00f6nemli bir imkan sunard\u0131.<\/p>\n<p style=\"text-align: justify;\"><strong>Bu madde i\u00e7in \u2018tuzak\u2019 diyenler var&#8230; <\/strong><\/p>\n<p style=\"text-align: justify;\">Getirece\u011fi sonu\u00e7 ortada. Biz \u00e7o\u011fulcu bir yap\u0131y\u0131 \u00f6ng\u00f6rd\u00fc\u011f\u00fcm\u00fcz\u00fc ifade ediyoruz. \u0130ptalden sonra ortaya \u00e7\u0131kan ise \u00e7o\u011funluk\u00e7u bir anlay\u0131\u015ft\u0131r. \u015eimdi bu anlay\u0131\u015f\u0131 savunanlar bir izah etsinler bunun getirece\u011fi faydalar\u0131, bir anlats\u0131nlar bakal\u0131m.<\/p>\n<p style=\"text-align: justify;\"><strong>Bu ad\u0131mlar yetmez diye de d\u00fc\u015f\u00fcn\u00fcyorsunuz&#8230; <\/strong><\/p>\n<p style=\"text-align: justify;\">Bu paketle anayasam\u0131z i\u00e7erisindeki t\u00fcm sorunlar\u0131 \u00e7\u00f6zd\u00fc\u011f\u00fcm\u00fcz iddias\u0131nda de\u011filiz. Ama yap\u0131labilecek kadar\u0131n\u0131 yapmaya \u00e7al\u0131\u015ft\u0131k. Elbette bunu izleyen yeni ad\u0131mlar\u0131n olmas\u0131 gerekiyor.<\/p>\n<p style=\"text-align: justify;\"><strong>Meclis yeniden a\u00e7\u0131ld\u0131ktan sonra yeni paket s\u00fcrprizi olur mu? <\/strong><\/p>\n<p style=\"text-align: justify;\">Se\u00e7im \u00f6ncesinde bunun \u00e7ok m\u00fcmk\u00fcn olmayaca\u011f\u0131n\u0131 d\u00fc\u015f\u00fcn\u00fcyorum. Ama anayasa de\u011fi\u015fiklikleri teklif halinde geliyor. Gelirse parlamentonun bak\u0131\u015f a\u00e7\u0131s\u0131 ne olur, \u015fimdiden bir \u015fey s\u00f6ylemek zor. Ama benim \u00f6ng\u00f6r\u00fcm \u00f6n\u00fcm\u00fczde bir referandum var ve sonras\u0131nda yeni bir anayasa de\u011fi\u015fikli\u011finin se\u00e7im \u00f6ncesine yeti\u015fmesi \u00e7ok kolay g\u00f6z\u00fckm\u00fcyor.<\/p>\n<p style=\"text-align: justify;\"><strong>Yeniden iktidar olursan\u0131z Anayasa\u2019y\u0131 tamamen de\u011fi\u015ftirir misiniz? <\/strong><\/p>\n<p style=\"text-align: justify;\">2011\u2019de siyasi partiler sand\u0131\u011fa giderken kendi anayasa modellerini de halka sunmak durumunda kalacaklar. T\u00fcrkiye art\u0131k bu anayasadaki y\u00fckleri ta\u015f\u0131yarak AB yolculu\u011funa devam edebilecek durumda de\u011fil. \u00d6nemli maddeler de\u011fi\u015ftirilmi\u015ftir, bu paketin referandumda kabul\u00fc halinde Anayasam\u0131z\u0131n 100 civar\u0131nda maddesi de\u011fi\u015fmi\u015f olacak. Ama bir b\u00fct\u00fcnl\u00fck i\u00e7inde tekrar g\u00f6zden ge\u00e7irilip, son bir revizyona ihtiya\u00e7 duyulabilir.<\/p>\n<p style=\"text-align: justify;\"><strong>Yola \u00e7\u0131kt\u0131n\u0131z ve asl\u0131nda partilerin kapat\u0131lmas\u0131 maddesinde de TBMM\u2019de kazaya u\u011frad\u0131n\u0131z. \u2018Ke\u015fke bu da \u00e7\u0131ksayd\u0131\u2019 diyor musunuz? <\/strong><\/p>\n<p style=\"text-align: justify;\">Paket i\u00e7erisinde ger\u00e7ekten \u00f6nemli d\u00fczenlemeler var. Mevcut anayasam\u0131za g\u00f6re son derece pozitif hususlar i\u00e7eriyor. Reform ihtiyac\u0131n\u0131n tamam\u0131n\u0131 kapsam\u0131yor ama d\u00fczenledi\u011fi alanlarda \u00f6nemli iyile\u015ftirmeler sa\u011fl\u0131yor.<\/p>\n<p style=\"text-align: justify;\"><strong>HSYK ve Anayasa Mahkemesi\u2019yle ilgili maddelere tak\u0131l\u0131p kalmayal\u0131m m\u0131 diyorsunuz? <\/strong><\/p>\n<p style=\"text-align: justify;\">Elbette. Bu iki maddelik bir de\u011fi\u015fiklik paketi de\u011fil ki. \u00c7ocuklar, \u00f6z\u00fcrl\u00fcler, ya\u015fl\u0131lar ve kad\u0131nlar i\u00e7in pozitif ayr\u0131mc\u0131l\u0131k yapan ilk maddesi var, \u00e7ok \u00f6nemli. Ki\u015fisel verilerin korunmas\u0131na anayasal g\u00fcvence getiriyoruz. Yurtd\u0131\u015f\u0131na \u00e7\u0131k\u0131\u015f h\u00fcrriyeinin idari kararlarla \u00f6nlenmesini ortadan kald\u0131ran ve mutlaka yarg\u0131\u00e7 karar\u0131na ba\u011flayan bir d\u00fczenleme getiriyoruz. Sendikal faaliyet alanlar\u0131n\u0131 geni\u015fleten i\u015f\u00e7ilerin ve sendikac\u0131lar\u0131n \u00e7al\u0131\u015fmalar\u0131n\u0131 rahatlatan maddeler var. Bunlar\u0131n hepsi ilk defa olan \u015feyler. Kamu Denet\u00e7ili\u011fi Kurumu Yasas\u0131 anayasal dayana\u011f\u0131 olmad\u0131\u011f\u0131 i\u00e7in iptal edilmi\u015fti. \u015eimdi Anayasam\u0131zda bu kurumu ihdas eden bir d\u00fczenleme getiriyoruz. Vatanda\u015f\u0131m\u0131za mahkemeye gitmeden \u00f6nce hak arama imkan\u0131 getiriliyor. YA\u015e ve HSYK\u2019n\u0131n kararlar\u0131na kar\u015f\u0131 yarg\u0131 yoluna gitme imkan\u0131 tan\u0131n\u0131yor. HSYK ve AYM yap\u0131lar\u0131 geli\u015fmi\u015f demokrasilerdeki \u00f6rneklerine uygun olarak d\u00fczenlendi.<\/p>\n<p style=\"text-align: justify;\"><strong>HSYK d\u00fczenlemesinde \u00f6rnek ne?<\/strong><\/p>\n<p style=\"text-align: justify;\">HSYK i\u00e7in Kara Avrupa\u2019s\u0131nda uygulanan modellerin bir ortalamas\u0131 getirildi. Son derece demokrat bir yap\u0131 olu\u015fturuldu. 7 \u00fcyeli kuruldan 22 \u00fcyeli yap\u0131ya ge\u00e7iliyor. \u00c7ok \u00f6nemli demokratik ad\u0131mlar at\u0131ld\u0131. Anayasa Mahkemesi\u2019ne bireysel ba\u015fvuru hakk\u0131 getirildi ki \u00e7ok \u00f6nemsiyorum. Avrupa\u2019da t\u00fcm AYM\u2019lerde olan bu hak bizde yoktu. Vatanda\u015f\u0131m\u0131z bu \u015fekilde i\u00e7 hukuk yollar\u0131nda alamam\u0131\u015f oldu\u011funu d\u00fc\u015f\u00fcnd\u00fc\u011f\u00fc haklar\u0131 i\u00e7in A\u0130HM yerine AYM\u2019ye m\u00fcracaat edecek. Avrupa \u0130nsan Haklar\u0131 s\u00f6zle\u015fmesinde korunan bir hakk\u0131n\u0131n ihlal edildi\u011fi d\u00fc\u015f\u00fcncesi varsa AYM\u2019ye m\u00fcracaat etme imkan\u0131na kavu\u015facak.<\/p>\n<p style=\"text-align: justify;\"><strong>A\u0130HM\u2019e giden dosya say\u0131s\u0131 azalacak tabii? <\/strong><\/p>\n<p style=\"text-align: justify;\">Elbette hem dosya say\u0131s\u0131 hem de T\u00fcrkiye\u2019nin \u00f6demek zorunda kald\u0131\u011f\u0131 tazminat miktarlar\u0131 azalacak. Buna kar\u015f\u0131 \u00e7\u0131k\u0131lmas\u0131n\u0131 \u00e7ok anlaml\u0131 bulmuyorum. Strazburg\u2019daki Mahkemede \u201cHakim Hans\u201d bir karar verdi\u011finde buna \u201cevet\u201d diyece\u011fiz, devlet olarak verdi\u011fi kararlara uyup tazminat \u00f6deyece\u011fiz ama Ankara\u2019da AYM\u2019de \u201cHakim Hasan\u201d bir karar verdi\u011fi zaman \u201cBu iyi bir \u015fey de\u011fildir\u201d diye itiraz edece\u011fiz. Y\u00fcksek yarg\u0131dan itirazlar y\u00fckseliyor ama bence do\u011fru bir tutum de\u011fil. Bizim insan\u0131m\u0131z da art\u0131k bu hakla bulu\u015fmal\u0131d\u0131r.<\/p>\n<p style=\"text-align: justify;\"><strong>12 Eyl\u00fcl darbecilerinin yarg\u0131lanmas\u0131 ne kadar m\u00fcmk\u00fcn peki? <\/strong><\/p>\n<p style=\"text-align: justify;\">Pakette Anayasa\u2019n\u0131n ge\u00e7ici 15. maddesinin metninden \u00e7\u0131kar\u0131lmas\u0131n\u0131 d\u00fczenleyen bir madde var. Anayasam\u0131zda y\u00fczkaras\u0131 olarak bulunan bir maddeydi. 28 y\u0131l \u00f6nce anayasam\u0131za giren, darbe yapanlar\u0131n, demokrasiyi ask\u0131ya alanlar\u0131n, halk iradesini devre d\u0131\u015f\u0131 b\u0131rakanlar\u0131n hi\u00e7bir \u015fekilde hesap vermeyece\u011fini d\u00fczenleyen bu madde metinden \u00e7\u0131kart\u0131l\u0131yor. Dedi\u011finiz gibi \u201cpratikte yans\u0131mas\u0131 yoktur\u201d \u015feklinde ele\u015ftiriler gelebilir.<\/p>\n<p style=\"text-align: justify;\"><strong>Evet, \u00e7\u00fcnk\u00fc Kenan Evren art\u0131k 80\u2019i ge\u00e7ti mesela? <\/strong><\/p>\n<p style=\"text-align: justify;\">Bu ilkesel olarak \u00e7ok \u00f6nemli bir ad\u0131m. Halk iradesine kar\u015f\u0131 yap\u0131lm\u0131\u015f bir darbenin lay\u00fc\u2019sel olu\u015funu ortadan kald\u0131ran bir iradedir. T\u00fcrk demokrasisinin gelece\u011fi a\u00e7\u0131s\u0131ndan anlaml\u0131 ve \u00f6nemlidir.<\/p>\n<p style=\"text-align: justify;\"><strong>Kenan Evren yarg\u0131lan\u0131r m\u0131?<\/strong><\/p>\n<p style=\"text-align: justify;\">Hukuk mevzuat\u0131m\u0131z ne kadar izin verir vermez, zaman a\u015f\u0131m\u0131 tart\u0131\u015fmalar\u0131 ne getirir ne g\u00f6t\u00fcr\u00fcr ayr\u0131 bir tart\u0131\u015fma konusu. Ama AB ile m\u00fczakereler y\u00fcr\u00fcten, demokrasisini ta\u00e7land\u0131rmaya \u00e7al\u0131\u015fan bir T\u00fcrkiye\u2019de 30 y\u0131l \u00f6nce yap\u0131lm\u0131\u015f bir darbenin hukukunu, darbecileri koruyan bir maddenin muhafaza edilmesi hi\u00e7bir \u015fekilde izah edilebilir bir olay de\u011fildi.<\/p>\n<p style=\"text-align: justify;\"><strong>\u00d6z\u00fc bozulmad\u0131 diyebilir misiniz? <\/strong><\/p>\n<p style=\"text-align: justify;\">Paketin \u00e7at\u0131s\u0131 iskeleti yerindedir. Adalet Komisyonu Ba\u015fkan\u0131m\u0131z Say\u0131n Ahmet \u0130yimaya\u2019n\u0131n deyi\u015fiyle, \u2018Kaportada bir iki \u00e7izik olu\u015fmu\u015ftur\u2019. Dolay\u0131s\u0131yla AYM\u2019nin bir k\u0131s\u0131m de\u011fi\u015fiklikler yapmas\u0131n\u0131 \u2018AYM yetkisini a\u015fm\u0131\u015ft\u0131r\u2019 tart\u0131\u015fmalar\u0131n\u0131 bir tarafta b\u0131rak\u0131yoruz ve bundan sonra \u00f6n\u00fcm\u00fcze bak\u0131yoruz. Paket bu haliyle de \u00e7ok anlaml\u0131d\u0131r, \u00e7ok \u00f6nemlidir.<\/p>\n<p style=\"text-align: justify;\"><strong>REFERANDUM AYRI, SE\u00c7\u0130M AYRI <\/strong><\/p>\n<p style=\"text-align: justify;\"><strong>Referandum iktidar oylamas\u0131na d\u00f6n\u00fc\u015f\u00fcr, genel se\u00e7im havas\u0131 eser mi? <\/strong><\/p>\n<p style=\"text-align: justify;\">Paketin i\u00e7eri\u011fine ele\u015ftiri getiremeyenler, \u2018\u015eu d\u00fczenleme yanl\u0131\u015ft\u0131r\u2019 diye tespitte bulunamayanlar son \u00e7are olarak \u2018Bu Ak partinin oylamas\u0131d\u0131r\u2019 tavr\u0131 geli\u015ftirmeye \u00e7al\u0131\u015f\u0131yor. Do\u011fru de\u011fil. Referandum apayr\u0131, se\u00e7im apayr\u0131 bir olayd\u0131r. Bak\u0131n 2007 se\u00e7imlerinde Ak Parti y\u00fczde 47 oy ald\u0131. K\u0131sa bir s\u00fcre sonra cumhurba\u015fkan\u0131n\u0131 halk\u0131n se\u00e7mesi i\u00e7in referanduma gidildi. O de\u011fi\u015fiklik y\u00fczde 69 oran\u0131nda \u2018Evet\u2019 ald\u0131. Bu da halk\u0131n referanduma sunulan pakete bakt\u0131\u011f\u0131n\u0131, \u00f6l\u00e7t\u00fc\u011f\u00fcn\u00fc ve \u00f6yle de\u011ferlendirdi\u011fini g\u00f6steriyor. Ama siyasi partilerin vizyonlar\u0131n\u0131n, icraatlar\u0131n\u0131n oyland\u0131\u011f\u0131 genel se\u00e7imler bamba\u015fka bir atmosferde ger\u00e7ekle\u015fiyor.<\/p>\n<p style=\"text-align: justify;\"><strong>Halk iktidar\u0131 oylamayacak size g\u00f6re? <\/strong><\/p>\n<p style=\"text-align: justify;\">Toplu s\u00f6zle\u015fme hakk\u0131 getiren d\u00fczenlemeye siyasi g\u00f6r\u00fc\u015f\u00fc ne olursa olsun memurlar\u0131n hay\u0131r diye yakla\u015fmas\u0131 ne kadar m\u00fcmk\u00fcn? Kad\u0131nlar, \u00e7ocuklar i\u00e7in pozitif ayr\u0131mc\u0131l\u0131k getiren d\u00fczenlemeye kim hay\u0131r diyebilir? B\u00fct\u00fcn bunlar\u0131n de\u011ferlendirilmesi AK Parti\u2019nin de\u011ferlendirilmesinden farkl\u0131 saiklerle yap\u0131lacakt\u0131r.<\/p>\n<p style=\"text-align: justify;\"><strong>Y\u00fczde tahmininiz var m\u0131? <\/strong><\/p>\n<p style=\"text-align: justify;\">Hay\u0131r. Herhangi bir y\u00fczde verme \u015fans\u0131m yok. Biz vatanda\u015f\u0131m\u0131z\u0131n karar\u0131na sayg\u0131l\u0131y\u0131z. B\u00fct\u00fcn bu uzun u\u011fra\u015f\u0131n\u0131n sonunda zor da olsa ger\u00e7ek egemenlik sahibi olan halk\u0131n \u00f6n\u00fcne bu paket gelmi\u015ftir. Art\u0131k herkes susacak, halk konu\u015facak. Ortaya \u00e7\u0131kacak iradeye istisnas\u0131z herkesin sayg\u0131 duymas\u0131 laz\u0131m.<\/p>\n<p style=\"text-align: justify;\"><strong>KAPORTADA \u00c7\u0130Z\u0130K OLAB\u0130L\u0130R <\/strong><\/p>\n<p style=\"text-align: justify;\"><strong>Anayasa Mahkemesi\u2019nin karar\u0131ndan sonra paketin \u00f6z\u00fc bozulmad\u0131 diyebilir misiniz? <\/strong><\/p>\n<p style=\"text-align: justify;\">Paketin \u00e7at\u0131s\u0131 iskeleti yerindedir. Adalet Komisyonu Ba\u015fkan\u0131m\u0131z Say\u0131n Ahmet \u0130yimaya\u2019n\u0131n deyi\u015fiyle, \u2018Kaportada bir iki \u00e7izik olu\u015fmu\u015ftur\u2019. Dolay\u0131s\u0131yla AYM\u2019nin bir k\u0131s\u0131m de\u011fi\u015fiklikler yapmas\u0131n\u0131 \u2018AYM yetkisini a\u015fm\u0131\u015ft\u0131r\u2019 tart\u0131\u015fmalar\u0131n\u0131 bir tarafta b\u0131rak\u0131yoruz ve bundan sonra \u00f6n\u00fcm\u00fcze bak\u0131yoruz. Paket bu haliyle de \u00e7ok anlaml\u0131d\u0131r, \u00e7ok \u00f6nemlidir.<\/p>\n<p style=\"text-align: justify;\"><strong>\u015eAPKADAN TAV\u015eAN \u00c7IKARMASINLAR <\/strong><\/p>\n<p style=\"text-align: justify;\"><strong>YSK tarih de\u011fi\u015ftirir, paket referanduma gidemez gibi iddialar ortaya at\u0131l\u0131yor? <\/strong><\/p>\n<p style=\"text-align: justify;\">Bunlar \u015fapkadan tav\u015fan \u00e7\u0131karma giri\u015fimleri. Bu t\u00fcr akla ziyan yakla\u015f\u0131mlar ge\u00e7mi\u015fte de oldu. Ve maalesef (367 karar\u0131 gibi), Yarg\u0131tay ve Dan\u0131\u015ftay\u2019dan \u00e7\u0131kan bir tak\u0131m zorlama yorumlara hayatiyet veren kararlar \u00e7\u0131km\u0131\u015ft\u0131r. Ancak ben bunlar\u0131 tart\u0131\u015fmaya de\u011fer bulmuyorum. Referandum g\u00fcn\u00fc bellidir, YSK s\u00f6z\u00fcn\u00fc s\u00f6ylemi\u015ftir. Referanduma do\u011fru gidiyoruz. Herkes buna g\u00f6re haz\u0131rl\u0131\u011f\u0131n\u0131 yaps\u0131n.<\/p>\n<p style=\"text-align: justify;\"><strong>\u201cAnayasa Mahkemesi ortadan karar verdi\u201d diyenlere ne diyorsunuz? <\/strong><\/p>\n<p style=\"text-align: justify;\">Son 2 ayd\u0131r y\u00fcksek yarg\u0131da ya\u015fanan olaylar\u0131 alt alta koydu\u011funuz zaman hem Anayasa Mahkemesi, hem Yarg\u0131tay, hem Dan\u0131\u015ftay\u2019daki tabloya bakt\u0131\u011f\u0131n\u0131zda, bu mevcut yap\u0131lanman\u0131n, i\u015fleyi\u015f bi\u00e7iminin reforme edilmesine niye ihtiya\u00e7 oldu\u011funu g\u00f6r\u00fcrs\u00fcn\u00fcz. Bu ihtiya\u00e7 sadece bizim tespit etti\u011fimiz bir ihtiya\u00e7 de\u011fil. AB\u2019ye kat\u0131l\u0131m m\u00fczakereleri kapsam\u0131nda yer alan yarg\u0131 ve temel haklara ili\u015fkin 23. fas\u0131l bakanl\u0131\u011f\u0131m\u0131zla ilgilidir. Bu fasl\u0131n gayri resmi a\u00e7\u0131l\u0131\u015f kriteri, \u2018Yarg\u0131 reformu strateji belgesinin haz\u0131rlanmas\u0131 \u00f6n \u015fart\u0131na\u2019 ba\u011fl\u0131yd\u0131. Bunu haz\u0131rlay\u0131p Avrupa komisyonu\u2019na verdik. 2009 ilerleme raporunda bunun olumlu y\u00f6nde at\u0131lm\u0131\u015f bir ad\u0131m oldu\u011funu teyit ettiler. AYM\u2019den ge\u00e7en anayasa de\u011fi\u015fiklik paketinin de Avrupa komisyonu\u2019nun beklentilerini kar\u015f\u0131layan bir metin oldu\u011fu ifade edildi. Venedik Komisyonu Genel Sekreterli\u011fi de bunu uygun buldu. Parlamento g\u00f6revini yapt\u0131, AYM i\u015fin esas\u0131na girerek Anayasa\u2019y\u0131 bir miktar ihlal ederek bir tak\u0131m k\u0131smi m\u00fcdahalelerde bulunup bu haliyle referandum yolunu a\u00e7t\u0131.<\/p>\n<p style=\"text-align: justify;\"><a href=\"http:\/\/haber.gazetevatan.com\/bakan-ergin-vatana-konustu\/315973\/9\" target=\"_blank\"><span style=\"color: #888888;\">Deniz G\u00dc\u00c7ER \/ VATAN<\/span><\/a><\/p>\n","protected":false},"excerpt":{"rendered":"<p id=\"caption-attachment-24176\" class=\"wp-caption-text\">Sadullah Ergin &#8211; Deniz G\u00fc\u00e7er ( Vatan Gazetesi )<\/p>\n<p style=\"text-align: justify;\">Hans\u2019\u0131n karar\u0131na evet Hasan\u2019a hay\u0131r denir mi?<\/p>\n<p style=\"text-align: justify;\">Adalet Bakan\u0131 Ergin Anayasa Paketi\u2019ndeki yarg\u0131yla ilgili d\u00fczenlemeleri savunurken, AYM\u2019ye bireysel ba\u015fvuru hakk\u0131n\u0131 \u00f6rnek veriyor ve pakete kar\u015f\u0131 \u00e7\u0131kanlara \u201cStrasbourg\u2019daki mahkeme karar\u0131n\u0131 tan\u0131yorsunuz, Ankara\u2019daki hakimin karar\u0131na niye kar\u015f\u0131 \u00e7\u0131k\u0131yorsunuz\u201d diye soruyor.<\/p>\n","protected":false},"author":1,"featured_media":0,"comment_status":"open","ping_status":"closed","sticky":false,"template":"","format":"standard","meta":{"footnotes":""},"categories":[105],"tags":[],"class_list":["post-24175","post","type-post","status-publish","format-standard","hentry","category-gundem","odd"],"_links":{"self":[{"href":"http:\/\/www.korhanyilmaz.com\/index.php?rest_route=\/wp\/v2\/posts\/24175","targetHints":{"allow":["GET"]}}],"collection":[{"href":"http:\/\/www.korhanyilmaz.com\/index.php?rest_route=\/wp\/v2\/posts"}],"about":[{"href":"http:\/\/www.korhanyilmaz.com\/index.php?rest_route=\/wp\/v2\/types\/post"}],"author":[{"embeddable":true,"href":"http:\/\/www.korhanyilmaz.com\/index.php?rest_route=\/wp\/v2\/users\/1"}],"replies":[{"embeddable":true,"href":"http:\/\/www.korhanyilmaz.com\/index.php?rest_route=%2Fwp%2Fv2%2Fcomments&post=24175"}],"version-history":[{"count":0,"href":"http:\/\/www.korhanyilmaz.com\/index.php?rest_route=\/wp\/v2\/posts\/24175\/revisions"}],"wp:attachment":[{"href":"http:\/\/www.korhanyilmaz.com\/index.php?rest_route=%2Fwp%2Fv2%2Fmedia&parent=24175"}],"wp:term":[{"taxonomy":"category","embeddable":true,"href":"http:\/\/www.korhanyilmaz.com\/index.php?rest_route=%2Fwp%2Fv2%2Fcategories&post=24175"},{"taxonomy":"post_tag","embeddable":true,"href":"http:\/\/www.korhanyilmaz.com\/index.php?rest_route=%2Fwp%2Fv2%2Ftags&post=24175"}],"curies":[{"name":"wp","href":"https:\/\/api.w.org\/{rel}","templated":true}]}}