{"id":24170,"date":"2010-07-08T17:16:14","date_gmt":"2010-07-08T17:16:14","guid":{"rendered":"http:\/\/www.korhanyilmaz.com\/?p=24170"},"modified":"2010-07-08T17:16:14","modified_gmt":"2010-07-08T17:16:14","slug":"ddknin-adli-tip-kurumu-ile-ilgili-raporu-ihbar-olarak-kabul-edilmeli","status":"publish","type":"post","link":"http:\/\/www.korhanyilmaz.com\/?p=24170","title":{"rendered":"DDK&#8217;nin Adli T\u0131p Kurumu ile ilgili raporu ihbar olarak kabul edilmeli"},"content":{"rendered":"<p style=\"text-align: center;\"><a href=\"http:\/\/www.korhanyilmaz.com\/wp-content\/uploads\/2010\/07\/228.jpg\"  class=\"lightview\"><img loading=\"lazy\" decoding=\"async\" class=\"aligncenter size-full wp-image-24172\" src=\"http:\/\/www.korhanyilmaz.com\/wp-content\/uploads\/2010\/07\/228.jpg\" alt=\"\" width=\"240\" height=\"242\" \/><\/a><\/p>\n<p style=\"text-align: justify;\">Cumhurba\u015fkanl\u0131\u011f\u0131 Devlet Denetleme Kurulu\u2019nun (DDK) Adli T\u0131p Kurumu (ATK) ile ilgili olarak haz\u0131rlad\u0131\u011f\u0131 rapor \u00f6zetine ili\u015fkin TTB Merkez Konseyi de\u011ferlendirmesi 8 Temmuz 2010 Per\u015fembe g\u00fcn\u00fc \u0130stanbul Tabip Odas\u0131&#8217;nda ger\u00e7ekle\u015ftirilen bir bas\u0131n toplant\u0131s\u0131nda kamuoyuyla payla\u015f\u0131ld\u0131.<!--more--><\/p>\n<p style=\"text-align: justify;\">Toplant\u0131ya TTB Merkez Konseyi \u0130kinci Ba\u015fkan\u0131 Prof. Dr. \u00d6zdemir Aktan, TTB Merkez Konseyi \u00dcyeleri Dr. Osman \u00d6zt\u00fcrk ve Dr. H\u00fcseyin Demirdizen kat\u0131ld\u0131lar.<\/p>\n<p style=\"text-align: justify;\">Dr. \u00d6zdemir Aktan yapt\u0131\u011f\u0131 konu\u015fmada TTB\u2019nin y\u0131llard\u0131r Adli T\u0131p Kurumu i\u015fleyi\u015fi ve uygulamalar\u0131n\u0131 yak\u0131ndan takip etti\u011fini, ATK\u2019n\u0131n toplum vicdan\u0131n\u0131 zedeleyen kararlar\u0131n\u0131n sorgulay\u0131c\u0131s\u0131 oldu\u011funu ve bu ba\u011flamda DDK\u2019n\u0131n raporunun TTB Merkez Konseyi\u2019nce genel olarak olumlu kar\u015f\u0131land\u0131\u011f\u0131n\u0131 belirtti.<\/p>\n<p style=\"text-align: justify;\">Dr. Osman \u00d6zt\u00fcrk de, DDK\u2019n\u0131n yay\u0131nlanan rapor \u00f6zetindeki tespitlerin, TTB\u2019nin de y\u0131llard\u0131r dile getirdi\u011fi olumsuzluklar\u0131 ve mevcut tablonun s\u00fcrd\u00fcr\u00fclemezli\u011fini ortaya koydu\u011funu belirtti. Ancak rapor \u00f6zetinin ciddi eksiklikleri de bar\u0131nd\u0131rd\u0131\u011f\u0131na de\u011finen Dr. \u00d6zt\u00fcrk, haz\u0131rlanan skandal raporlara ve ATK\u2019n\u0131n siyasi iktidar\u0131n vesayeti alt\u0131nda olmas\u0131na raporda de\u011finilmemesini ele\u015ftirdi. Dr. \u00d6zt\u00fcrk, ATK\u2019da ciddi bir reform ger\u00e7ekle\u015ftirilmesi i\u00e7in \u00e7eli\u015fkili-\u015faibeli raporlara imza atanlar\u0131n (TTB\u2019nin vermi\u015f oldu\u011fu g\u00f6revden men kararlar\u0131 dikkate al\u0131narak) g\u00f6revden al\u0131nmas\u0131n\u0131n, 2003\u2019ten beri yap\u0131lan ve liyakat i\u00e7ermeyen atamalar\u0131n iptal edilmesinin, ATK\u2019n\u0131n Sa\u011fl\u0131k Bakanl\u0131\u011f\u0131\u2019na devredilmesinin \u015fart oldu\u011funu dile getirdi ve bu ad\u0131mlar at\u0131lmadan ATK\u2019n\u0131n toplum nezdinde sayg\u0131nl\u0131k kazanamayaca\u011f\u0131n\u0131 vurgulad\u0131.<\/p>\n<p style=\"text-align: center;\"><strong>BASIN A\u00c7IKLAMASI\u00a0 ( 08 \/ 07 \/ 2010 )<\/strong><\/p>\n<p style=\"text-align: center;\"><strong>Devlet Denetleme Kurulu Raporu\u2019nun Ortaya Koydu\u011fu Ger\u00e7ek:<\/strong><\/p>\n<p style=\"text-align: center;\"><strong><em>ADL\u0130 TIP KURUMU <\/em><\/strong><\/p>\n<p style=\"text-align: center;\"><strong><em>SA\u011eLIK BAKANLI\u011eI\u2019NA DEVRED\u0130LMEL\u0130, <\/em><\/strong><\/p>\n<p style=\"text-align: center;\"><strong><em>YOLSUZLUK \u0130DD\u0130ALARI HAKKINDA DERHAL SORU\u015eTURMA BA\u015eLATILMALIDIR! <\/em><\/strong><\/p>\n<p style=\"text-align: justify;\">Cumhurba\u015fkanl\u0131\u011f\u0131 Devlet Denetleme Kurulu\u2019nun Adli T\u0131p Kurumu (ATK) ile ilgili haz\u0131rlad\u0131\u011f\u0131 Denetleme Raporu\u2019nun \u00f6zeti Cumhurba\u015fkanl\u0131\u011f\u0131\u2019n\u0131n web sitesinde yay\u0131nland\u0131.<\/p>\n<p style=\"text-align: justify;\">Rapor \u00d6zeti\u2019yle ilgili \u00f6n de\u011ferlendirmemizi sizlerle payla\u015fmak istiyoruz:<\/p>\n<p style=\"text-align: justify;\"><strong>1- <\/strong> Asl\u0131n\u0131n 545 sayfa oldu\u011fu anla\u015f\u0131lan Denetleme Raporu\u2019nun sadece 28 sayfal\u0131k bir \u00f6zeti yay\u0131nlanm\u0131\u015f bulunmaktad\u0131r.  Raporun tamam\u0131n\u0131n yay\u0131nlanmamas\u0131 ile ilgili ileri s\u00fcr\u00fclen \u201chizmete \u00f6zel nitelikli tespit, de\u011ferlendirme ve \u00f6neriler i\u00e7ermesi\u201d gerek\u00e7esi inand\u0131r\u0131c\u0131l\u0131ktan uzakt\u0131r ve kabul edilemez.<\/p>\n<p style=\"text-align: justify;\">Rapor\u2019un tamam\u0131 a\u00e7\u0131klanmad\u0131\u011f\u0131 takdirde, kamuoyunda hakl\u0131 olarak \u201cATK\u2019yla ilgili ger\u00e7ekler \u00f6rtbas ediliyor\u201d ele\u015ftirilerine yol a\u00e7acak ve raporun inan\u0131l\u0131rl\u0131\u011f\u0131 ba\u015ftan zedelenecektir.<\/p>\n<p style=\"text-align: justify;\"><strong>2- <\/strong> Rapor \u00d6zeti\u2019nde yer alan ve TTB\u2019nin daha \u00f6nceki a\u00e7\u0131klamalar\u0131yla \u00f6rt\u00fc\u015fen tespitler ATK\u2019n\u0131n i\u00e7ine d\u00fc\u015f\u00fcr\u00fcld\u00fc\u011f\u00fc durumu ve bu durumun s\u00fcrd\u00fcr\u00fclemezli\u011fini teyit etmi\u015ftir.<\/p>\n<p style=\"text-align: justify;\"><strong>3-<\/strong> Adli t\u0131p uzman ve asistanlar\u0131n\u0131n ATK ve adli t\u0131bb\u0131n mevcut durumu ve gelece\u011fiyle ilgili yapt\u0131klar\u0131 \u201ckaramsar\u201d tespitler durumun vehametini ortaya koymaktad\u0131r ve yetkililer taraf\u0131ndan dikkatle de\u011ferlendirilmelidir.<\/p>\n<p style=\"text-align: justify;\"><strong>4-<\/strong> ATK ve Adalet Bakanl\u0131\u011f\u0131 ile birlikte konunun taraf\u0131 b\u00fct\u00fcn kurumlar\u0131n bir araya gelerek belirlenecek reform stratejisi do\u011frultusunda sistemin yeni ba\u015ftan organize edilmesi \u00f6nerisi, s\u00fcrecin sa\u011fl\u0131kl\u0131 i\u015fleyebilmesi i\u00e7in kritik \u00f6nemdedir.<\/p>\n<p style=\"text-align: justify;\"><strong>5-<\/strong> \u201c\u00dcniversitelerden daha etkili bi\u00e7imde yararlan\u0131lmas\u0131\u201d, \u201cmevcut ihtisas kurullar\u0131n\u0131n la\u011fvedilmesi\u201d, \u201cilgili bran\u015fta uzman olan ki\u015filer ile adli t\u0131p uzmanlar\u0131n\u0131n kat\u0131laca\u011f\u0131 \u2026 \u00e7ok say\u0131da heyet te\u015fekk\u00fcl ettirilmesi\u201d, \u201cGenel Kurul\u2019un yerine \u2018Geni\u015fletilmi\u015f Uzmanlar Kurulu\u2019 sistemine benzer bir yap\u0131n\u0131n hayata ge\u00e7irilmesi\u201d, \u201ctam donan\u0131ml\u0131 grup ba\u015fkanl\u0131klar\u0131 kurulmas\u0131\u201d, \u201c\u015fube m\u00fcd\u00fcrl\u00fcklerinin sa\u011fl\u0131k kurulu\u015flar\u0131 i\u00e7erisinde konu\u015fland\u0131r\u0131lmas\u0131\u201d ve benzeri \u00f6nermeler sorunun \u00e7\u00f6z\u00fcm\u00fcne y\u00f6nelik ger\u00e7ek\u00e7i ve yararl\u0131 \u00f6nermelerdir.<\/p>\n<p style=\"text-align: justify;\"><strong>6- <\/strong> \u201cATK b\u00fcnyesinde bir \u2018Adli Bilimler Akademisi\u2019 kurulmas\u0131\u201d, \u201cATK\u2019n\u0131n bir \u2018\u00fcst bilirki\u015filik organ\u0131\u2019 h\u00fcviyetine kavu\u015fturulmas\u0131\u201d benzeri \u00f6neriler ise \u00fczerinde daha fazla tart\u0131\u015f\u0131lmay\u0131 gerektirmektedir ve ilgili b\u00fct\u00fcn kurumlar\u0131n onaylar\u0131 al\u0131nmadan hayata ge\u00e7irilmemelidir.<\/p>\n<p style=\"text-align: justify;\"><strong>7-<\/strong> ATK\u2019n\u0131n \u201cba\u011fl\u0131 kurulu\u015f\u201d stat\u00fcs\u00fcnden \u00e7\u0131kar\u0131larak \u201cilgili kurulu\u015f\u201d stat\u00fcs\u00fcne ge\u00e7irilmesi \u00f6nerisi yap\u0131lacak di\u011fer d\u00fczenlemelere ba\u011fl\u0131 bir alternatif olarak de\u011ferlendirilebilir.<\/p>\n<p style=\"text-align: justify;\"><strong>8-<\/strong> Adli T\u0131p Kurumu\u2019nun isminin \u2018Adli Bilimler Kurumu\u2019 olarak de\u011fi\u015ftirilmesi \u00f6nerisi ise sorunlar\u0131 daha da karma\u015f\u0131k hale getirme riski ta\u015f\u0131maktad\u0131r. Bunun yerine ATK\u2019n\u0131n t\u0131pla ilgisi olmayan dairelerinin Kurum d\u0131\u015f\u0131na \u00e7\u0131kar\u0131larak ayr\u0131 bir \u00f6rg\u00fctlenmeye gidilmesi daha do\u011fru olacakt\u0131r.<\/p>\n<p style=\"text-align: justify;\"><strong>9- <\/strong> Rapor \u00d6zeti \u00fc\u00e7 kritik eksikli\u011fi i\u00e7ermektedir:<\/p>\n<p style=\"text-align: justify;\"><strong>1.<\/strong> Her g\u00fcn bir yenisi ortaya \u00e7\u0131kan \u201cskandal\u201d raporlardan,<\/p>\n<p style=\"text-align: justify;\"><strong>2.<\/strong> Do\u011fas\u0131 gere\u011fi tarafs\u0131z olmas\u0131 gereken ATK\u2019n\u0131n siyasi vesayet alt\u0131nda olmas\u0131ndan,<\/p>\n<p style=\"text-align: justify;\"><strong>3. <\/strong>ATK\u2019n\u0131n Adalet Bakanl\u0131\u011f\u0131\u2019na ba\u011fl\u0131 olmas\u0131ndan kaynaklanan sorunlar.<\/p>\n<p style=\"text-align: justify;\">Rapor \u00d6zeti\u2019nde ATK\u2019n\u0131n baz\u0131 tart\u0131\u015fmal\u0131 raporlar\u0131na de\u011finilmekle birlikte sorgulaman\u0131n derinle\u015ftirilmedi\u011fi g\u00f6r\u00fclmektedir. Oysa ger\u00e7ek ve bilim d\u0131\u015f\u0131, \u00e7eli\u015fkili ve \u015faibeli raporlar ve bu raporlar\u0131n sorumlular\u0131n\u0131n h\u00e2l\u00e2 g\u00f6revlerinin ba\u015flar\u0131nda olmalar\u0131 kamuoyunun ATK\u2019na olan b\u00fct\u00fcn g\u00fcvenini yok etmi\u015ftir ve bu sorun a\u015f\u0131lmad\u0131\u011f\u0131 s\u00fcrece hi\u00e7bir Denetleme Raporun, hi\u00e7bir giri\u015fimin inand\u0131r\u0131c\u0131 olmas\u0131 m\u00fcmk\u00fcn de\u011fildir.<\/p>\n<p style=\"text-align: justify;\">Ayn\u0131 \u015fekilde, 2003 y\u0131l\u0131ndan bu yana sistemli olarak s\u00fcrd\u00fcr\u00fclen siyasi kadrola\u015fma ortadan kald\u0131r\u0131lmadan ATK\u2019n\u0131n toplumun geni\u015f kesimlerinde g\u00fcven tesis edebilmesi imk\u00e2ns\u0131zd\u0131r.<\/p>\n<p style=\"text-align: justify;\">Nihayet; Rapor \u00d6zeti\u2019nde yer alan \u201cY\u00fcr\u00fctt\u00fc\u011f\u00fc faaliyetler a\u00e7\u0131s\u0131ndan Adalet Bakanl\u0131\u011f\u0131\u2019n\u0131n ana hizmetlerinden kabul edilemeyecek ATK\u201d ifadesi, bir ger\u00e7ekli\u011fin hissedildi\u011fi ama mant\u0131ksal sonu\u00e7lar\u0131na kadar gidilemedi\u011fini g\u00f6stermektedir.<\/p>\n<p style=\"text-align: justify;\">Oysa ger\u00e7ek gayet a\u00e7\u0131kt\u0131r.<\/p>\n<p style=\"text-align: justify;\">Adli t\u0131p hizmetleri bir sa\u011fl\u0131k hizmetidir ve Adalet Bakanl\u0131\u011f\u0131\u2019n\u0131n sa\u011fl\u0131k hizmetlerinin \u00f6rg\u00fctlenmesi ve sunumuyla hi\u00e7bir ilgisi yoktur. \u00dcniversiteler d\u0131\u015f\u0131ndaki adli t\u0131p \u00f6rg\u00fctlenmesinin ba\u011fl\u0131\/ilgili\/ili\u015fkili olaca\u011f\u0131 \u00f6ncelikli adres Sa\u011fl\u0131k Bakanl\u0131\u011f\u0131 olmal\u0131d\u0131r.<\/p>\n<p style=\"text-align: justify;\">Bu nedenle, e\u011fer adli t\u0131p hizmetlerinde reform yap\u0131lmas\u0131 samimiyetle isteniyorsa, reformdan \u00f6nce ve acilen;<\/p>\n<p style=\"text-align: justify;\"><strong>1.<\/strong> Ger\u00e7ek ve bilim d\u0131\u015f\u0131 rapor d\u00fczenlemeyi al\u0131\u015fkanl\u0131k haline getirenler daha fazla gecikmeksizin g\u00f6revlerinden al\u0131nmal\u0131,<\/p>\n<p style=\"text-align: justify;\"><strong>ii) <\/strong>2003 y\u0131l\u0131ndan bu yana yap\u0131lan ve liyakat esas\u0131na dayanmayan b\u00fct\u00fcn g\u00f6revlendirmeler iptal edilmeli,<\/p>\n<p style=\"text-align: justify;\"><strong>iii)<\/strong> ATK, Sa\u011fl\u0131k Bakanl\u0131\u011f\u0131\u2019na devredilmelidir.<\/p>\n<p style=\"text-align: justify;\">Bu ad\u0131mlar at\u0131lmadan yap\u0131lacak bir \u201cimaj tazeleme\u201d sorunlar\u0131 \u00e7\u00f6zmeyece\u011fi gibi ATK\u2019y\u0131 siyasete daha fazla ba\u011f\u0131ml\u0131 hale getirecektir. Bu konuda kamuoyunu \u015fimdiden uyarmay\u0131, ta\u015f\u0131d\u0131\u011f\u0131m\u0131z sorumlulu\u011fun gere\u011fi kabul ediyoruz.<\/p>\n<p style=\"text-align: justify;\">Adli t\u0131p alan\u0131nda reform yap\u0131lmas\u0131 gereklili\u011fini y\u0131llard\u0131r savunan TTB, bu \u00f6n ad\u0131mlar\u0131 kapsamayan bir \u201creform\u201d giri\u015fimine ku\u015fkuyla yakla\u015facak ve katk\u0131da bulunmayacakt\u0131r.<\/p>\n<p style=\"text-align: justify;\"><strong>10-<\/strong> \u201cMal ve hizmet al\u0131m\u0131 i\u015flemlerinin \u00e7ok b\u00fcy\u00fck bir k\u0131sm\u0131n\u0131n do\u011frudan temin usul\u00fc ile ger\u00e7ekle\u015ftirildi\u011fi\u201d, \u201cihale d\u00f6k\u00fcman\u0131nda yap\u0131lan tan\u0131mlamalar\u0131n belirli \u00fcretici firmalar\u0131n \u00fcr\u00fcnlerini i\u015faret etti\u011fi\u201d, \u201cbaz\u0131 sarf malzemeleri i\u00e7in birka\u00e7 y\u0131ll\u0131k ihtiya\u00e7 miktar\u0131n\u0131n bir seferde tespit edilmesi\u201d, \u201cmal parti parti teslim al\u0131nmas\u0131na ra\u011fmen, \u2026 tamam\u0131 teslim al\u0131nm\u0131\u015f gibi i\u015flem yap\u0131lmas\u0131\u201d \u015feklindeki tespitler ATK\u2019da incelemenin yap\u0131ld\u0131\u011f\u0131 2007, 2008, 2009 y\u0131llar\u0131nda \u00e7ok ciddi yolsuzluklar yap\u0131ld\u0131\u011f\u0131 konusunda ciddi kan\u0131tlar\u0131n varl\u0131\u011f\u0131na i\u015faret etmektedir.<\/p>\n<p style=\"text-align: justify;\">Konuyla ilgili olarak ATK\u2019n\u0131n denetime tabi tutulmas\u0131 \u00f6nerisi yerinde ancak yetersizdir. Devlet Denetleme Kurulu\u2019nun tespitleri ihbar olarak kabul edilmeli ve ayn\u0131 zamanda adli soru\u015fturma h\u0131zla ba\u015flat\u0131lmal\u0131d\u0131r.<\/p>\n<p style=\"text-align: justify;\">Kamuoyuna sayg\u0131lar\u0131m\u0131zla duyururuz.<\/p>\n<p style=\"text-align: justify;\"><strong>T\u00dcRK TAB\u0130PLER\u0130 B\u0130RL\u0130\u011e\u0130<\/strong><\/p>\n<p style=\"text-align: justify;\"><strong>MERKEZ KONSEY\u0130<\/strong><\/p>\n","protected":false},"excerpt":{"rendered":"<p style=\"text-align: center;\">\n<p style=\"text-align: justify;\">Cumhurba\u015fkanl\u0131\u011f\u0131 Devlet Denetleme Kurulu\u2019nun (DDK) Adli T\u0131p Kurumu (ATK) ile ilgili olarak haz\u0131rlad\u0131\u011f\u0131 rapor \u00f6zetine ili\u015fkin TTB Merkez Konseyi de\u011ferlendirmesi 8 Temmuz 2010 Per\u015fembe g\u00fcn\u00fc \u0130stanbul Tabip Odas\u0131&#8217;nda ger\u00e7ekle\u015ftirilen bir bas\u0131n toplant\u0131s\u0131nda kamuoyuyla payla\u015f\u0131ld\u0131.<\/p>\n","protected":false},"author":1,"featured_media":0,"comment_status":"open","ping_status":"closed","sticky":false,"template":"","format":"standard","meta":{"footnotes":""},"categories":[105],"tags":[],"class_list":["post-24170","post","type-post","status-publish","format-standard","hentry","category-gundem","odd"],"_links":{"self":[{"href":"http:\/\/www.korhanyilmaz.com\/index.php?rest_route=\/wp\/v2\/posts\/24170","targetHints":{"allow":["GET"]}}],"collection":[{"href":"http:\/\/www.korhanyilmaz.com\/index.php?rest_route=\/wp\/v2\/posts"}],"about":[{"href":"http:\/\/www.korhanyilmaz.com\/index.php?rest_route=\/wp\/v2\/types\/post"}],"author":[{"embeddable":true,"href":"http:\/\/www.korhanyilmaz.com\/index.php?rest_route=\/wp\/v2\/users\/1"}],"replies":[{"embeddable":true,"href":"http:\/\/www.korhanyilmaz.com\/index.php?rest_route=%2Fwp%2Fv2%2Fcomments&post=24170"}],"version-history":[{"count":0,"href":"http:\/\/www.korhanyilmaz.com\/index.php?rest_route=\/wp\/v2\/posts\/24170\/revisions"}],"wp:attachment":[{"href":"http:\/\/www.korhanyilmaz.com\/index.php?rest_route=%2Fwp%2Fv2%2Fmedia&parent=24170"}],"wp:term":[{"taxonomy":"category","embeddable":true,"href":"http:\/\/www.korhanyilmaz.com\/index.php?rest_route=%2Fwp%2Fv2%2Fcategories&post=24170"},{"taxonomy":"post_tag","embeddable":true,"href":"http:\/\/www.korhanyilmaz.com\/index.php?rest_route=%2Fwp%2Fv2%2Ftags&post=24170"}],"curies":[{"name":"wp","href":"https:\/\/api.w.org\/{rel}","templated":true}]}}