{"id":2416,"date":"2008-12-16T09:25:14","date_gmt":"2008-12-16T07:25:14","guid":{"rendered":"http:\/\/www.korhanyilmaz.com\/?p=2416"},"modified":"2008-12-16T09:25:14","modified_gmt":"2008-12-16T07:25:14","slug":"minibusler-kalkiyor-mu","status":"publish","type":"post","link":"http:\/\/www.korhanyilmaz.com\/?p=2416","title":{"rendered":"Minib\u00fcsler kalk\u0131yor mu?"},"content":{"rendered":"<p style=\"text-align: center;\"><img loading=\"lazy\" decoding=\"async\" class=\"size-full wp-image-2417 aligncenter\" title=\"Minib\u00fcsler kalk\u0131yor mu? \" src=\"http:\/\/www.korhanyilmaz.com\/wp-content\/uploads\/2008\/12\/a090018e45068941ba88491ex.jpg\" alt=\"Minib\u00fcsler kalk\u0131yor mu? \" width=\"379\" height=\"200\" \/><\/p>\n<p style=\"text-align: justify;\">Yeni Karayollar\u0131 Kanunu toplu ta\u015f\u0131mada devrim yapacak Minib\u00fcs ifadesi yasadan \u00e7\u0131kar\u0131ld\u0131, yerine otob\u00fcs konuldu.<\/p>\n<p style=\"text-align: justify;\">T\u00dcM KURALLAR S\u0130LBA\u015eTAN<\/p>\n<p style=\"text-align: justify;\">Takvim gazetesinin haberine g\u00f6re; ba\u015fta \u0130stanbul olmak \u00fczere bir\u00e7ok kentte toplu ta\u015f\u0131ma sisteminin en \u00f6nemli unsurlar\u0131 aras\u0131nda yer alan minib\u00fcs\u00fcn tarifi yeni haz\u0131rlanan Karayollar\u0131 Kanunu&#8217;ndan \u00e7\u0131kart\u0131ld\u0131. Kanuna 25 ki\u015filik midib\u00fcs tabir edilen k\u00fc\u00e7\u00fck otob\u00fcslerin tan\u0131m\u0131 eklendi.<\/p>\n<p style=\"text-align: justify;\">ODALAR B\u0130R ARAYA GEL\u0130YOR<\/p>\n<p style=\"text-align: justify;\">Bu geli\u015fme binlerce minib\u00fcs\u00e7\u00fcn\u00fcn g\u00f6z\u00fcn\u00fc korkuttu. \u015eof\u00f6r odalar\u0131 ba\u015fkanlar\u0131 bug\u00fcn Ankara&#8217;da T\u00fcrkiye \u015eof\u00f6rler ve Otomobilciler Federasyonu b\u00fcnyesinde toplanacak. Al\u0131nacak kararlardan sonra h\u00fck\u00fcmet nezdinde giri\u015fimde bulunulmas\u0131 bekleniyor. <!--more--><\/p>\n<p style=\"text-align: justify;\">YASADAK\u0130 YEN\u0130 TANIM<\/p>\n<p style=\"text-align: justify;\">Otob\u00fcs: Yap\u0131s\u0131 itibar\u0131yla s\u00fcr\u00fcc\u00fcs\u00fc dahil 9&#8217;dan fazla oturma yeri olan ve insan ta\u015f\u0131mak i\u00e7ini mal edilmi\u015f olan motorlu ara\u00e7t\u0131r. Bunlardan azami y\u00fckl\u00fc a\u011f\u0131rl\u0131\u011f\u0131 5 bin kiloyu a\u015fmayanlar M2, azami y\u00fckl\u00fc a\u011f\u0131rl\u0131\u011f\u0131 5 bin kiloyu a\u015fanlar M3 s\u0131n\u0131f\u0131d\u0131r.<\/p>\n<p style=\"text-align: justify;\">M\u0130N\u0130B\u00dcS\u00dcN ADI YOK<\/p>\n<p style=\"text-align: justify;\">Karayollar\u0131 Kanunu de\u011fi\u015fiklik tasla\u011f\u0131nda minib\u00fcs tarifi \u00e7\u0131kar\u0131ld\u0131 yerine otob\u00fcs geldi. Esnaf\u0131 &#8216;minib\u00fcsler kald\u0131r\u0131lacak&#8217; korkusu sard\u0131.<\/p>\n<p style=\"text-align: justify;\">\u0130stanbul&#8217;da belli hatlarda rayl\u0131 sistem ve metrob\u00fcs dolay\u0131s\u0131yla kald\u0131r\u0131lan minib\u00fcslerin, \u00fclke genelinde tamamen trafikten \u00e7\u0131kar\u0131laca\u011f\u0131 iddia ediliyor. Minib\u00fcs\u00e7\u00fc esnaf\u0131n\u0131n b\u00fcy\u00fck tepkisine yol a\u00e7an konu, Karayollar\u0131 Trafik Kanunu&#8217;nun de\u011fi\u015fen haliyle ortaya \u00e7\u0131kt\u0131. Haz\u0131rlanan taslakta minib\u00fcs\u00fcn tarifi bulunmuyor. Kanunda minib\u00fcsten hi\u00e7 bahsedilemezken, bunun yerine 25 ki\u015filik midib\u00fcs tabir edilen k\u00fc\u00e7\u00fck otob\u00fcsler yer ald\u0131.<\/p>\n<p style=\"text-align: justify;\">ESNAF KORKUYOR<\/p>\n<p style=\"text-align: justify;\">S\u00f6z konusu taslak kanunla\u015ft\u0131\u011f\u0131nda, minib\u00fcsler de bu tarif gere\u011fi otob\u00fcs kavram\u0131n\u0131n i\u00e7ine al\u0131nm\u0131\u015f olacak. Gerek ki\u015fisel, gerekse servis olarak kullan\u0131lan minib\u00fcslerin yan\u0131nda \u00f6zellikle b\u00fcy\u00fck\u015fehirlerde hatl\u0131 olarak \u00e7al\u0131\u015fan minib\u00fcslerin ak\u0131beti de bu taslak ile me\u00e7hul hale geliyor. Halen y\u00fcr\u00fcrl\u00fckte olan 2918 say\u0131l\u0131 Karayollar\u0131 Trafik Kanunu&#8217;nda minib\u00fcslerin a\u00e7\u0131k bir tarifi bulunuyor. De\u011fi\u015fiklikle k\u00fc\u00e7\u00fck otob\u00fcs \u015fekline gelecek minib\u00fcslerin yolcu ta\u015f\u0131mac\u0131l\u0131\u011f\u0131 yapmas\u0131 zora girmi\u015f olacak. Onbinlerce esnaf i\u015fini kaybetme korkusu ya\u015f\u0131yor.<\/p>\n<p style=\"text-align: justify;\">M\u0130N\u0130B\u00dcS YER\u0130NE OTOB\u00dcS<\/p>\n<p style=\"text-align: justify;\">Tasla\u011f\u0131n de\u011fi\u015fmesini isteyen odalar da tepkilerini dile getirmeye ba\u015flad\u0131. Oda ba\u015fkanlar\u0131, bu de\u011fi\u015fiklik ile minib\u00fcslerin yerine otob\u00fcs\u00fcn konulaca\u011f\u0131n\u0131 \u00f6ne s\u00fcr\u00fcyor. Ba\u015fkanlar, &#8220;Bu yeni tan\u0131mlama ile 2 ya da 3 minib\u00fcs yerine bir otob\u00fcs konulabilmesinin \u00f6n\u00fc a\u00e7\u0131l\u0131yor. B\u00f6ylece minib\u00fcsler kald\u0131r\u0131larak, otob\u00fcsler hatlara yerle\u015ftirilecek&#8221; diyor.<\/p>\n<p style=\"text-align: justify;\">BA\u015eKANLAR TOPLANIYOR<\/p>\n<p style=\"text-align: justify;\">S\u00f6z konusu tasla\u011f\u0131n duyulmas\u0131n\u0131n ard\u0131ndan, T\u00fcrkiye&#8217;deki \u015fof\u00f6r odas\u0131 ba\u015fkanlar\u0131 bug\u00fcn Ankara&#8217;da toplanma karar\u0131 ald\u0131. T\u00fcrkiye \u015eof\u00f6rler ve Otomobilciler Federasyonu&#8217;nda (T\u015eOF) toplanacak olan ba\u015fkanlar, h\u00fck\u00fcmet nezdinde giri\u015fimlerde bulunacak.<\/p>\n<p style=\"text-align: justify;\"><span style=\"color: #999999;\">Kaynak : Sabah Gazetesi<\/span><\/p>\n","protected":false},"excerpt":{"rendered":"<p style=\"text-align: center;\">\n<p style=\"text-align: justify;\">Yeni Karayollar\u0131 Kanunu toplu ta\u015f\u0131mada devrim yapacak Minib\u00fcs ifadesi yasadan \u00e7\u0131kar\u0131ld\u0131, yerine otob\u00fcs konuldu.<\/p>\n<p style=\"text-align: justify;\">T\u00dcM KURALLAR S\u0130LBA\u015eTAN<\/p>\n<p style=\"text-align: justify;\">Takvim gazetesinin haberine g\u00f6re; ba\u015fta \u0130stanbul olmak \u00fczere bir\u00e7ok kentte toplu ta\u015f\u0131ma sisteminin en \u00f6nemli unsurlar\u0131 aras\u0131nda yer alan minib\u00fcs\u00fcn tarifi yeni haz\u0131rlanan Karayollar\u0131 Kanunu&#8217;ndan \u00e7\u0131kart\u0131ld\u0131. Kanuna 25 ki\u015filik <\/p>\n","protected":false},"author":1,"featured_media":0,"comment_status":"open","ping_status":"open","sticky":false,"template":"","format":"standard","meta":{"footnotes":""},"categories":[7],"tags":[],"class_list":["post-2416","post","type-post","status-publish","format-standard","hentry","category-ekonomi","odd"],"_links":{"self":[{"href":"http:\/\/www.korhanyilmaz.com\/index.php?rest_route=\/wp\/v2\/posts\/2416","targetHints":{"allow":["GET"]}}],"collection":[{"href":"http:\/\/www.korhanyilmaz.com\/index.php?rest_route=\/wp\/v2\/posts"}],"about":[{"href":"http:\/\/www.korhanyilmaz.com\/index.php?rest_route=\/wp\/v2\/types\/post"}],"author":[{"embeddable":true,"href":"http:\/\/www.korhanyilmaz.com\/index.php?rest_route=\/wp\/v2\/users\/1"}],"replies":[{"embeddable":true,"href":"http:\/\/www.korhanyilmaz.com\/index.php?rest_route=%2Fwp%2Fv2%2Fcomments&post=2416"}],"version-history":[{"count":0,"href":"http:\/\/www.korhanyilmaz.com\/index.php?rest_route=\/wp\/v2\/posts\/2416\/revisions"}],"wp:attachment":[{"href":"http:\/\/www.korhanyilmaz.com\/index.php?rest_route=%2Fwp%2Fv2%2Fmedia&parent=2416"}],"wp:term":[{"taxonomy":"category","embeddable":true,"href":"http:\/\/www.korhanyilmaz.com\/index.php?rest_route=%2Fwp%2Fv2%2Fcategories&post=2416"},{"taxonomy":"post_tag","embeddable":true,"href":"http:\/\/www.korhanyilmaz.com\/index.php?rest_route=%2Fwp%2Fv2%2Ftags&post=2416"}],"curies":[{"name":"wp","href":"https:\/\/api.w.org\/{rel}","templated":true}]}}