{"id":24152,"date":"2010-07-09T09:29:46","date_gmt":"2010-07-09T09:29:46","guid":{"rendered":"http:\/\/www.korhanyilmaz.com\/?p=24152"},"modified":"2010-07-09T09:29:46","modified_gmt":"2010-07-09T09:29:46","slug":"%e2%80%9ckudus%e2%80%99te-namaz-kilma%e2%80%9d-sozune-aciklik","status":"publish","type":"post","link":"http:\/\/www.korhanyilmaz.com\/?p=24152","title":{"rendered":"\u201cKud\u00fcs\u2019te namaz k\u0131lma\u201d s\u00f6z\u00fcne a\u00e7\u0131kl\u0131k"},"content":{"rendered":"<p style=\"text-align: center;\"><a href=\"http:\/\/www.korhanyilmaz.com\/wp-content\/uploads\/2010\/07\/2221.jpg\"  class=\"lightview\"><img loading=\"lazy\" decoding=\"async\" class=\"aligncenter size-full wp-image-24154\" src=\"http:\/\/www.korhanyilmaz.com\/wp-content\/uploads\/2010\/07\/2221.jpg\" alt=\"\" width=\"346\" height=\"214\" \/><\/a><\/p>\n<p style=\"text-align: justify;\">D\u0131\u015fi\u015fleri Bakan\u0131 Ahmet Davuto\u011flu tepkilere yol a\u00e7an \u201cKud\u00fcs\u2019te namaz k\u0131lma\u201d s\u00f6z\u00fcne a\u00e7\u0131kl\u0131k getirdi.<\/p>\n<p style=\"text-align: justify;\">Londra\u2019da d\u00fc\u015f\u00fcnce grubu Chatham House\u2019da bir konu\u015fma yapan Ahmet Davuto\u011flu, konuyla ilgili sorulan soruya \u201cBen bu s\u00f6z\u00fc 22 bakan\u0131n kat\u0131ld\u0131\u011f\u0131 bas\u0131na kapal\u0131 bir toplant\u0131da sarfettim ve diplomasi kurallar\u0131 gere\u011fi de \u015fimdiye dek bu konuda bir \u015fey s\u00f6ylemedim\u201d cevab\u0131n\u0131 verdi. <!--more--><\/p>\n<p style=\"text-align: justify;\">Davuto\u011flu, &#8220;Ama \u015fimdi s\u00f6yl\u00fcyorum. Evet bir g\u00fcn Do\u011fu Kud\u00fcs\u2019te namaz k\u0131laca\u011f\u0131z. Do\u011fu Kud\u00fcs Filistin\u2019e aittir. Birle\u015fm\u015f Milletler hukukuna g\u00f6re oras\u0131 Filistin topra\u011f\u0131d\u0131r ve bar\u0131\u015f s\u00fcreci \u00e7er\u00e7evesinde yap\u0131lan g\u00f6r\u00fc\u015fmelerde de buras\u0131n\u0131n Filistin\u2019e teslim edilmesi \u015fart\u0131 vard\u0131r. Do\u011fu Kud\u00fcs Filistin\u2019e verilecektir ve biz de hep beraber burada namaz k\u0131laca\u011f\u0131z. Bu bir fantezi de\u011fil vizyondur\u201d diye konu\u015ftu.<\/p>\n<p style=\"text-align: justify;\">Londra\u2019da \u0130ngiltere D\u0131\u015fi\u015fleri Bakan\u0131 William Hague ile g\u00f6r\u00fc\u015fmesinin ard\u0131ndan gazteecilerin sorular\u0131n\u0131 yan\u0131tlayan Davuto\u011flu, T\u00fcrkiye\u2019nin filo bask\u0131n\u0131 nedeniyle \u0130srail ile ili\u015fkileri kesmeye haz\u0131r olup olmad\u0131\u011f\u0131 y\u00f6n\u00fcndeki bir soruya da, \u201c\u0130srail\u2019in \u00f6z\u00fcr dilemesini ya da uluslararas\u0131 bir soru\u015fturma a\u00e7\u0131lmas\u0131n\u0131n kabul etmesini bekliyoruz. San\u0131r\u0131m bu adil bir istek\u201d ifadesini kulland\u0131.<\/p>\n<p style=\"text-align: justify;\">Ahmet Davuto\u011flu, &#8220;E\u011fer bu iki yolu izlemezlerse, o zaman tabii ki T\u00fcrkiye&#8217;nin de sivillerin haklar\u0131n\u0131 korumak i\u00e7in her t\u00fcrl\u00fc \u00f6nlemi almaya hakk\u0131 olur&#8221; dedi.<\/p>\n<p style=\"text-align: justify;\">D\u0131\u015fi\u015fleri Bakan\u0131 Davuto\u011flu ayr\u0131ca, &#8220;E\u011fer \u0130srail bizimle ili\u015fkilerini d\u00fczeltmek istiyorsa, o zaman sorumlulu\u011funu kabul etmeli ve ili\u015fkilerimizin bozulmas\u0131n\u0131 engellemek i\u00e7in gerekli t\u00fcm ad\u0131mlar\u0131 atmal\u0131d\u0131r&#8221; ifadesini kulland\u0131.<\/p>\n<p style=\"text-align: justify;\"><span style=\"color: #888888;\">Metin G\u00fcne\u015f \/ CNN T\u00dcRK \/ Londra<\/span><\/p>\n","protected":false},"excerpt":{"rendered":"<p style=\"text-align: center;\">\n<p style=\"text-align: justify;\">D\u0131\u015fi\u015fleri Bakan\u0131 Ahmet Davuto\u011flu tepkilere yol a\u00e7an \u201cKud\u00fcs\u2019te namaz k\u0131lma\u201d s\u00f6z\u00fcne a\u00e7\u0131kl\u0131k getirdi.<\/p>\n<p style=\"text-align: justify;\">Londra\u2019da d\u00fc\u015f\u00fcnce grubu Chatham House\u2019da bir konu\u015fma yapan Ahmet Davuto\u011flu, konuyla ilgili sorulan soruya \u201cBen bu s\u00f6z\u00fc 22 bakan\u0131n kat\u0131ld\u0131\u011f\u0131 bas\u0131na kapal\u0131 bir toplant\u0131da sarfettim ve diplomasi kurallar\u0131 gere\u011fi de \u015fimdiye dek bu konuda bir <\/p>\n","protected":false},"author":1,"featured_media":0,"comment_status":"open","ping_status":"closed","sticky":false,"template":"","format":"standard","meta":{"footnotes":""},"categories":[105],"tags":[],"class_list":["post-24152","post","type-post","status-publish","format-standard","hentry","category-gundem","odd"],"_links":{"self":[{"href":"http:\/\/www.korhanyilmaz.com\/index.php?rest_route=\/wp\/v2\/posts\/24152","targetHints":{"allow":["GET"]}}],"collection":[{"href":"http:\/\/www.korhanyilmaz.com\/index.php?rest_route=\/wp\/v2\/posts"}],"about":[{"href":"http:\/\/www.korhanyilmaz.com\/index.php?rest_route=\/wp\/v2\/types\/post"}],"author":[{"embeddable":true,"href":"http:\/\/www.korhanyilmaz.com\/index.php?rest_route=\/wp\/v2\/users\/1"}],"replies":[{"embeddable":true,"href":"http:\/\/www.korhanyilmaz.com\/index.php?rest_route=%2Fwp%2Fv2%2Fcomments&post=24152"}],"version-history":[{"count":0,"href":"http:\/\/www.korhanyilmaz.com\/index.php?rest_route=\/wp\/v2\/posts\/24152\/revisions"}],"wp:attachment":[{"href":"http:\/\/www.korhanyilmaz.com\/index.php?rest_route=%2Fwp%2Fv2%2Fmedia&parent=24152"}],"wp:term":[{"taxonomy":"category","embeddable":true,"href":"http:\/\/www.korhanyilmaz.com\/index.php?rest_route=%2Fwp%2Fv2%2Fcategories&post=24152"},{"taxonomy":"post_tag","embeddable":true,"href":"http:\/\/www.korhanyilmaz.com\/index.php?rest_route=%2Fwp%2Fv2%2Ftags&post=24152"}],"curies":[{"name":"wp","href":"https:\/\/api.w.org\/{rel}","templated":true}]}}