{"id":24148,"date":"2010-07-09T10:09:14","date_gmt":"2010-07-09T10:09:14","guid":{"rendered":"http:\/\/www.korhanyilmaz.com\/?p=24148"},"modified":"2010-07-09T10:09:14","modified_gmt":"2010-07-09T10:09:14","slug":"yokten-gule-yanit-siyasi-etki-yok","status":"publish","type":"post","link":"http:\/\/www.korhanyilmaz.com\/?p=24148","title":{"rendered":"Y\u00d6K&#8217;ten G\u00fcl&#8217;e yan\u0131t: Siyasi etki yok"},"content":{"rendered":"<p><a href=\"http:\/\/www.korhanyilmaz.com\/wp-content\/uploads\/2010\/07\/226.jpg\"  class=\"lightview\"><img loading=\"lazy\" decoding=\"async\" class=\"aligncenter size-full wp-image-24149\" src=\"http:\/\/www.korhanyilmaz.com\/wp-content\/uploads\/2010\/07\/226.jpg\" alt=\"\" width=\"292\" height=\"206\" \/><\/a><\/p>\n<p style=\"text-align: justify;\">Cumhurba\u015fkan\u0131 Abdullah G\u00fcl izahat istedi, Y\u00d6K yan\u0131t verdi, &#8220;Rekt\u00f6r adaylar\u0131 se\u00e7iminde siyasi etki yok&#8221; dedi. Y\u00d6K &#8216;ten yap\u0131lan yaz\u0131l\u0131 a\u00e7\u0131klamada rekt\u00f6r adaylar\u0131n\u0131n Genel Kurul&#8217;da gizli oy ile se\u00e7ildi\u011fi vurguland\u0131.<\/p>\n<p style=\"text-align: justify;\">A\u00e7\u0131klamada, rekt\u00f6r adaylar\u0131n\u0131n belirlenmesinde uyulacak us\u00fcl ve esaslar\u0131n Y\u00fcksek \u00d6\u011fretim Kanunu&#8217;nda yer ald\u0131\u011f\u0131n\u0131n alt\u0131 \u00e7izildi. <!--more--><\/p>\n<p style=\"text-align: justify;\">Y\u00d6K Genel Kurulu&#8217;nda da bu esaslar \u00e7er\u00e7evesinde hareket edildi\u011fi belirtildi.<\/p>\n<p style=\"text-align: justify;\">Y\u00d6K a\u00e7\u0131klamas\u0131nda, &#8220;\u00dcniversitelerde yap\u0131lan se\u00e7im sonu\u00e7lar\u0131n\u0131n yok say\u0131ld\u0131\u011f\u0131 iddialar\u0131 ger\u00e7ek d\u0131\u015f\u0131d\u0131r&#8221; dedi.<\/p>\n<p style=\"text-align: justify;\">\u00dcniversitelerde yap\u0131lan se\u00e7im kadar Y\u00d6K&#8217;teki se\u00e7imin de objektif ve serbest irade \u00fcr\u00fcn\u00fc oldu\u011fu \u00f6ne s\u00fcr\u00fcld\u00fc. Se\u00e7imde akademik \u00f6l\u00e7\u00fclerin g\u00f6zetildi\u011fi savunuldu.<\/p>\n<p style=\"text-align: justify;\">A\u00e7\u0131klamada, &#8220;Yap\u0131lan i\u015flemlerin siyasi etki alt\u0131nda kal\u0131narak ger\u00e7ekle\u015ftirildi\u011fi iddialar\u0131 ger\u00e7e\u011fi yans\u0131tm\u0131yor&#8221; ifadesine yer verildi.<\/p>\n<p style=\"text-align: justify;\">Cumhurba\u015fkan\u0131 G\u00fcl, Giresun \u00dcniversitesi rekt\u00f6r adaylar\u0131 ile ilgili listede ya\u015fanan tart\u0131\u015fma nedeni ile Y\u00d6K&#8217;ten izahat istedi\u011fini s\u00f6ylemi\u015f, rekt\u00f6r atama sisteminin de\u011fi\u015fmesi gerekti\u011fini belirtmi\u015fti.,<\/p>\n<p style=\"text-align: justify;\"><span style=\"color: #888888;\">CNN T\u00dcRK<\/span><\/p>\n","protected":false},"excerpt":{"rendered":"<\/p>\n<p style=\"text-align: justify;\">Cumhurba\u015fkan\u0131 Abdullah G\u00fcl izahat istedi, Y\u00d6K yan\u0131t verdi, &#8220;Rekt\u00f6r adaylar\u0131 se\u00e7iminde siyasi etki yok&#8221; dedi. Y\u00d6K &#8216;ten yap\u0131lan yaz\u0131l\u0131 a\u00e7\u0131klamada rekt\u00f6r adaylar\u0131n\u0131n Genel Kurul&#8217;da gizli oy ile se\u00e7ildi\u011fi vurguland\u0131.<\/p>\n<p style=\"text-align: justify;\">A\u00e7\u0131klamada, rekt\u00f6r adaylar\u0131n\u0131n belirlenmesinde uyulacak us\u00fcl ve esaslar\u0131n Y\u00fcksek \u00d6\u011fretim Kanunu&#8217;nda yer ald\u0131\u011f\u0131n\u0131n alt\u0131 \u00e7izildi. <\/p>\n","protected":false},"author":1,"featured_media":0,"comment_status":"open","ping_status":"closed","sticky":false,"template":"","format":"standard","meta":{"footnotes":""},"categories":[105],"tags":[],"class_list":["post-24148","post","type-post","status-publish","format-standard","hentry","category-gundem","odd"],"_links":{"self":[{"href":"http:\/\/www.korhanyilmaz.com\/index.php?rest_route=\/wp\/v2\/posts\/24148","targetHints":{"allow":["GET"]}}],"collection":[{"href":"http:\/\/www.korhanyilmaz.com\/index.php?rest_route=\/wp\/v2\/posts"}],"about":[{"href":"http:\/\/www.korhanyilmaz.com\/index.php?rest_route=\/wp\/v2\/types\/post"}],"author":[{"embeddable":true,"href":"http:\/\/www.korhanyilmaz.com\/index.php?rest_route=\/wp\/v2\/users\/1"}],"replies":[{"embeddable":true,"href":"http:\/\/www.korhanyilmaz.com\/index.php?rest_route=%2Fwp%2Fv2%2Fcomments&post=24148"}],"version-history":[{"count":0,"href":"http:\/\/www.korhanyilmaz.com\/index.php?rest_route=\/wp\/v2\/posts\/24148\/revisions"}],"wp:attachment":[{"href":"http:\/\/www.korhanyilmaz.com\/index.php?rest_route=%2Fwp%2Fv2%2Fmedia&parent=24148"}],"wp:term":[{"taxonomy":"category","embeddable":true,"href":"http:\/\/www.korhanyilmaz.com\/index.php?rest_route=%2Fwp%2Fv2%2Fcategories&post=24148"},{"taxonomy":"post_tag","embeddable":true,"href":"http:\/\/www.korhanyilmaz.com\/index.php?rest_route=%2Fwp%2Fv2%2Ftags&post=24148"}],"curies":[{"name":"wp","href":"https:\/\/api.w.org\/{rel}","templated":true}]}}