{"id":24144,"date":"2008-11-10T08:59:33","date_gmt":"2008-11-10T08:59:33","guid":{"rendered":"http:\/\/www.korhanyilmaz.com\/?p=24144"},"modified":"2008-11-10T08:59:33","modified_gmt":"2008-11-10T08:59:33","slug":"italyan-savci-casson-ergenekonda-sonuca-gitmek-icin-meclis-destegi-sart","status":"publish","type":"post","link":"http:\/\/www.korhanyilmaz.com\/?p=24144","title":{"rendered":"\u0130talyan savc\u0131 Casson: Ergenekon&#039;da sonuca gitmek i\u00e7in Meclis deste\u011fi \u015fart"},"content":{"rendered":"<p style=\"text-align: justify;\"><a href=\"http:\/\/www.korhanyilmaz.com\/wp-content\/uploads\/2010\/07\/225.jpg\"  class=\"lightview\"><img loading=\"lazy\" decoding=\"async\" class=\"aligncenter size-full wp-image-24146\" src=\"http:\/\/www.korhanyilmaz.com\/wp-content\/uploads\/2010\/07\/225.jpg\" alt=\"\" width=\"250\" height=\"205\" \/><\/a><\/p>\n<p style=\"text-align: justify;\">&#8220;Soru\u015fturman\u0131n sonlar\u0131na do\u011fru bir mektup geldi. &#8216;Kap\u0131ya kadar geldin. \u0130\u00e7eri girmeye kalkarsan neler olaca\u011f\u0131n\u0131 bilmiyoruz.&#8217; diyorlard\u0131. Kap\u0131y\u0131 aralad\u0131m ve i\u00e7eridekini g\u00f6rd\u00fcm. Bunlar\u0131 en \u00fcstte idare eden bir g\u00fc\u00e7 var.&#8221;<\/p>\n<p style=\"text-align: justify;\">Bu s\u00f6zler \u0130talya&#8217;daki kanun d\u0131\u015f\u0131 silahl\u0131 yap\u0131lanma Gladyo&#8217;yu ortaya \u00e7\u0131karan \u00fcnl\u00fc savc\u0131 Felice Casson&#8217;a ait. \u015eu anda senato \u00fcyesi olan Casson, Roma&#8217;daki ofisinde Zaman&#8217;\u0131n sorular\u0131n\u0131 cevaplad\u0131. Efsane savc\u0131, on y\u0131l\u0131n\u0131 verdi\u011fi Gladyo m\u00fccadelesini ve tecr\u00fcbelerini anlatt\u0131. <!--more--><\/p>\n<p style=\"text-align: justify;\">Casson, Gladyo ve Ergenekon tipi \u00f6rg\u00fctlerle m\u00fccadelede sonuca ula\u015fabilmek i\u00e7in \u00f6ncelikle g\u00fc\u00e7l\u00fc bir siyasi iradenin gereklili\u011fi \u00fczerinde duruyor. \u00d6zel yetkilerle donat\u0131lm\u0131\u015f bir meclis komisyonu kurulmas\u0131n\u0131n \u00f6nemini, &#8220;Savc\u0131lar bir yere kadar ula\u015fabilir. Ama bu komisyon, h\u00fck\u00fcmet kararl\u0131 ise istedi\u011fi yere gider.&#8221; s\u00f6zleriyle \u00f6zetliyor. T\u00fcrkiye&#8217;ye, &#8220;Sorunun kayna\u011f\u0131na inin. Ergenekon&#8217;un amac\u0131na yo\u011funla\u015f\u0131n.&#8221; tavsiyesinde bulunan Casson, &#8220;\u0130talya&#8217;da ne de\u011fi\u015fti?&#8221; sorusuna iki maddelik bir cevap veriyor: &#8220;Katliamlar\u0131n sorumlular\u0131n\u0131 bulduk. Varl\u0131\u011f\u0131 demokratik toplum i\u00e7in tehlikeli olan \u00f6rg\u00fct\u00fc ortadan kald\u0131rd\u0131k.&#8221;<\/p>\n<p style=\"text-align: justify;\">Felice Casson, \u00fclkesinde y\u00fcr\u00fctt\u00fc\u011f\u00fc &#8216;Gladyo&#8217; operasyonuyla efsane haline geldi. Aralar\u0131nda siyaset\u00e7i, general ve i\u015fadamlar\u0131n\u0131n da bulundu\u011fu y\u00fczlerce ki\u015fiyi hakim kar\u015f\u0131s\u0131na \u00e7\u0131kard\u0131. Casson&#8217;a g\u00f6re, Gladyo ve Ergenekon gibi \u00f6rg\u00fctler sadece bir ara\u00e7, amaca ula\u015fmak i\u00e7in kullan\u0131lan birer ta\u015feron yap\u0131: &#8220;\u0130talya&#8217;da Gladyo&#8217;nun d\u0131\u015f\u0131nda \u00e7ok say\u0131da kanun d\u0131\u015f\u0131 yap\u0131lanma bulunuyordu. Bu \u00f6rg\u00fctleri, en \u00fcstte idare eden, kimsenin bilmedi\u011fi bir &#8216;g\u00fc\u00e7&#8217; var. Zaman\u0131n de\u011fi\u015fen \u015fartlar\u0131na g\u00f6re, kullan\u0131lan \u00f6rg\u00fctler tasfiye edilebiliyor fakat &#8216;en \u00fcstteki iktidar&#8217; yeni stratejilerle yoluna devam ediyor.&#8221; Savc\u0131, soru\u015fturmas\u0131 sonucunda generalleri bile hapse g\u00f6nderirken Gladyo&#8217;nun kendisine dokunamad\u0131\u011f\u0131n\u0131 anlat\u0131yor. Efsane savc\u0131 Felice Casson&#8217;un Gladyo ve Ergenekon&#8217;la ilgili g\u00f6r\u00fc\u015fleri \u015f\u00f6yle:<\/p>\n<p style=\"text-align: justify;\"><strong>\u00d6zel yetkili meclis komisyonu kurulmal\u0131 <\/strong><\/p>\n<p style=\"text-align: justify;\">Gladyo, Ergenekon gibi yasad\u0131\u015f\u0131 \u00f6rg\u00fctlerle m\u00fccadelede sonuca varabilmek i\u00e7in savc\u0131lar\u0131n soru\u015fturmalar\u0131 d\u0131\u015f\u0131nda g\u00fc\u00e7l\u00fc bir siyasi iradenin olmas\u0131 \u015fart. H\u00fck\u00fcmetin kararl\u0131l\u0131\u011f\u0131 \u00e7ok \u00f6nemli. Ben Gladyo&#8217;nun varl\u0131\u011f\u0131yla ilgili ilk belgelere ula\u015ft\u0131\u011f\u0131mda d\u00f6nemin ba\u015fbakan\u0131 Andreotti&#8217;ye gittim ve, &#8220;Ben bu belgeleri buldum. Di\u011fer delillere ula\u015fma konusunda bana yard\u0131m edecek misiniz?&#8221; dedim. Ba\u015fbakan o zaman &#8220;evet&#8221; dedi fakat Cumhurba\u015fkan\u0131 Francesco Cossiga &#8220;hay\u0131r&#8221; dedi. Gladyo&#8217;nun Amerikal\u0131 dostlar\u0131yla, Rusya&#8217;ya kar\u015f\u0131 kurulan bir \u00f6rg\u00fct oldu\u011funu savunarak kar\u015f\u0131 \u00e7\u0131kt\u0131. A\u00e7\u0131k\u00e7a ve inan\u0131lmaz bir \u015fekilde her y\u00f6nden bana sald\u0131rd\u0131. Burada, h\u00fck\u00fcmetin siyasi iradesi bana \u00e7ok yard\u0131m etti. Siyasi sorun temel. Her \u015feyden \u00f6nce, eylemlerin ve sorumluluklar\u0131n anla\u015f\u0131labilmesi i\u00e7in adli bir soru\u015fturma yapmak laz\u0131m. Ama daha fazlas\u0131 i\u00e7in \u0130talya&#8217;daki &#8216;Commissione Stragi&#8217; gibi bir meclis komisyonu olmal\u0131. Savc\u0131lar\u0131n sahip oldu\u011fu yetkilerle donat\u0131lm\u0131\u015f bir ara\u015ft\u0131rma komisyonu kurulabilir. B\u00f6yle bir komisyon, \u00f6zellikle savc\u0131lar\u0131n ger\u00e7eklere ula\u015fmakta zorland\u0131\u011f\u0131, mafyan\u0131n, ter\u00f6ristlerin ve gizli servislerin kar\u0131\u015ft\u0131\u011f\u0131 durumlarda gerekli. \u0130talya&#8217;da kurdu\u011fumuz geni\u015f yetkili ara\u015ft\u0131rma komisyonu P2 mason locas\u0131 ve Bologna katliam\u0131 konusunda ara\u015ft\u0131rmalar yaparak bize \u00f6nemli bilgiler verdi. Birlikte, paralel \u00e7al\u0131\u015ft\u0131k. Yasal olmayan \u00f6rg\u00fctlerle m\u00fccadelede \u00f6zel yetkili bir meclis komisyonunun kurulmas\u0131 \u00e7ok \u00f6nemli. Meclis komisyonu, siyasi irade varsa istedi\u011fi yere kadar gidebilir. Fakat, h\u00fck\u00fcmet ne yapaca\u011f\u0131n\u0131 bilmiyorsa, siyasi irade yoksa bu \u00e7ok zor. Komisyonu kurmaya karar verdikten sonra, onu i\u015fletmek, yetki vermek laz\u0131m.<\/p>\n<p style=\"text-align: justify;\"><strong>Cumhurba\u015fkan\u0131 operasyona kar\u015f\u0131 \u00e7\u0131kt\u0131 <\/strong><\/p>\n<p style=\"text-align: justify;\">Gladyo, \u0130talyan toplumunu b\u00f6len \u00f6nemli bir sorundu. Ayn\u0131 partiden, H\u0131ristiyan Demokrat olan Ba\u015fbakan Giulio Andreotti ile Cumhurba\u015fkan\u0131 Francesco Cossiga aras\u0131nda b\u00fcy\u00fck bir z\u0131tl\u0131k vard\u0131. Ba\u015fbakan, asker\u00ee gizli servis ar\u015fivlerine girmemi sa\u011flad\u0131. Konu, h\u00fck\u00fcmeti ve partileri bile b\u00f6lm\u00fc\u015ft\u00fc. H\u00fck\u00fcmetteki bakanlardan bir k\u0131sm\u0131 destek verirken baz\u0131lar\u0131 kar\u015f\u0131 \u00e7\u0131k\u0131yordu. Cumhurba\u015fkan\u0131n\u0131n, bu \u00f6rg\u00fctle 60&#8217;l\u0131 y\u0131llarda ba\u015flayan bir ili\u015fkisi vard\u0131. Ba\u015fbakan, Gladyo soru\u015fturmas\u0131na destek verirken, Cossiga &#8216;Hay\u0131r bu soru\u015fturma olmayacak&#8217; diyerek engellemeye \u00e7al\u0131\u015ft\u0131. Sonunda, \u0130talyan hakimler ve savc\u0131lar y\u00fcksek konseyi m\u00fcdahil olarak engellemelere kar\u015f\u0131 \u00e7\u0131kt\u0131. Kom\u00fcnistler ve sosyalistler ise soru\u015fturmaya destek veriyordu. Ayn\u0131 \u015fekilde medya da b\u00f6l\u00fcnm\u00fc\u015ft\u00fc. Bu d\u00f6nemi tamamen gazetecilerle birlikte ge\u00e7irdik. Sa\u011fc\u0131 gazeteler genelde, Gladyo&#8217;nun \u0130talya&#8217;y\u0131 kom\u00fcnistlerden korumak i\u00e7in yap\u0131lm\u0131\u015f ge\u00e7mi\u015fte kalan bir \u00f6rg\u00fct oldu\u011funu savunarak soru\u015fturmaya kar\u015f\u0131 \u00e7\u0131k\u0131yordu. Fakat biz bunun, farkl\u0131 \u015fekilde d\u00fc\u015f\u00fcnen siyasi, sendikal ve H\u0131ristiyan muhalefeti kontrol etmek i\u00e7in kullan\u0131ld\u0131\u011f\u0131n\u0131 g\u00f6sterdik. Soru\u015fturma esnas\u0131nda kar\u015f\u0131la\u015ft\u0131\u011f\u0131m en b\u00fcy\u00fck zorluk, Gladyo&#8217;nun uluslararas\u0131 ba\u011flant\u0131lar\u0131na eri\u015fmek oldu. Bunlara ula\u015fmak bir savc\u0131 i\u00e7in \u00e7ok zor. NATO \u00fcyeleri ve bunlar\u0131n d\u0131\u015f\u0131ndaki \u00e7ok say\u0131da \u00fclkelerin gizli servisleriyle ba\u011flant\u0131lar bulunuyordu. T\u00fcrkiye ile bile ba\u011flar\u0131 vard\u0131. Farkl\u0131 \u00fclkelerden Gladyo \u00fcyelerinin kat\u0131ld\u0131\u011f\u0131 ortak asker\u00ee antrenmanlar d\u00fczenleniyordu. Ba\u015fka \u00fclkelerle ilgili k\u0131s\u0131mlar\u0131 ara\u015ft\u0131rmay\u0131 ba\u015faramad\u0131m. Talep ettim ama m\u00fcmk\u00fcn de\u011fildi. Kap\u0131lar tamamen kapal\u0131yd\u0131. \u0130talyan h\u00fck\u00fcmetinden ve istihbarat te\u015fkilat\u0131ndan yard\u0131m istedim ama bunun m\u00fcmk\u00fcn olmad\u0131\u011f\u0131n\u0131 s\u00f6ylediler. \u00c7\u00fcnk\u00fc kozmik (gizli) belgelerdi. Fakat, \u0130talyan asker\u00ee gizli servislerinin ar\u015fivlerinde buldu\u011fum belgeler, \u0130talya ile ilgili ara\u015ft\u0131rmam\u0131z i\u00e7in gere\u011finde fazla yeterliydi. \u0130talya&#8217;n\u0131n d\u0131\u015f\u0131na bakabilmek i\u00e7in yeterli de\u011fildi.<\/p>\n<p style=\"text-align: justify;\"><strong>Gladyo, zamana\u015f\u0131m\u0131na tak\u0131ld\u0131 <\/strong><\/p>\n<p style=\"text-align: justify;\">\u0130talyan Gladyo&#8217;su, NATO ve baz\u0131 \u00fclkelerin gizli servisleriyle birlikte kurulmu\u015f bir \u00f6rg\u00fct. \u0130talya devleti, resm\u00ee olarak hi\u00e7bir \u015fey bilmiyordu. Hi\u00e7bir \u015feyden haberi olmayan cumhurba\u015fkanlar\u0131, ba\u015fbakanlar ve savunma bakanlar\u0131 oldu. Sadece istihbarat \u015fefleri istedikleri siyasileri se\u00e7erek bilgi veriyordu. Soru\u015fturmaya kadar \u0130talya Meclisi de hi\u00e7bir \u015fey bilmiyordu. Kom\u00fcnizmle m\u00fccadele i\u00e7in kuruldu fakat i\u00e7eride, \u00f6zellikle de farkl\u0131 d\u00fc\u015f\u00fcnenlere, muhaliflere kar\u015f\u0131 da kullan\u0131ld\u0131. Ger\u00e7ekle\u015ftirdi\u011fim soru\u015fturmada, Gladyo ile ilgili, en az\u0131ndan 1972 y\u0131l\u0131na kadar olan d\u00f6nemle ilgili somut sorumlular\u0131 belirledik. Bunlardan baz\u0131lar\u0131 \u00f6lm\u00fc\u015f, baz\u0131lar hayattayd\u0131. 1972&#8217;deki Peteano katliam\u0131n\u0131n b\u00fct\u00fcn sorumlular\u0131n\u0131 ortaya \u00e7\u0131karm\u0131\u015ft\u0131m. \u00dc\u00e7 ter\u00f6rist ve bunlara yard\u0131m eden jandarma generali, bir albay ve bir mare\u015fal, istihbarat ve polis \u015fefleri ve adli yetkililer. Hepsi su\u00e7lu bulunarak cezaland\u0131r\u0131ld\u0131. Fakat mahkeme Gladyo&#8217;nun bu tarihe kadar eylemlere kar\u0131\u015ft\u0131\u011f\u0131n\u0131 kabul etse de zamana\u015f\u0131m\u0131n\u0131 gerek\u00e7e g\u00f6stererek \u00f6rg\u00fctle ilgili yarg\u0131lama yapmad\u0131. Sonu\u00e7ta, sadece eylemlere kar\u0131\u015fanlar cezaland\u0131r\u0131ld\u0131, \u00f6rg\u00fct de\u011fil. Ayr\u0131ca, sadece 622 Gladyat\u00f6r&#8217;\u00fc tespit edebildik. Halbuki \u00e7ok dafa fazlayd\u0131. Di\u011ferlerini saklad\u0131lar.<\/p>\n<p style=\"text-align: justify;\"><strong>\u00d6rg\u00fct tamamen ortadan kalkmad\u0131 <\/strong><\/p>\n<p style=\"text-align: justify;\">Soru\u015fturmaya kadar Gladyo aktifti. Sonra Ba\u015fbakan Andreotti&#8217;nin yapt\u0131\u011f\u0131 d\u00fczenlemelerle bitti\u011fi s\u00f6ylendi. Ama tamamen ortadan kalkt\u0131\u011f\u0131n\u0131 zannetmiyorum. Belki, de\u011fi\u015fik bir yap\u0131 alt\u0131nda i\u015fliyordur. Gladyo, \u0130talya&#8217;daki tek yasad\u0131\u015f\u0131 gizli \u00f6rg\u00fct de\u011fildi. Paralel olarak \u00e7al\u0131\u015fan, R\u00fczgar G\u00fcl\u00fc, Avanguardia Nazionale ve P2 mason locas\u0131 gibi \u00e7ok say\u0131da farkl\u0131 yap\u0131lanma vard\u0131. Gladyo, bunlar\u0131n tepesinde her \u015feyi idare eden \u00f6rg\u00fct de\u011fil. Onlardan bir tanesi. Bunlar\u0131n \u00fcst\u00fcnde, her \u015feyi idare eden bir \u015fef var. Fakat alttaki \u00f6rg\u00fctlerdeki ki\u015filer bir \u015fey bilmez. Di\u011fer ba\u011flant\u0131lardan haberdar de\u011fillerdir. \u00d6nemli olan, hedeflenen amac\u0131 iyi anlamak. Ergenekon ne istiyor? Ama\u00e7 ne? Gladyo, sadece bir par\u00e7ayd\u0131. G\u00fcd\u00fclen gerginlik stratejisi ise daha b\u00fcy\u00fck bir \u015fey. Gladyo sadece bu amaca ula\u015fmak i\u00e7in kullan\u0131lan bir ara\u00e7. Strateji, farkl\u0131 bir \u015fey. En \u00fcstten, \u015feflerden \u00e7\u0131kar. \u0130talya&#8217;daki hedef, gerginlik stratejisi ve iktidar\u0131 elde tutma idi. \u0130talyan ve uluslararas\u0131 bir g\u00fc\u00e7 vard\u0131 ve bunu kaybetmemek gerekiyordu. Strateji zamanla de\u011fi\u015fti. Berlin Duvar\u0131&#8217;n\u0131n y\u0131k\u0131lmas\u0131yla panorama tamamen de\u011fi\u015fti. Art\u0131k \u0130talya i\u00e7in bu gizli \u00f6rg\u00fctleri koruma gere\u011fi ortadan kalkt\u0131. D\u00fc\u015fmanlar de\u011fi\u015fti. Ayn\u0131 \u015fekilde stratejiyi de de\u011fi\u015ftirmek gerekiyordu. De\u011fi\u015fti&#8230; Ba\u015fka \u015feyler d\u00fc\u015f\u00fcn\u00fcld\u00fc. Bu k\u0131sa zamanda g\u00f6rebilece\u011fimiz bir \u015fey de\u011fil. Gladyo&#8217;yu ortadan kald\u0131rd\u0131lar. Ama illa ki ba\u015fka yap\u0131lar vard\u0131.<\/p>\n<p style=\"text-align: justify;\"><strong>Ekonomik \u00e7\u0131karlar daha \u00f6nemli <\/strong><\/p>\n<p style=\"text-align: justify;\">Soru\u015fturma sonucunda ekonomik ve finansal \u00e7\u0131karlar\u0131n, siyasi iktidardan daha \u00f6nemli oldu\u011funa ikna oldum. Bu t\u00fcr gizli yap\u0131lanmalar\u0131 kontrol eden en yukar\u0131y\u0131 bilmiyoruz. Ekonomik ve mali iktidara bakmak laz\u0131m. Bunu s\u00f6ylemek kolay de\u011fil. Belki de bir savc\u0131n\u0131n sorunu de\u011fil. Somut bir su\u00e7 oldu\u011fu zaman tamam, bu bir vaka. Bu durum, d\u00fcnyadaki b\u00fcy\u00fck ortakl\u0131klar\u0131n bir sorunu. Do\u011fu-Bat\u0131 gibi. S\u0131n\u0131rlar\u0131 a\u015f\u0131yor. Bir savc\u0131 oraya varamaz. En \u00fcstte bir iktidar var, \u00e7\u0131karlar var. \u0130talya&#8217;da h\u00e2l\u00e2 bunlar konu\u015fulur; ama bir sonuca varmak zor.<\/p>\n<p style=\"text-align: justify;\"><strong>Zirvedeki g\u00fcc\u00fc g\u00f6rd\u00fcm<\/strong><\/p>\n<p style=\"text-align: justify;\">Soru\u015fturma sonucunda en \u00fcstte, her \u015feyi kontrol eden iktidar\u0131 g\u00f6rd\u00fcm. Soru\u015fturman\u0131n sonlar\u0131na do\u011fru bir mektup geldi. Mektupta, &#8220;\u0130ktidar\u0131n kap\u0131s\u0131na kadar geldin. E\u011fer kap\u0131dan i\u00e7eri girmeye kalkarsan neler olaca\u011f\u0131n\u0131 bilmiyoruz.&#8221; diyorlard\u0131. Baz\u0131 \u015feyleri g\u00f6rebilsek bile, bu sadece bir k\u0131sm\u0131 oluyor. Bu g\u00fc\u00e7 daha b\u00fcy\u00fck bir \u015fey. Kap\u0131y\u0131 a\u00e7t\u0131m ve i\u00e7eride ne oldu\u011funu g\u00f6rd\u00fcm. Fakat, sonuna kadar gidecek zaman\u0131m olmad\u0131. Kap\u0131n\u0131n ard\u0131nda, i\u00e7eride bir g\u00fc\u00e7 vard\u0131. Fakat bunu bireysel olarak temsil edenleri g\u00f6remiyorsunuz. Bir savc\u0131n\u0131n veya hakimin bu kap\u0131dan i\u00e7eriye girebilece\u011fini zannetmiyorum. \u00c7\u00fcnk\u00fc, onlar i\u00e7in eylemlerin, su\u00e7lar\u0131n delilleri laz\u0131m. Su\u00e7lar bir ara\u00e7 olabilir. Kap\u0131dan i\u00e7eriye ula\u015fmak bir hakim i\u00e7in \u00e7ok zor \u00e7\u00fcnk\u00fc o s\u00fcrekli somut olaylar \u00fczerinden hareket etmek zorunda. Orada ise durum karma\u015f\u0131k. Bir parlamento komisyonu belki. Amac\u0131 ve fenomenleri anlamak i\u00e7in&#8230;<\/p>\n<p style=\"text-align: justify;\"><strong>Ergenekon&#8217;un amac\u0131na yo\u011funla\u015f\u0131n, tek komisyon yeterli olmaz <\/strong><\/p>\n<p style=\"text-align: justify;\">Felice Casson, Ergenekon ter\u00f6r \u00f6rg\u00fct\u00fc davas\u0131n\u0131 uzaktan izledi\u011fini anlat\u0131yor. Ergenekon&#8217;un Gladyo&#8217;dan farkl\u0131 bir yap\u0131ya benzedi\u011fini ifade eden savc\u0131, &#8220;T\u00fcrkiye i\u00e7in \u015fu an zor olan\u0131n ge\u00e7mi\u015fte olan her\u015feyi \u00f6\u011frenmek oldu\u011funu d\u00fc\u015f\u00fcn\u00fcyorum. Bunun i\u00e7in tek bir komisyon yeterli olmaz. \u00d6ncelikle \u015fu \u00f6nemli \u015feyi, g\u00fcd\u00fclen hedefi iyi anlamak gerekiyor: Ergenekon ne istiyordu. Ama\u00e7 neydi? Sorunun kayna\u011f\u0131na gitmek laz\u0131m. \u0130talyan gizli servis ar\u015fivlerinde ara\u015ft\u0131rma yaparken, T\u00fcrkiye ile de ba\u011flant\u0131lara rastlad\u0131m. T\u00fcrkiye, kendine \u00f6zg\u00fc zorluklar\u0131 olan bir \u00fclke. Bizdeki siyasi, ekonomik ve k\u00fclt\u00fcrel yap\u0131 daha basit. T\u00fcrkiye&#8217;de daha karma\u015f\u0131k sorunlar var. Milliyet\u00e7ilik sorununa bakmak laz\u0131m. Sonra bir din konusu. Bizde de papa var ama bu tamamen farkl\u0131 bir \u015fey. T\u00fcrkiye bir s\u0131n\u0131r \u00fclkesi. Avrupa i\u00e7in de, Ortado\u011fu i\u00e7in de \u00f6nemli. Sadece bug\u00fcn i\u00e7in de\u011fil, ge\u00e7mi\u015fte de b\u00f6yleydi.&#8221; diyor.<\/p>\n<p style=\"text-align: justify;\"><strong>Gladyo davas\u0131yla \u0130talya&#8217;da ne de\u011fi\u015fti? <\/strong><\/p>\n<p style=\"text-align: justify;\">Efsane Savc\u0131, &#8216;Gladyo&#8217; operasyonuyla \u00fclkedeki katliamlar\u0131n ve b\u00fcy\u00fck su\u00e7lar\u0131n sorumlular\u0131n\u0131 bulduklar\u0131n\u0131 anlat\u0131yor. Casson, &#8220;Varl\u0131\u011f\u0131 demokratik bir toplum i\u00e7in tehlikeli olan kanun d\u0131\u015f\u0131 bir \u00f6rg\u00fct\u00fc ortadan kald\u0131rd\u0131k. Ge\u00e7ti\u011fimiz sene, 30 y\u0131l \u00f6nce yap\u0131lm\u0131\u015f bir kanuna g\u00f6re i\u015fleyen istihbarat servisimizde bir reform yapabildik. Devlet s\u0131rr\u0131 ve kanun d\u0131\u015f\u0131 ya da ter\u00f6r \u00f6rg\u00fctleriyle \u00e7al\u0131\u015fabilme imkanlar\u0131yla ilgili d\u00fczenlemeleri tamamen de\u011fi\u015ftirdik. Devlet s\u0131rr\u0131 \u00f6nceden neredeyse ebedi idi. \u015eimdi bir s\u0131n\u0131r getirdik. \u0130stihbarat te\u015fkilati i\u00e7in demokratik bir kontrol mekanizmas\u0131 olu\u015fturuldu. Parlamento, sadece devlet s\u0131rr\u0131 ve istihbarat te\u015fkilat\u0131n\u0131n kontrol\u00fcnden sorumlu bir komisyon arac\u0131l\u0131\u011f\u0131yla kontrol hakk\u0131n\u0131 elde etti.&#8221; a\u00e7\u0131klamas\u0131nda bulunuyor.<\/p>\n<p style=\"text-align: justify;\"><span style=\"color: #888888;\">ZAMAN<\/span><\/p>\n","protected":false},"excerpt":{"rendered":"<p style=\"text-align: justify;\">\n<p style=\"text-align: justify;\">&#8220;Soru\u015fturman\u0131n sonlar\u0131na do\u011fru bir mektup geldi. &#8216;Kap\u0131ya kadar geldin. \u0130\u00e7eri girmeye kalkarsan neler olaca\u011f\u0131n\u0131 bilmiyoruz.&#8217; diyorlard\u0131. Kap\u0131y\u0131 aralad\u0131m ve i\u00e7eridekini g\u00f6rd\u00fcm. Bunlar\u0131 en \u00fcstte idare eden bir g\u00fc\u00e7 var.&#8221;<\/p>\n<p style=\"text-align: justify;\">Bu s\u00f6zler \u0130talya&#8217;daki kanun d\u0131\u015f\u0131 silahl\u0131 yap\u0131lanma Gladyo&#8217;yu ortaya \u00e7\u0131karan \u00fcnl\u00fc savc\u0131 Felice Casson&#8217;a ait. \u015eu anda senato \u00fcyesi <\/p>\n","protected":false},"author":1,"featured_media":0,"comment_status":"open","ping_status":"closed","sticky":false,"template":"","format":"standard","meta":{"footnotes":""},"categories":[105],"tags":[],"class_list":["post-24144","post","type-post","status-publish","format-standard","hentry","category-gundem","odd"],"_links":{"self":[{"href":"http:\/\/www.korhanyilmaz.com\/index.php?rest_route=\/wp\/v2\/posts\/24144","targetHints":{"allow":["GET"]}}],"collection":[{"href":"http:\/\/www.korhanyilmaz.com\/index.php?rest_route=\/wp\/v2\/posts"}],"about":[{"href":"http:\/\/www.korhanyilmaz.com\/index.php?rest_route=\/wp\/v2\/types\/post"}],"author":[{"embeddable":true,"href":"http:\/\/www.korhanyilmaz.com\/index.php?rest_route=\/wp\/v2\/users\/1"}],"replies":[{"embeddable":true,"href":"http:\/\/www.korhanyilmaz.com\/index.php?rest_route=%2Fwp%2Fv2%2Fcomments&post=24144"}],"version-history":[{"count":0,"href":"http:\/\/www.korhanyilmaz.com\/index.php?rest_route=\/wp\/v2\/posts\/24144\/revisions"}],"wp:attachment":[{"href":"http:\/\/www.korhanyilmaz.com\/index.php?rest_route=%2Fwp%2Fv2%2Fmedia&parent=24144"}],"wp:term":[{"taxonomy":"category","embeddable":true,"href":"http:\/\/www.korhanyilmaz.com\/index.php?rest_route=%2Fwp%2Fv2%2Fcategories&post=24144"},{"taxonomy":"post_tag","embeddable":true,"href":"http:\/\/www.korhanyilmaz.com\/index.php?rest_route=%2Fwp%2Fv2%2Ftags&post=24144"}],"curies":[{"name":"wp","href":"https:\/\/api.w.org\/{rel}","templated":true}]}}