{"id":24141,"date":"2010-07-08T17:42:47","date_gmt":"2010-07-08T17:42:47","guid":{"rendered":"http:\/\/www.korhanyilmaz.com\/?p=24141"},"modified":"2010-07-08T17:42:47","modified_gmt":"2010-07-08T17:42:47","slug":"gizli-belgeleri-polis-koydu","status":"publish","type":"post","link":"http:\/\/www.korhanyilmaz.com\/?p=24141","title":{"rendered":"&#8216;Gizli belgeleri polis koydu&#8217;"},"content":{"rendered":"<p style=\"text-align: justify;\"><a href=\"http:\/\/www.korhanyilmaz.com\/wp-content\/uploads\/2010\/07\/224.jpg\"  class=\"lightview\"><img loading=\"lazy\" decoding=\"async\" class=\"aligncenter size-full wp-image-24142\" src=\"http:\/\/www.korhanyilmaz.com\/wp-content\/uploads\/2010\/07\/224.jpg\" alt=\"\" width=\"250\" height=\"175\" \/><\/a><\/p>\n<p style=\"text-align: justify;\">&#8216;\u0130rtica ile M\u00fccadele Eylem Plan\u0131&#8217; belgesine ili\u015fkin davan\u0131n bug\u00fcn g\u00f6r\u00fclen 6. duru\u015fmas\u0131nda savunmas\u0131n\u0131 yapan tutuklu san\u0131k avukat Serdar \u00d6zt\u00fcrk, ofisindeki gizli belgeleri polisin koydu\u011funu ileri s\u00fcrd\u00fc.<!--more--><\/p>\n<p style=\"text-align: justify;\">\u0130stanbul 13. A\u011f\u0131r Ceza Mahkemesi&#8217;ndeki duru\u015fmada savunmas\u0131na devam eden tutuklu san\u0131k avukat Serdar \u00d6zt\u00fcrk, ikinci &#8221;Ergenekon&#8221; davas\u0131n\u0131n tutuksuz san\u0131\u011f\u0131 eski Genelkurmay Adli M\u00fc\u015faviri emekli T\u00fcmgeneral Erdal \u015eenel&#8217;in avukat\u0131 Abdullah Kaya&#8217;n\u0131n tutuklanmaktan ve cezaevine girmekten korktu\u011fu i\u00e7in savc\u0131 Zekeriya \u00d6z taraf\u0131ndan kullan\u0131ld\u0131\u011f\u0131n\u0131 savundu.<\/p>\n<p style=\"text-align: justify;\">\u00d6zt\u00fcrk, m\u00fcvekkili olan Levent G\u00f6kta\u015f&#8217;\u0131n, gayrinizami harp kursu hakk\u0131nda bilgi vermesi i\u00e7in \u00d6z taraf\u0131ndan ek ifadeye \u00e7a\u011fr\u0131ld\u0131\u011f\u0131n\u0131 s\u00f6yledi\u011fini belirterek, \u015f\u00f6yle devam etti:<\/p>\n<p style=\"text-align: justify;\">&#8221;G\u00f6kta\u015f ve Mustafa Ko\u00e7&#8217;un avukat\u0131 da olan Kaya, G\u00f6kta\u015f&#8217;a ek ifade vermesini s\u00f6ylemi\u015f. G\u00f6kta\u015f, &#8216;Gayrinizami harp kursu hakk\u0131nda bilgi verirsem savc\u0131 beni b\u0131rakacakm\u0131\u015f&#8217; dedi. &#8216;Savc\u0131, bu kurs hakk\u0131ndaki bilgileri Genelkurmay Ba\u015fkanl\u0131\u011f\u0131na yaz\u0131 yazarak da \u00f6\u011frenebilir&#8217; dedim. Zekeriya \u00d6z&#8217;\u00fcn tutuklama tehdidiyle avukat Kaya&#8217;y\u0131 kulland\u0131\u011f\u0131n\u0131, bu oyuna gelmemesini s\u00f6yledim. Kaya, G\u00f6kta\u015f&#8217;\u0131n ifadesinin al\u0131nmas\u0131 i\u00e7in savc\u0131ya dilek\u00e7e veriyor. Biz, G\u00f6kta\u015f&#8217;\u0131 ikna edemedik. G\u00f6kta\u015f ifadeye geldi. Birka\u00e7 g\u00fcn sonra gazetede \u00e7\u0131kan haberlerden sonra G\u00f6kta\u015f tarumar oldu. Zekeriya \u00d6z, &#8216;Osman&#8217;\u0131m\u0131 (Birinci Ergenekon davas\u0131 san\u0131\u011f\u0131 Osman Y\u0131ld\u0131r\u0131m) kulland\u0131\u011f\u0131 gibi Abdullah Kaya&#8217;y\u0131 da kullanm\u0131\u015f.&#8221; Operasyonlarda ele ge\u00e7irilen baz\u0131 askeri belgelerin, savc\u0131 \u00d6z taraf\u0131ndan polise incelettirildi\u011fini belirten \u00d6zt\u00fcrk, bunlar\u0131 polisin inceleme yetkisi olmad\u0131\u011f\u0131n\u0131 dile getirdi.<\/p>\n<p style=\"text-align: justify;\">\u00d6zt\u00fcrk, savc\u0131 \u00d6z&#8217;\u00fcn askeri casusuluk yapt\u0131\u011f\u0131n\u0131 ileri s\u00fcrerek, bu su\u00e7u i\u015fleyen herkesin yarg\u0131lanmas\u0131 gerekti\u011fini s\u00f6yledi.<\/p>\n<p style=\"text-align: justify;\">Levent G\u00f6kta\u015f&#8217;\u0131n ofisinde bulundu\u011fu iddia edilen 51 No&#8217;lu DVD&#8217;yi de ofise yerle\u015ftiren ki\u015finin de Ter\u00f6rle M\u00fccadele \u015eubesi&#8217;nde \u00e7al\u0131\u015fan bir polis oldu\u011funu ileri s\u00fcren \u00d6zt\u00fcrk, bu ki\u015finin resmini, g\u00f6r\u00fc\u015ft\u00fc\u011f\u00fc Emniyet Genel M\u00fcd\u00fcrl\u00fc\u011f\u00fc eski \u0130stihbarat Dairesi Ba\u015fkan\u0131 Sabri Uzun&#8217;a verdi\u011fini, bu ki\u015fi ile konu\u015farak kimler taraf\u0131ndan kullan\u0131ld\u0131\u011f\u0131n\u0131 \u00f6\u011frenmeye \u00e7al\u0131\u015ft\u0131\u011f\u0131n\u0131 kaydetti.<\/p>\n<p style=\"text-align: justify;\">Ofisinde bulunan b\u00fct\u00fcn CD, DVD ve flash bellekler ile \u00e7ocu\u011funun oyun CD&#8217;leri ve t\u00fcrk\u00fc CD&#8217;lerini att\u0131\u011f\u0131n\u0131 ifade eden \u00d6zt\u00fcrk, ofisinde bulundu\u011fu iddia edilen &#8221;\u0130rtica ile M\u00fccadele Eylem Plan\u0131&#8221; ve Genelkurmay Ba\u015fkal\u0131\u011f\u0131&#8217;na ait 300 adet gizli belgenin ise oraya arama yap\u0131lmadan bir gece \u00f6nce polisler taraf\u0131ndan konuldu\u011funu \u00f6ne s\u00fcrd\u00fc.<\/p>\n<p style=\"text-align: justify;\"><strong>&#8216;BELGELER\u0130 B\u00dcROYA KOYAN EK\u0130P \u0130LE ARAMAYI YAPAN EK\u0130P AYNI&#8217;<\/strong><\/p>\n<p style=\"text-align: justify;\">Emniyet g\u00f6revlileri taraf\u0131ndan b\u00fcrosunun aranmas\u0131 s\u0131ras\u0131nda \u00e7ekilen video kayd\u0131n\u0131 da salondaki ekrandan izlettiren \u00d6zt\u00fcrk, \u015funlar\u0131 kaydetti:<\/p>\n<p style=\"text-align: justify;\">&#8221;Benim odamda yer alan mavi klas\u00f6r\u00fcn ilk 5 sayfas\u0131nda, \u0130rtica ile M\u00fccadele Eylem Plan\u0131&#8217;na ili\u015fkin belge var. Klas\u00f6rdeki di\u011fer evraklar bana ait. Siyah dolapta Genelkurmay Ba\u015fkanl\u0131\u011f\u0131&#8217;na ait 300 tane gizli belge tomar halinde bulunmu\u015f. Bu dolab\u0131mdaki belgeler dosyalar\u0131n i\u00e7indedir. Ofiste arama yapan polislerin hi\u00e7birinin elinde eldiven yok, sadece o dolab\u0131 arayan polisin elinde eldiven var. Belgeleri b\u00fcroya koyan ekip ile aramay\u0131 yapan ekip denkle\u015fmi\u015f. Nerede ne oldu\u011funu biliyorlar. Tomar halinde 300 tane gizli belge b\u0131rak\u0131lm\u0131\u015f. Bunu bulan polis, g\u00f6r\u00fcnt\u00fclerde de \u015fapka takarak kendini gizlemeye \u00e7al\u0131\u015f\u0131yor. Bir ofise girebilmek \u00e7ok kolay. Benim ofisimde gizli kamera yok.&#8221;<\/p>\n<p style=\"text-align: justify;\">Ofis aramas\u0131 s\u0131ras\u0131nda kendisine ve m\u00fcvekkillerine ait \u00f6zel belgelerin polisler taraf\u0131ndan incelendi\u011fini belirten \u00d6zt\u00fcrk, &#8221;Usulde b\u00f6yle bir \u015fey yok. Yak\u0131nda, savc\u0131 \u00d6z&#8217;\u00fc de &#8216;Usule uyulmad\u0131\u011f\u0131 i\u00e7in bu adamlar beraat etti, sen de Ergenekoncusun&#8217; diye su\u00e7layacaklar&#8221; diye konu\u015ftu.<\/p>\n<p style=\"text-align: justify;\">Kendisinin, &#8221;Ki\u015fisel verileri kaydetmekten&#8221; su\u00e7land\u0131\u011f\u0131n\u0131 duyunca \u015fa\u015f\u0131rd\u0131\u011f\u0131n\u0131 anlatan \u00d6zt\u00fcrk, ofisteki \u00e7ekmecede fi\u015fleme yap\u0131ld\u0131\u011f\u0131 iddias\u0131na ili\u015fkin bir belgeyi polisin inceledi\u011finin g\u00f6r\u00fcnt\u00fclerde yer ald\u0131\u011f\u0131n\u0131, ancak polisin bu belgeyi almayarak tekrar yerine koydu\u011funu s\u00f6yledi.<\/p>\n<p style=\"text-align: justify;\">Tutuklu san\u0131k Serdar \u00d6zt\u00fcrk, &#8221;Polisin tuttu\u011fu bu belge, insanlar\u0131n Alevi, S\u00fcnni diye fi\u015flendi\u011fi belge. Polis bu belgeyi alm\u0131yor, ama ne koyduklar\u0131n\u0131 bildikleri i\u00e7in beni ki\u015fisel veriler bulundurmakla su\u00e7lam\u0131\u015flar. Bu belge benim tutuklanmama neden olan su\u00e7a konu belgelerin ofisime konuldu\u011funun bir kan\u0131t\u0131d\u0131r. Benden elde edildi\u011fi iddia edilen belgeler aras\u0131nda b\u00f6yle bir fi\u015f belgesi yok. Ben kimseyi fi\u015flemedim. Benim ortaklar\u0131m\u0131n hepsi alevi. B\u00f6yle bir ayr\u0131mc\u0131l\u0131k yok. Hristiyan, Arap, alevi arkada\u015flar\u0131m var&#8221; dedi.<\/p>\n<p style=\"text-align: justify;\"><strong>&#8216;\u0130HBAR MEKTUBUNU HAZIRLAYANLARIN \u0130\u00c7\u0130NDE ZEKER\u0130YA \u00d6Z DE VAR&#8217;<\/strong><\/p>\n<p style=\"text-align: justify;\">Tutukland\u0131ktan sonra &#8221;\u0130rtica ile M\u00fccadele Eylem Plan\u0131&#8221; belgesinin orijinalinin kendisinde oldu\u011funu s\u00f6yleyen bir ki\u015finin avukatlar\u0131yla g\u00f6r\u00fc\u015fmek istedi\u011fini belirten \u00d6zt\u00fcrk, \u015f\u00f6yle devam etti:<\/p>\n<p style=\"text-align: justify;\">&#8221;Bunun asl\u0131 bende diyen adam yalan s\u00f6yler. Avukat\u0131ma, &#8216;Gitmeyin, \u015ei\u015fli&#8217;de orijinal belge ile sizi yakalayacaklar, bu tuzak&#8217; dedim. &#8216;Samimiyse belgeyi askeri savc\u0131l\u0131\u011fa versin&#8217;, dedim. Avukatlar\u0131m\u0131 \u0131slak imzal\u0131 belgenin orijinaliyle yakalayamayanlar, bu sefer ihbarc\u0131 arac\u0131l\u0131\u011f\u0131yla Zekeriya \u00d6z&#8217;e g\u00f6ndermi\u015fler. Bu ihbar mektubunu haz\u0131rlayanlar\u0131n i\u00e7inde Zekeriya \u00d6z de var.&#8221;<\/p>\n<p style=\"text-align: justify;\">Ayn\u0131 zamanda \u00fcste\u011fmen r\u00fctbesindeyken malulen emekli olan Serdar \u00d6zt\u00fcrk, G\u00fcneydo\u011fu&#8217;da g\u00f6rev yaparken yaraland\u0131\u011f\u0131n\u0131, \u00e7ok kan kaybetmesi \u00fczerine inceleme yap\u0131lmadan kendisine hepatit B&#8217;li kan verildi\u011fini s\u00f6yledi.<\/p>\n<p style=\"text-align: justify;\">Karaci\u011ferinin bir k\u0131sm\u0131 ile safra kesesinin al\u0131nd\u0131\u011f\u0131n\u0131 ifade eden \u00d6zt\u00fcrk, g\u00f6zalt\u0131nda di\u015f f\u0131r\u00e7alamak istedi\u011fini, macunun kimyasal madde denilerek i\u00e7eriye al\u0131nmad\u0131\u011f\u0131n\u0131, kendisinin de 2 g\u00fcn yemek yemeden savc\u0131l\u0131\u011fa \u00e7\u0131kar\u0131ld\u0131\u011f\u0131n\u0131 anlatt\u0131.<\/p>\n<p style=\"text-align: justify;\">Kendisinde mermi bulunmas\u0131 iddialar\u0131na ili\u015fkin de \u00d6zt\u00fcrk, silah\u0131 olmad\u0131\u011f\u0131n\u0131, dilek\u00e7e ile ba\u015fvurmas\u0131na ra\u011fmen savc\u0131 \u00d6z&#8217;\u00fcn parmak izi incelemesini yapt\u0131rmad\u0131\u011f\u0131n\u0131 kaydetti.<\/p>\n<p style=\"text-align: justify;\">Serdar \u00d6zt\u00fcrk, &#8221;Kim su\u00e7lu. Kim ka\u00e7ar parmak izi incelemesinden. Ben mi su\u00e7luyum?&#8221; dedi. Savc\u0131l\u0131kta susma hakk\u0131n\u0131 kulland\u0131\u011f\u0131n\u0131 ifade eden \u00d6zt\u00fcrk, bu soru\u015fturman\u0131n, hak, hukuk ve dinle alakas\u0131 olmad\u0131\u011f\u0131n\u0131 belirtti. \u00d6zt\u00fcrk, &#8221;\u00d6z&#8217;\u00fc adam yerine koymad\u0131\u011f\u0131m, Cumhuriyet savc\u0131s\u0131 olarak g\u00f6rmedi\u011fim i\u00e7in ifade vermedim&#8221; \u015feklinde konu\u015ftu.<\/p>\n<p style=\"text-align: justify;\"><span style=\"color: #888888;\">ntvmsnbc.com<\/span><\/p>\n","protected":false},"excerpt":{"rendered":"<p style=\"text-align: justify;\">\n<p style=\"text-align: justify;\">&#8216;\u0130rtica ile M\u00fccadele Eylem Plan\u0131&#8217; belgesine ili\u015fkin davan\u0131n bug\u00fcn g\u00f6r\u00fclen 6. duru\u015fmas\u0131nda savunmas\u0131n\u0131 yapan tutuklu san\u0131k avukat Serdar \u00d6zt\u00fcrk, ofisindeki gizli belgeleri polisin koydu\u011funu ileri s\u00fcrd\u00fc.<\/p>\n","protected":false},"author":1,"featured_media":0,"comment_status":"open","ping_status":"closed","sticky":false,"template":"","format":"standard","meta":{"footnotes":""},"categories":[105],"tags":[],"class_list":["post-24141","post","type-post","status-publish","format-standard","hentry","category-gundem","odd"],"_links":{"self":[{"href":"http:\/\/www.korhanyilmaz.com\/index.php?rest_route=\/wp\/v2\/posts\/24141","targetHints":{"allow":["GET"]}}],"collection":[{"href":"http:\/\/www.korhanyilmaz.com\/index.php?rest_route=\/wp\/v2\/posts"}],"about":[{"href":"http:\/\/www.korhanyilmaz.com\/index.php?rest_route=\/wp\/v2\/types\/post"}],"author":[{"embeddable":true,"href":"http:\/\/www.korhanyilmaz.com\/index.php?rest_route=\/wp\/v2\/users\/1"}],"replies":[{"embeddable":true,"href":"http:\/\/www.korhanyilmaz.com\/index.php?rest_route=%2Fwp%2Fv2%2Fcomments&post=24141"}],"version-history":[{"count":0,"href":"http:\/\/www.korhanyilmaz.com\/index.php?rest_route=\/wp\/v2\/posts\/24141\/revisions"}],"wp:attachment":[{"href":"http:\/\/www.korhanyilmaz.com\/index.php?rest_route=%2Fwp%2Fv2%2Fmedia&parent=24141"}],"wp:term":[{"taxonomy":"category","embeddable":true,"href":"http:\/\/www.korhanyilmaz.com\/index.php?rest_route=%2Fwp%2Fv2%2Fcategories&post=24141"},{"taxonomy":"post_tag","embeddable":true,"href":"http:\/\/www.korhanyilmaz.com\/index.php?rest_route=%2Fwp%2Fv2%2Ftags&post=24141"}],"curies":[{"name":"wp","href":"https:\/\/api.w.org\/{rel}","templated":true}]}}