{"id":24136,"date":"2010-07-08T12:03:46","date_gmt":"2010-07-08T12:03:46","guid":{"rendered":"http:\/\/www.korhanyilmaz.com\/?p=24136"},"modified":"2010-07-08T12:03:46","modified_gmt":"2010-07-08T12:03:46","slug":"sahin-anayasa-mahkemesi-yetki-gasbi-yapti","status":"publish","type":"post","link":"http:\/\/www.korhanyilmaz.com\/?p=24136","title":{"rendered":"\u015eahin: Anayasa Mahkemesi yetki gasb\u0131 yapt\u0131"},"content":{"rendered":"<p style=\"text-align: center;\"><a href=\"http:\/\/www.korhanyilmaz.com\/wp-content\/uploads\/2010\/07\/223.jpg\"  class=\"lightview\"><img loading=\"lazy\" decoding=\"async\" class=\"aligncenter size-full wp-image-24137\" src=\"http:\/\/www.korhanyilmaz.com\/wp-content\/uploads\/2010\/07\/223.jpg\" alt=\"\" width=\"286\" height=\"196\" \/><\/a><\/p>\n<p style=\"text-align: justify;\">TBMM Ba\u015fkan\u0131 Mehmet Ali \u015eahin, Anayasa Mahkemesi&#8217;nin T\u00fcrkiye Cumhuriyeti Anayasas\u0131&#8217;n\u0131n Baz\u0131 Maddelerinde De\u011fi\u015fiklik Yap\u0131lmas\u0131 Hakk\u0131nda Kanun&#8217;a ili\u015fkin iptal davas\u0131nda verdi\u011fi karara ili\u015fkin yaz\u0131l\u0131 bir a\u00e7\u0131klama yapt\u0131.<!--more--><\/p>\n<p style=\"text-align: justify;\">&#8221;Anayasa&#8217;n\u0131n sistemin b\u00fct\u00fcn unsurlar\u0131n\u0131 ba\u011flayan en temel milli irade metnidir&#8221; diyen \u015eahin, bu temel iradenin nas\u0131l de\u011fi\u015ftirilece\u011fi ve de\u011fi\u015fikli\u011fin denetiminin de en az anayasalar kadar \u00f6nemli bir konu oldu\u011funu ifade etti.<\/p>\n<p style=\"text-align: justify;\">\u015eahin, a\u00e7\u0131klamas\u0131nda \u015funlar\u0131 kaydetti;<\/p>\n<p style=\"text-align: justify;\">&#8221;Anayasay\u0131 de\u011fi\u015ftirme yetkisi, yaln\u0131zca milletin temsilcilerine tan\u0131nm\u0131\u015ft\u0131r. Bu yetki mutlak, payla\u015f\u0131lamayan ve devredilemeyen bir yetkidir. Meclisin milli iradeden ald\u0131\u011f\u0131 bu yetkisi \u00fczerinde vesayet olu\u015fturabilecek bir anlay\u0131\u015f kabul edilemez.<\/p>\n<p style=\"text-align: justify;\">Ne y\u00fcr\u00fctme organ\u0131, ne herhangi bir siyasal parti ve ne de Cumhuriyetimizin herhangi bir kurumu, Anayasa de\u011fi\u015fikli\u011fini isteme yetkisiyle donat\u0131lmam\u0131\u015ft\u0131r. Bu sadece aziz milletimizin temsilcileri olan milletvekillerine tan\u0131nm\u0131\u015f bir hakt\u0131r. Bu yetkinin, dolayl\u0131 yollarla kullan\u0131lmas\u0131 anlam\u0131na gelecek \u00e7\u00f6z\u00fcm ve \u00f6neriler de, kurucu iktidar yetkisinin mahiyetiyle \u00e7at\u0131\u015fmaktad\u0131r.<\/p>\n<p style=\"text-align: justify;\">Demokratik sistem yasama, y\u00fcr\u00fctme ve yarg\u0131 erkleri aras\u0131nda uyumlu ve dengeli bir \u00e7al\u0131\u015fma usul\u00fcn\u00fc esas al\u0131r.<\/p>\n<p style=\"text-align: justify;\">Erklerin kendilerine Anayasayla tan\u0131mlanan s\u0131n\u0131rlar i\u00e7erisinde hareket etmeleri, demokratik sistem a\u00e7\u0131s\u0131ndan zorunludur. Aksi bir durum demokrasinin s\u0131n\u0131rlar\u0131n\u0131n zorlanmas\u0131d\u0131r.<\/p>\n<p style=\"text-align: justify;\">Yasama organ\u0131 \u00e7al\u0131\u015fmalar\u0131, belli \u015fartlarda Anayasal Yarg\u0131 denetimine tabidir. Bu denetim yollar\u0131n\u0131n \u015fart ve \u015fekilleri, kurallar\u0131, konular\u0131, yollar\u0131 hem Anayasa hem de ilgili yasalarla a\u00e7\u0131k\u00e7a belirlenmi\u015ftir. Yarg\u0131 ancak konulan normlar\u0131; Anayasa ve Hukuk Devleti ilkelerine g\u00f6re yorumlar ve bir sonuca var\u0131r. Ancak erkler, anayasadan do\u011fan haklar\u0131n\u0131 kullan\u0131rken kendilerini ba\u015fka bir erk yerine koyamaz ve olmayan yetki kullanamaz, ba\u015fka erkin yetkisini elinden alamaz, o alana m\u00fcdahale edemez. Bu ama\u00e7la norm ihdas edemez.<\/p>\n<p style=\"text-align: justify;\">Anayasa Mahkemesi, TBMM&#8217;nin yasama g\u00f6revini yaparken kanun, kanun h\u00fckm\u00fcnde kararname, Meclis \u0130\u00e7t\u00fcz\u00fc\u011f\u00fc&#8217;yle ilgili a\u00e7\u0131lan iptal davalar\u0131n\u0131 esastan ve \u015fekilden, Anayasa de\u011fi\u015fikliklerini ise sadece \u015fekil bak\u0131m\u0131ndan inceler ve denetler.<\/p>\n<p style=\"text-align: justify;\"><strong>ANAYASA MAHKEMES\u0130\u2019N\u0130N YETK\u0130S\u0130 SINIRLI<\/strong><\/p>\n<p style=\"text-align: justify;\">Evrensel anayasa hukuku birikimine ayk\u0131r\u0131 olarak Anayasa Mahkememize Anayasa de\u011fi\u015fikliklerini denetleme noktas\u0131nda tan\u0131nan yetki, s\u0131n\u0131rl\u0131 bir yetkidir.<\/p>\n<p style=\"text-align: justify;\">T\u00fcrkiye tecr\u00fcbesi onu g\u00f6stermektedir ki, 1961 y\u0131l\u0131ndan bu yana kimi zaman Anayasa de\u011fi\u015fiklikleriyle s\u0131n\u0131rlanmas\u0131na kar\u015f\u0131n Anayasa Mahkemesi, Anayasa de\u011fi\u015fikliklerinin esastan da incelenmesi e\u011filimini s\u00fcrd\u00fcrmektedir. Bu, d\u00fcz bir Anayasa ihlali de\u011fil bundan \u00f6te yaln\u0131zca milletvekillerine tan\u0131nan Anayasa de\u011fi\u015ftirme yetkisinin bizzat \u00f6z\u00fcne m\u00fcdahaledir.<\/p>\n<p style=\"text-align: justify;\">Anayasa Mahkemesi\u2019nin bu yetki gasb\u0131, siyaset kurumunun ve parlamentonun itibar\u0131n\u0131 zedeleyecek ve demokraside zafiyet sorunu yaratacakt\u0131r.<\/p>\n<p style=\"text-align: justify;\">Parlamentonun itibar\u0131n\u0131 ve halktan al\u0131nan temsil yetkisini a\u015f\u0131nd\u0131racak giri\u015fimlere kar\u015f\u0131 milletvekillerimiz ve parlamentomuz kendi hukukunu koruyacakt\u0131r. Bu son kararla Anayasa Mahkemesi, kendisini Anayasa koyucu yerine koymaktad\u0131r.<\/p>\n<p style=\"text-align: justify;\">Anayasa Mahkemesi, Anayasay\u0131 \u00e7i\u011fneyerek \u00fcretti\u011fi ve kendisini kurucu iktidar yerine koydu\u011fu bu vahim e\u011filimi s\u00fcratle terk etmek ve Anayasa s\u0131n\u0131rlar\u0131na d\u00f6nmek zorundad\u0131r. Durum onu g\u00f6stermektedir ki, esastan inceleme yasa\u011f\u0131n\u0131 Anayasa Mahkemesi\u2019nin \u00e7i\u011fneyemeyece\u011fi yeni bir modelin veya Anayasa de\u011fi\u015fikli\u011finin zaman\u0131 gelmi\u015ftir.<\/p>\n<p style=\"text-align: justify;\">Umuyorum ki, Meclisimiz ve onun de\u011ferli \u00fcyeleri zaman\u0131n kendilerine y\u00fckledi\u011fi bu t\u00fcr bir de\u011fi\u015fiklik yetkisini gecikmeden kullanacaklard\u0131r. \u00c7\u00fcnk\u00fc Cumhuriyetin organlar\u0131n\u0131n Anayasal referanslara sayg\u0131l\u0131 olmas\u0131, Meclisimizin yetkilerine Anayasa&#8217;ya ra\u011fmen ili\u015fmemesi ve ayk\u0131r\u0131 davran\u0131\u015flar\u0131n net bir bi\u00e7imde yapt\u0131r\u0131mlara ba\u011flanmas\u0131 ka\u00e7\u0131n\u0131lmazd\u0131r.<\/p>\n<p style=\"text-align: justify;\">Herkes bilmelidir ki Meclisimiz, milli iradenin kendisine y\u00fckledi\u011fi sorumluluklar\u0131 Anayasa&#8217;da belirlenen ilkeler \u00e7er\u00e7evesinde yerine getirmeye devam edecektir.&#8221;<\/p>\n<p style=\"text-align: justify;\"><span style=\"color: #888888;\">ntvmsnbc.com<\/span><\/p>\n","protected":false},"excerpt":{"rendered":"<p style=\"text-align: center;\">\n<p style=\"text-align: justify;\">TBMM Ba\u015fkan\u0131 Mehmet Ali \u015eahin, Anayasa Mahkemesi&#8217;nin T\u00fcrkiye Cumhuriyeti Anayasas\u0131&#8217;n\u0131n Baz\u0131 Maddelerinde De\u011fi\u015fiklik Yap\u0131lmas\u0131 Hakk\u0131nda Kanun&#8217;a ili\u015fkin iptal davas\u0131nda verdi\u011fi karara ili\u015fkin yaz\u0131l\u0131 bir a\u00e7\u0131klama yapt\u0131.<\/p>\n","protected":false},"author":1,"featured_media":0,"comment_status":"open","ping_status":"closed","sticky":false,"template":"","format":"standard","meta":{"footnotes":""},"categories":[105],"tags":[],"class_list":["post-24136","post","type-post","status-publish","format-standard","hentry","category-gundem","odd"],"_links":{"self":[{"href":"http:\/\/www.korhanyilmaz.com\/index.php?rest_route=\/wp\/v2\/posts\/24136","targetHints":{"allow":["GET"]}}],"collection":[{"href":"http:\/\/www.korhanyilmaz.com\/index.php?rest_route=\/wp\/v2\/posts"}],"about":[{"href":"http:\/\/www.korhanyilmaz.com\/index.php?rest_route=\/wp\/v2\/types\/post"}],"author":[{"embeddable":true,"href":"http:\/\/www.korhanyilmaz.com\/index.php?rest_route=\/wp\/v2\/users\/1"}],"replies":[{"embeddable":true,"href":"http:\/\/www.korhanyilmaz.com\/index.php?rest_route=%2Fwp%2Fv2%2Fcomments&post=24136"}],"version-history":[{"count":0,"href":"http:\/\/www.korhanyilmaz.com\/index.php?rest_route=\/wp\/v2\/posts\/24136\/revisions"}],"wp:attachment":[{"href":"http:\/\/www.korhanyilmaz.com\/index.php?rest_route=%2Fwp%2Fv2%2Fmedia&parent=24136"}],"wp:term":[{"taxonomy":"category","embeddable":true,"href":"http:\/\/www.korhanyilmaz.com\/index.php?rest_route=%2Fwp%2Fv2%2Fcategories&post=24136"},{"taxonomy":"post_tag","embeddable":true,"href":"http:\/\/www.korhanyilmaz.com\/index.php?rest_route=%2Fwp%2Fv2%2Ftags&post=24136"}],"curies":[{"name":"wp","href":"https:\/\/api.w.org\/{rel}","templated":true}]}}