{"id":24130,"date":"2010-07-07T22:15:23","date_gmt":"2010-07-07T22:15:23","guid":{"rendered":"http:\/\/www.korhanyilmaz.com\/?p=24130"},"modified":"2010-07-07T22:15:23","modified_gmt":"2010-07-07T22:15:23","slug":"muhalefet-karari-nasil-yorumladi","status":"publish","type":"post","link":"http:\/\/www.korhanyilmaz.com\/?p=24130","title":{"rendered":"Muhalefet karar\u0131 nas\u0131l yorumlad\u0131"},"content":{"rendered":"<p style=\"text-align: center;\"><a href=\"http:\/\/www.korhanyilmaz.com\/wp-content\/uploads\/2010\/07\/221.jpg\"  class=\"lightview\"><img loading=\"lazy\" decoding=\"async\" class=\"aligncenter size-full wp-image-24131\" src=\"http:\/\/www.korhanyilmaz.com\/wp-content\/uploads\/2010\/07\/221.jpg\" alt=\"\" width=\"345\" height=\"195\" \/><\/a><\/p>\n<p style=\"text-align: justify;\">CHP Grup Ba\u015fkanvekili Muharrem \u0130nce, Anayasa Mahkemesi&#8217;nin, anayasa de\u011fi\u015fikli\u011fi paketine ili\u015fkin karar\u0131na ili\u015fkin, &#8220;Sorunumuz o 2 maddeyle ilgilidir, 2 madde referanduma gitmeyecekse, hay\u0131rl\u0131 u\u011furlu olsun&#8221; dedi. CHP Grup Ba\u015fkanvekili Akif Hamza\u00e7ebi ise &#8220;Karar, bizim hukuk devleti beklentilerimizi kar\u015f\u0131lam\u0131\u015f de\u011fildir&#8221; diye konu\u015ftu. Konuyla ilgili MHP, BDP ve SP&#8217;den de a\u00e7\u0131klama geldi. <!--more--><\/p>\n<p style=\"text-align: justify;\">CHP milletvekilleri, Anayasa Mahkemesi Ba\u015fkan\u0131 Ha\u015fim K\u0131l\u0131\u00e7&#8217;\u0131n anayasa de\u011fi\u015fikli\u011finin iptali istemine ili\u015fkin ba\u015fvuruyla ilgili karar\u0131 a\u00e7\u0131klamas\u0131n\u0131 Meclis kulisindeki televizyondan izlediler.<\/p>\n<p style=\"text-align: justify;\">Karar\u0131n a\u00e7\u0131klamas\u0131n\u0131n ard\u0131ndan yap\u0131lan de\u011ferlendirmelerde bulunan CHP Grup Ba\u015fkanvekili \u0130nce, \u015funlar\u0131 s\u00f6yledi: &#8220;Anayasa Mahkemesi, hukuki bir inceleme yapm\u0131\u015ft\u0131r. Hakl\u0131 bulur, hakl\u0131 bulmaz&#8230; Anayasa Mahkemesi, bug\u00fcne kadar ki ba\u015fvurular\u0131m\u0131z\u0131n y\u00fczde 63&#8217;\u00fcnde bizim istedi\u011fimiz \u015fekilde karar vermi\u015f, y\u00fczde 37&#8217;sinde farkl\u0131 kararlar vermi\u015f. Bunun hukuki sonu\u00e7lar\u0131 oldu\u011fu gibi bilimsel platformda da bu tart\u0131\u015f\u0131lacak. Karara sayg\u0131l\u0131y\u0131z.<\/p>\n<p style=\"text-align: justify;\">Karar, beni \u015fah\u0131s olarak tatmin etmedi&#8230; Ama halk\u0131m\u0131z, b\u00fct\u00fcn milletimizi tatmin edecektir. Anayasa Mahkemesinin, CHP&#8217;nin hassasiyetlerini dikkate almak gibi bir \u00f6zelli\u011fi yok, olmak zorunda da de\u011fil. \u0130ktidar partisi, s\u00fcrekli olarak yarg\u0131yla bizim aram\u0131zda polemiklere giriyordu. B\u00fct\u00fcn istatistiklere bakt\u0131\u011f\u0131m\u0131zda y\u00fczde 63 oran\u0131nda biz hakl\u0131 \u00e7\u0131km\u0131\u015f\u0131z. Gerek\u00e7eli karar\u0131 g\u00f6rmeden, ayr\u0131nt\u0131l\u0131 de\u011ferlendirme yapmam\u0131z do\u011fru olmaz. Halk\u0131m\u0131z, T\u00fcrk milleti, referandumda yarg\u0131y\u0131, y\u00fcr\u00fctmenin emrine sokmayacakt\u0131r, buna g\u00fcveniyoruz. \u0130ki madde referanduma gitmeyecekse&#8230; Bizim engellilere, ya\u015fl\u0131lara, \u00e7ocuklara pozitif ayr\u0131mc\u0131l\u0131kla ilgili bir sorunumuz olabilir mi? Bizim bunlara itiraz\u0131m\u0131z yok. Sorunumuz o iki maddeyle ilgilidir. \u0130ki madde referanduma gitmeyecekse, hay\u0131rl\u0131 u\u011furlu olsun.&#8221;<\/p>\n<p style=\"text-align: justify;\"><strong>Hamza\u00e7ebi: &#8220;Beklentilerimiz kar\u015f\u0131lanm\u0131\u015f de\u011fil&#8221; <\/strong><\/p>\n<p style=\"text-align: justify;\">CHP Grup Ba\u015fkanvekili Akif Hamza\u00e7ebi, Anayasa Mahkemesinin verdi\u011fi karar\u0131 de\u011ferlendirirken, &#8220;Karar, bizim hukuk devleti beklentilerimizi kar\u015f\u0131lam\u0131\u015f de\u011fildir&#8221; dedi.<\/p>\n<p style=\"text-align: justify;\">Gazetecilerin, Anayasa Mahkemesinin karar\u0131na ili\u015fkin sorular\u0131n\u0131 yan\u0131tlayan Hamza\u00e7ebi, 111 milletvekili olarak Anayasa Mahkemesinde a\u00e7t\u0131klar\u0131 davadaki karar\u0131n, &#8220;hukuk devleti ilkesi \u00e7er\u00e7evesinde dile getirdikleri endi\u015feleri gideren bir karar olmad\u0131\u011f\u0131n\u0131, kendilerini tatmin etmedi\u011fini&#8221; s\u00f6yledi.<\/p>\n<p style=\"text-align: justify;\">Hamza\u00e7ebi, &#8220;Referandumdaki tavr\u0131n\u0131z ne olacak?&#8221; sorusuna, &#8220;CHP olarak konuyu de\u011ferlendirdikten sonra a\u00e7\u0131klama yapaca\u011f\u0131z. Karar, bizim hukuk devleti beklentilerimizi kar\u015f\u0131lam\u0131\u015f de\u011fildir&#8221; \u015feklinde yan\u0131t verdi.<\/p>\n<p style=\"text-align: justify;\">CHP \u0130stanbul Milletvekili Mustafa \u00d6zy\u00fcrek ise &#8220;K\u0131l\u0131\u00e7&#8217;\u0131n a\u00e7\u0131klamas\u0131na g\u00f6re iki madde referandum d\u0131\u015f\u0131 kalacak. CHP&#8217;nin esas itiraz\u0131, hukuk devletini ihlal eden d\u00fczenlemeler \u015feklinde oldu\u011fu i\u00e7in bu iki maddeyeydi. Bu durumda CHP&#8217;nin itirazlar\u0131 dikkate al\u0131nm\u0131\u015f oluyor. Di\u011fer maddelerin referanduma gitmesi halinde evet oyu verece\u011fimizi s\u00f6ylemi\u015ftik&#8221; dedi.<\/p>\n<p style=\"text-align: justify;\">CHP \u0130zmir Milletvekili Ahmet Ersin de &#8220;Anayasa Mahkemesi, bir orta yol bulmaya \u00e7al\u0131\u015fm\u0131\u015f. Pratikte \u00e7ok sa\u011fl\u0131kl\u0131 bir sonu\u00e7 \u00e7\u0131karaca\u011f\u0131n\u0131 zannetmiyorum. Karar beni tatmin etmedi. Biz de \u00fcyelerin se\u00e7im \u015fekline itiraz ediyorduk, se\u00e7im \u015fekli bizim istedi\u011fimiz \u015fekilde oldu&#8221; \u015feklinde konu\u015ftu.<\/p>\n<p style=\"text-align: justify;\">CHP Afyonkarahisar Milletvekili Halil \u00dcnl\u00fctepe ise &#8220;Say\u0131n Cumhurba\u015fkan\u0131&#8217;n\u0131n referanduma sundu\u011fu madde metni, Anayasa Mahkemesince m\u00fcdahale edilerek, de\u011fi\u015fiklik yap\u0131l\u0131yor. Dolay\u0131s\u0131yla iki madde referanduma gitmiyor. CHP&#8217;nin dedi\u011fi gibi iki maddenin d\u0131\u015f\u0131nda halk oylamas\u0131 yap\u0131l\u0131yor. Bu iki maddenin d\u0131\u015f\u0131nda referanduma gidilmesi halinde destek olaca\u011f\u0131m\u0131z\u0131, ba\u015f\u0131ndan beri s\u00f6yledik. \u0130stedi\u011fimiz oldu. Bu iki maddedeki k\u0131smen iptaller, maddenin t\u00fcm\u00fcn\u00fcn oylanmas\u0131n\u0131 engeller&#8221; de\u011ferlendirmesinde bulundu.<\/p>\n<p style=\"text-align: justify;\">CHP Tunceli Milletvekili Kamer Gen\u00e7 ise karara g\u00f6re, &#8220;HYSK ve Anayasa Mahkemesi ile ilgili maddelerinin referanduma g\u00f6t\u00fcr\u00fclemeyece\u011fini&#8221; savundu.<\/p>\n<p style=\"text-align: justify;\"><strong>MHP&#8217;DEN A\u00c7IKLAMA <\/strong><\/p>\n<p style=\"text-align: justify;\">MHP Genel Sekreteri Cihan Pa\u00e7ac\u0131, Anayasa Mahkemesi ve HSYK ile ilgili baz\u0131 maddelerin k\u0131smen iptaline karar vermesi ile ilgili olarak, mahkemenin yetki a\u015f\u0131m\u0131nda bulundu\u011funu s\u00f6yledi.<\/p>\n<p style=\"text-align: justify;\">Pa\u00e7ac\u0131, AA muhabirine yapt\u0131\u011f\u0131 de\u011ferlendirmede, de\u011fi\u015fiklik paketinin zaten tart\u0131\u015fmal\u0131 oldu\u011funu ve sadece &#8220;AK Parti&#8217;nin anayasas\u0131 gibi durdu\u011funu&#8221;, ancak buna ra\u011fmen karar\u0131 referandumda halk\u0131n verebilmesi i\u00e7in CHP&#8217;ye iptal ba\u015fvurusunda destek vermediklerini belirtti.<\/p>\n<p style=\"text-align: justify;\">Anayasa Mahkemesi&#8217;nin g\u00f6rev ve yetkilerinin Anayasa&#8217;da belirtilmi\u015f oldu\u011funu an\u0131msatan Pa\u00e7ac\u0131, mahkemenin de\u011fi\u015fiklikleri sadece \u015fekil y\u00f6n\u00fcnden inceleyebilece\u011fini kaydetti.<\/p>\n<p style=\"text-align: justify;\">Mahkemenin, kamuoyunda &#8220;t\u00fcrban d\u00fczenlemesi olarak&#8221; bilinen de\u011fi\u015fiklikleri, Anayasa&#8217;n\u0131n de\u011fi\u015ftirilemez ve de\u011fi\u015ftirilmesi teklif dahi edilemez maddeleri ile ili\u015fkilendirdi\u011fini an\u0131msatan Pa\u00e7ac\u0131, gerek\u00e7esi hen\u00fcz a\u00e7\u0131klanmad\u0131\u011f\u0131 i\u00e7in son iptallerin neyle ili\u015fkilendirilece\u011fini merak ettiklerini s\u00f6yledi.<\/p>\n<p style=\"text-align: justify;\">Pa\u00e7ac\u0131, &#8220;Anayasa mahkemesi yetki a\u015f\u0131m\u0131nda bulunmu\u015ftur&#8221; diye konu\u015ftu. Cihan Pa\u00e7ac\u0131, referandumda &#8220;Hay\u0131r&#8221; oyu \u00e7\u0131kmas\u0131 i\u00e7in \u00e7al\u0131\u015facaklar\u0131n\u0131 da bildirdi.<\/p>\n<p style=\"text-align: justify;\">MHP Grup Ba\u015fkanvekili Oktay Vural ise Anayasa de\u011fi\u015fikli\u011fi konusundaki g\u00f6r\u00fc\u015flerini, teklifin parlamentoda g\u00f6r\u00fc\u015f\u00fcld\u00fc\u011f\u00fc zaman da dile getirdiklerini an\u0131msatarak, &#8220;G\u00f6r\u00fc\u015f\u00fcm\u00fcz a\u00e7\u0131k ve net: Anayasada bir uzla\u015fma temin etmek laz\u0131m. Herkesin uzla\u015ft\u0131\u011f\u0131 bir Anayasay\u0131 ger\u00e7ekle\u015ftirmek gerekiyor. Bu ise uzla\u015fma olmadan \u00e7\u0131kar\u0131lm\u0131\u015f bir Anayasa de\u011fi\u015fikli\u011fi. MHP olarak, biz, bu Anayasan\u0131n b\u00fct\u00fcn siyasi partilerin birlikte olu\u015fturdu\u011fu uzla\u015fma komisyonu ile de\u011ferlendirilmesini istiyoruz&#8221; dedi.<\/p>\n<p style=\"text-align: justify;\">Vural, &#8220;Anayasa Mahkemesinin k\u0131smi iptal karar\u0131n\u0131 nas\u0131l de\u011ferlendiriyorsunuz?&#8221; sorusuna da &#8220;\u0130n\u015fallah tamam\u0131n\u0131 iptal eder millet&#8221; yan\u0131t\u0131n\u0131 verdi.<\/p>\n<p style=\"text-align: justify;\">MHP Grup Ba\u015fkanvekili Mehmet \u015eand\u0131r da ayn\u0131 soru \u00fczerine, &#8220;\u0130\u015f millete kalm\u0131\u015ft\u0131r. Gere\u011fini millet yapacakt\u0131r&#8221; dedi.<\/p>\n<p style=\"text-align: justify;\"><strong>SAADET PART\u0130S\u0130 <\/strong><\/p>\n<p style=\"text-align: justify;\">Saadet Partisi Genel Ba\u015fkan\u0131 Numan Kurtulmu\u015f, &#8220;Anayasa Mahkemesi, bir kere daha kendisinin TBMM \u00fczerinde, senato gibi g\u00f6rev yapt\u0131\u011f\u0131n\u0131 tescilledi&#8221; dedi.<\/p>\n<p style=\"text-align: justify;\">Kurtulmu\u015f, Anayasa Mahkemesi&#8217;nin 5982 say\u0131l\u0131 T\u00fcrkiye Cumhuriyeti Anayasas\u0131n\u0131n Baz\u0131 Maddelerinde De\u011fi\u015fiklik Yap\u0131lmas\u0131 Hakk\u0131nda Kanuna ili\u015fkin iptal davas\u0131nda, Anayasa Mahkemesi ve HSYK ile ilgili baz\u0131 maddelerin k\u0131smen iptaline karar vermesi ile ilgili olarak, AA muhabirine yapt\u0131\u011f\u0131 de\u011ferlendirmede, mahkemenin hen\u00fcz yasala\u015fmam\u0131\u015f h\u00fck\u00fcmleri iptal etti\u011fini s\u00f6yledi.<\/p>\n<p style=\"text-align: justify;\">&#8220;Anayasa Mahkemesi, bir kere daha kendisinin TBMM \u00fczerinde, senato gibi g\u00f6rev yapt\u0131\u011f\u0131n\u0131 tescilledi. Teklif i\u00e7inden c\u0131mb\u0131zla ifade \u00e7ekerek yeni bir yasa yapt\u0131&#8221; g\u00f6r\u00fc\u015f\u00fcn\u00fc dile getiren Kurtulmu\u015f, Anayasa Mahkemesi Raport\u00f6r\u00fc Osman Can&#8217;\u0131n medyada yer alan &#8220;Anayasa Mahkemesi&#8217;nin karar\u0131n\u0131 yok say\u0131n&#8221; y\u00f6n\u00fcndeki g\u00f6r\u00fc\u015flerinin uygulanamayaca\u011f\u0131n\u0131 ve daha b\u00fcy\u00fck bir karma\u015fa ortaya \u00e7\u0131karaca\u011f\u0131n\u0131 da s\u00f6zlerine ekledi.<\/p>\n<p style=\"text-align: justify;\"><strong>BDP <\/strong><\/p>\n<p style=\"text-align: justify;\">BDP Grup Ba\u015fkanvekili Ayla Akat Ata, Meclisin iradesinin temel kabul edilmesi gerekti\u011fini ifade ederek, &#8220;Anayasa Mahkemesinin karar\u0131n\u0131n, Meclisin iradesini hi\u00e7e sayan ve yasama organ\u0131n\u0131n yerine ge\u00e7ebilecek bir karar olmamas\u0131n\u0131 beklerdik. Bu karar i\u00e7in bu t\u00fcr \u015faibeler var. Siyasi parti olarak bizi mevcut karar tatmin etmedi&#8221; diye konu\u015ftu.<\/p>\n<p style=\"text-align: justify;\">BDP \u015e\u0131rnak Milletvekili Hasip Kaplan da kararda, Anayasa de\u011fi\u015fiklik paketinin tamam\u0131na ili\u015fkin \u00e7ok esasl\u0131 bir de\u011fi\u015fikli\u011fin s\u00f6z konusu olmad\u0131\u011f\u0131n\u0131, referandum s\u00fcrecini etkilemedi\u011fini s\u00f6yledi.<\/p>\n<p style=\"text-align: justify;\"><strong>BBP <\/strong><\/p>\n<p style=\"text-align: justify;\">BBP Genel Ba\u015fkan\u0131 Yal\u00e7\u0131n Top\u00e7u, &#8220;Mahkemenin adeta evli olmayan iki insan\u0131 bo\u015famak gibi karar verdi\u011fini&#8221; ifade ederek, CHP eski Genel Ba\u015fkan\u0131 Deniz Baykal&#8217;\u0131n, TBMM&#8217;deki grup konu\u015fmas\u0131nda, de\u011fi\u015fiklik teklifinin iki maddesinin iptal edilmesini geri kalanlar\u0131 da referanduma g\u00f6t\u00fcrmeden hep birlikte yasala\u015ft\u0131rmay\u0131 \u00f6nerdi\u011fini ifade ederek, &#8220;CHP&#8217;nin istedi\u011fi neyse adeta o yerine getirildi&#8221; diye konu\u015ftu.<\/p>\n<p style=\"text-align: justify;\">Top\u00e7u, milletten ka\u00e7\u0131lmamas\u0131 gerekti\u011fini de kaydetti.<\/p>\n<p style=\"text-align: justify;\"><strong>DEMOKRAT PART\u0130 <\/strong><\/p>\n<p style=\"text-align: justify;\">Demokrat Parti Genel Ba\u015fkan\u0131 H\u00fcsamettin Cindoruk, &#8220;Anayasa Mahkemesi, ortaya koydu\u011fu iptallerle yeni bir Anayasa Mahkemesi ve yeni bir HSYK olu\u015fmas\u0131n\u0131 \u00f6nlemi\u015ftir&#8221; dedi.<\/p>\n<p style=\"text-align: justify;\">&#8220;Anayasa Mahkemesi, ortaya koydu\u011fu iptallerle yeni bir Anayasa Mahkemesi ve yeni bir HSYK olu\u015fmas\u0131n\u0131 \u00f6nlemi\u015ftir&#8221; diye konu\u015fan Cindoruk, &#8220;\u0130ktidar\u0131n HSYK ve Anayasa Mahkemesi&#8217;nde yapmak istedi\u011fi de\u011fi\u015fiklikler imkans\u0131z hale gelmi\u015ftir&#8221; g\u00f6r\u00fc\u015f\u00fcn\u00fc dile getirdi.<\/p>\n<p style=\"text-align: justify;\">Mahkemenin, raport\u00f6r\u00fcn g\u00f6r\u00fc\u015f\u00fcn\u00fc reddetti\u011fine dikkati \u00e7eken Cindoruk, &#8220;Bu kararla raport\u00f6r\u00fcn Anayasa Mahkemesi&#8217;nde bar\u0131nmas\u0131 imkans\u0131z hale geldi&#8221; \u015feklinde konu\u015ftu.<\/p>\n<p style=\"text-align: justify;\"><span style=\"color: #888888;\">CNN T\u00dcRK<\/span><\/p>\n","protected":false},"excerpt":{"rendered":"<p style=\"text-align: center;\">\n<p style=\"text-align: justify;\">CHP Grup Ba\u015fkanvekili Muharrem \u0130nce, Anayasa Mahkemesi&#8217;nin, anayasa de\u011fi\u015fikli\u011fi paketine ili\u015fkin karar\u0131na ili\u015fkin, &#8220;Sorunumuz o 2 maddeyle ilgilidir, 2 madde referanduma gitmeyecekse, hay\u0131rl\u0131 u\u011furlu olsun&#8221; dedi. CHP Grup Ba\u015fkanvekili Akif Hamza\u00e7ebi ise &#8220;Karar, bizim hukuk devleti beklentilerimizi kar\u015f\u0131lam\u0131\u015f de\u011fildir&#8221; diye konu\u015ftu. Konuyla ilgili MHP, BDP ve SP&#8217;den de a\u00e7\u0131klama geldi. <\/p>\n","protected":false},"author":1,"featured_media":0,"comment_status":"open","ping_status":"closed","sticky":false,"template":"","format":"standard","meta":{"footnotes":""},"categories":[105],"tags":[],"class_list":["post-24130","post","type-post","status-publish","format-standard","hentry","category-gundem","odd"],"_links":{"self":[{"href":"http:\/\/www.korhanyilmaz.com\/index.php?rest_route=\/wp\/v2\/posts\/24130","targetHints":{"allow":["GET"]}}],"collection":[{"href":"http:\/\/www.korhanyilmaz.com\/index.php?rest_route=\/wp\/v2\/posts"}],"about":[{"href":"http:\/\/www.korhanyilmaz.com\/index.php?rest_route=\/wp\/v2\/types\/post"}],"author":[{"embeddable":true,"href":"http:\/\/www.korhanyilmaz.com\/index.php?rest_route=\/wp\/v2\/users\/1"}],"replies":[{"embeddable":true,"href":"http:\/\/www.korhanyilmaz.com\/index.php?rest_route=%2Fwp%2Fv2%2Fcomments&post=24130"}],"version-history":[{"count":0,"href":"http:\/\/www.korhanyilmaz.com\/index.php?rest_route=\/wp\/v2\/posts\/24130\/revisions"}],"wp:attachment":[{"href":"http:\/\/www.korhanyilmaz.com\/index.php?rest_route=%2Fwp%2Fv2%2Fmedia&parent=24130"}],"wp:term":[{"taxonomy":"category","embeddable":true,"href":"http:\/\/www.korhanyilmaz.com\/index.php?rest_route=%2Fwp%2Fv2%2Fcategories&post=24130"},{"taxonomy":"post_tag","embeddable":true,"href":"http:\/\/www.korhanyilmaz.com\/index.php?rest_route=%2Fwp%2Fv2%2Ftags&post=24130"}],"curies":[{"name":"wp","href":"https:\/\/api.w.org\/{rel}","templated":true}]}}