{"id":24126,"date":"2010-07-07T18:05:47","date_gmt":"2010-07-07T18:05:47","guid":{"rendered":"http:\/\/www.korhanyilmaz.com\/?p=24126"},"modified":"2010-07-07T18:05:47","modified_gmt":"2010-07-07T18:05:47","slug":"yok-baskanindan-liste-savunmasi","status":"publish","type":"post","link":"http:\/\/www.korhanyilmaz.com\/?p=24126","title":{"rendered":"Y\u00d6K Ba\u015fkan\u0131&#8217;ndan liste savunmas\u0131"},"content":{"rendered":"<p><a href=\"http:\/\/www.korhanyilmaz.com\/wp-content\/uploads\/2010\/07\/220.jpg\"  class=\"lightview\"><img loading=\"lazy\" decoding=\"async\" class=\"aligncenter size-full wp-image-24127\" src=\"http:\/\/www.korhanyilmaz.com\/wp-content\/uploads\/2010\/07\/220.jpg\" alt=\"\" width=\"292\" height=\"207\" \/><\/a><\/p>\n<p style=\"text-align: justify;\">Y\u00d6K Ba\u015fkan\u0131 Prof. Dr. Yusuf Ziya \u00d6zcan, Marmara \u00dcniversitesi&#8217;ndeki se\u00e7imde en fazla oy alan Prof. Dr. Necla Pur&#8217;un Cumhurba\u015fkan\u0131&#8217;na g\u00f6nderilen listede ilk s\u0131rada yer almamas\u0131 ve Giresun \u00dcniversitesi&#8217;nde yap\u0131lan se\u00e7imlerde en fazla oy alan iki rekt\u00f6r aday\u0131n\u0131n Cumhurba\u015fkan\u0131na g\u00f6nderilen listeye konulmamas\u0131 nedeniyle g\u00f6sterilen tepkilerle ili\u015fkin, &#8220;Biz oylama yap\u0131yoruz burada, bilerek de\u011fi\u015ftirmiyoruz. Herkes h\u00fcr iradesiyle oy veriyor&#8221; dedi. <!--more--><\/p>\n<p style=\"text-align: justify;\">\u00d6zcan, AA muhabirinin sorusu \u00fczerine, \u00fcniversitelerdeki se\u00e7imlerde en fazla oy alan 6 aday\u0131n isminin Y\u00d6K&#8217;e bildirildi\u011fini an\u0131msatt\u0131. Y\u00d6K Genel Kurulu toplant\u0131s\u0131nda da her bir \u00fcniversite i\u00e7in bu adaylar aras\u0131ndan Cumhurba\u015fkan\u0131&#8217;na sunulacak 3 isim belirlendi\u011fini anlatan \u00d6zcan, bu isimler belirlenirken Y\u00d6K \u00fcyeleri aras\u0131nda oylama yap\u0131ld\u0131\u011f\u0131n\u0131 kaydetti.<\/p>\n<p style=\"text-align: justify;\">\u00d6zcan, &#8220;Biz oylama yap\u0131yoruz burada, bilerek de\u011fi\u015ftirmiyoruz. Herkes h\u00fcr iradesiyle oy veriyor&#8221; diye konu\u015ftu.<\/p>\n<p style=\"text-align: justify;\">Y\u00d6K Genel Kurulu&#8217;nun ge\u00e7en hafta ger\u00e7ekle\u015ftirilen toplant\u0131s\u0131nda, Cumhurba\u015fkan\u0131&#8217;na sunulmak \u00fczere Giresun \u00dcniversitesi i\u00e7in Prof. Dr. Ayg\u00fcn Attar, Prof. Dr. Ayhan B\u00f6l\u00fck, Prof. Dr. Y\u0131lmaz Can&#8217;\u0131n; Marmara \u00dcniversitesi i\u00e7in ise Prof. Dr. M. Zafer G\u00fcl, Prof. Dr. Necla Pur ve Prof. Dr. Mehmet Akal\u0131n&#8217;\u0131n isimleri belirlenmi\u015fti.<\/p>\n<p style=\"text-align: justify;\">Ancak, \u00fcniversite \u00e7evrelerinde, belirlenen bu listelerde Marmara \u00dcniversitesi&#8217;nde en fazla oy alan Prof. Dr. Necla Pur&#8217;un birinci s\u0131raya konulmamas\u0131na, Giresun \u00dcniversitesinde de en fazla oy alan Prof. Dr. Halil \u0130brahim Bahar ile Prof. Dr. Mustafa T\u00fcrkmen&#8217;in Cumhurba\u015fkanl\u0131\u011f\u0131na g\u00f6nderilen listede yer almamas\u0131na tepki g\u00f6steriliyor.<\/p>\n<p style=\"text-align: justify;\"><strong>&#8220;Se\u00e7imin karakterini de\u011fi\u015ftirebiliriz&#8221; <\/strong><\/p>\n<p style=\"text-align: justify;\">\u00d6te yandan, Y\u00d6K Ba\u015fkan\u0131 \u00d6zcan, rekt\u00f6rl\u00fck se\u00e7imi ile ilgili yeni d\u00fczenlemeye gidilebilece\u011fini bildirdi.<\/p>\n<p style=\"text-align: justify;\">Bu konuda biri anayasa di\u011feri de kanun de\u011fi\u015fikli\u011fi olmak \u00fczere iki se\u00e7enek bulundu\u011funu belirten \u00d6zcan, anayasa de\u011fi\u015fikli\u011fi gerektiren s\u00fcrecin biraz zor oldu\u011funu s\u00f6yledi. \u00d6zcan, &#8220;Di\u011feri de anayasa de\u011fi\u015fikli\u011fi gerektirmeyen bir s\u00fcre\u00e7. 2547 say\u0131l\u0131 Y\u00fcksek\u00f6\u011fretim Kanununun i\u00e7inde baz\u0131 hususlar\u0131 kolayla\u015ft\u0131r\u0131c\u0131, daha do\u011frusu sistemi d\u00fczeltecek \u00f6nlemler alabiliriz. Herhalde ikincisi daha uygun&#8221; diye konu\u015ftu.<\/p>\n<p style=\"text-align: justify;\">Nas\u0131l bir y\u00f6ntem olaca\u011f\u0131 konusunun hen\u00fcz netlik kazanmad\u0131\u011f\u0131n\u0131 ifade eden \u00d6zcan, \u015funlar\u0131 kaydetti: &#8220;Se\u00e7im olabilir ama se\u00e7imin karakterini de\u011fi\u015ftirebiliriz. 6 aday belirlemek yerine ba\u015fka bir se\u00e7im sistemi getirip iki aday\u0131n en sona kalmas\u0131 ve onlardan birinin oylanmas\u0131 gibi&#8230; Ayr\u0131ca bir de se\u00e7ici kurul belirleyebilir. Bu se\u00e7ici kurul vak\u0131f \u00fcniversitelerindeki m\u00fctevelli heyet benzeri bir kurul olur ve bu kurul se\u00e7er.&#8221;<\/p>\n<p style=\"text-align: justify;\">\u00d6zcan, se\u00e7ici kurulda sivil toplum kurulu\u015flar\u0131 ile yerel kurulu\u015flar ve kamu kurumlar\u0131n\u0131n temsilcilerinin de yer alabilece\u011fini belirterek, &#8220;Kimlerden olabilece\u011fini s\u00f6yleyelim onlar da se\u00e7imlerini kendi yaps\u0131n&#8221; diye konu\u015ftu.<\/p>\n<p style=\"text-align: justify;\"><span style=\"color: #888888;\">CNN T\u00dcRK<\/span><\/p>\n","protected":false},"excerpt":{"rendered":"<\/p>\n<p style=\"text-align: justify;\">Y\u00d6K Ba\u015fkan\u0131 Prof. Dr. Yusuf Ziya \u00d6zcan, Marmara \u00dcniversitesi&#8217;ndeki se\u00e7imde en fazla oy alan Prof. Dr. Necla Pur&#8217;un Cumhurba\u015fkan\u0131&#8217;na g\u00f6nderilen listede ilk s\u0131rada yer almamas\u0131 ve Giresun \u00dcniversitesi&#8217;nde yap\u0131lan se\u00e7imlerde en fazla oy alan iki rekt\u00f6r aday\u0131n\u0131n Cumhurba\u015fkan\u0131na g\u00f6nderilen listeye konulmamas\u0131 nedeniyle g\u00f6sterilen tepkilerle ili\u015fkin, &#8220;Biz oylama yap\u0131yoruz burada, bilerek de\u011fi\u015ftirmiyoruz. Herkes <\/p>\n","protected":false},"author":1,"featured_media":0,"comment_status":"open","ping_status":"closed","sticky":false,"template":"","format":"standard","meta":{"footnotes":""},"categories":[105],"tags":[],"class_list":["post-24126","post","type-post","status-publish","format-standard","hentry","category-gundem","odd"],"_links":{"self":[{"href":"http:\/\/www.korhanyilmaz.com\/index.php?rest_route=\/wp\/v2\/posts\/24126","targetHints":{"allow":["GET"]}}],"collection":[{"href":"http:\/\/www.korhanyilmaz.com\/index.php?rest_route=\/wp\/v2\/posts"}],"about":[{"href":"http:\/\/www.korhanyilmaz.com\/index.php?rest_route=\/wp\/v2\/types\/post"}],"author":[{"embeddable":true,"href":"http:\/\/www.korhanyilmaz.com\/index.php?rest_route=\/wp\/v2\/users\/1"}],"replies":[{"embeddable":true,"href":"http:\/\/www.korhanyilmaz.com\/index.php?rest_route=%2Fwp%2Fv2%2Fcomments&post=24126"}],"version-history":[{"count":0,"href":"http:\/\/www.korhanyilmaz.com\/index.php?rest_route=\/wp\/v2\/posts\/24126\/revisions"}],"wp:attachment":[{"href":"http:\/\/www.korhanyilmaz.com\/index.php?rest_route=%2Fwp%2Fv2%2Fmedia&parent=24126"}],"wp:term":[{"taxonomy":"category","embeddable":true,"href":"http:\/\/www.korhanyilmaz.com\/index.php?rest_route=%2Fwp%2Fv2%2Fcategories&post=24126"},{"taxonomy":"post_tag","embeddable":true,"href":"http:\/\/www.korhanyilmaz.com\/index.php?rest_route=%2Fwp%2Fv2%2Ftags&post=24126"}],"curies":[{"name":"wp","href":"https:\/\/api.w.org\/{rel}","templated":true}]}}