{"id":24122,"date":"2010-07-07T17:49:14","date_gmt":"2010-07-07T17:49:14","guid":{"rendered":"http:\/\/www.korhanyilmaz.com\/?p=24122"},"modified":"2010-07-07T17:49:14","modified_gmt":"2010-07-07T17:49:14","slug":"rektor-atamalari-gulu-de-rahatsiz-etti","status":"publish","type":"post","link":"http:\/\/www.korhanyilmaz.com\/?p=24122","title":{"rendered":"Rekt\u00f6r atamalar\u0131 G\u00fcl&#8217;\u00fc de rahats\u0131z etti"},"content":{"rendered":"<p><a href=\"http:\/\/www.korhanyilmaz.com\/wp-content\/uploads\/2010\/07\/219.jpg\"  class=\"lightview\"><img loading=\"lazy\" decoding=\"async\" class=\"aligncenter size-full wp-image-24123\" src=\"http:\/\/www.korhanyilmaz.com\/wp-content\/uploads\/2010\/07\/219.jpg\" alt=\"\" width=\"285\" height=\"235\" \/><\/a><\/p>\n<p style=\"text-align: justify;\">Cumhurba\u015fkan\u0131 rekt\u00f6r atamalar\u0131 ile ilgili mevcut sistemden \u015fikayet\u00e7i. Bunu birkez daha dile getirdi, &#8220;sistem de\u011fi\u015fmeli&#8221; dedi. Konunun yeniden g\u00fcndeme gelmesinin nedeni ise Y\u00d6K&#8217;\u00fcn Giresun \u00dcniversitesi&#8217;nde yap\u0131lan se\u00e7ime uygun hareket etmemesi. Cumhurba\u015fkan\u0131, Y\u00d6K&#8217;ten konuya ili\u015fkin a\u00e7\u0131klama istedi\u011fini s\u00f6yledi. <!--more--><\/p>\n<p style=\"text-align: justify;\">Cumhurba\u015fkan\u0131 G\u00fcl, Nijerya&#8217;ya hareketinden \u00f6nce Esenbo\u011fa Havalaman\u0131&#8217;nda a\u00e7\u0131klamalarda bulundu ve sorular\u0131 yan\u0131tlad\u0131.<\/p>\n<p style=\"text-align: justify;\">G\u00fcl, rekt\u00f6r atamalar\u0131yla ilgili olarak y\u00f6neltilen, &#8220;Y\u00d6K taraf\u0131ndan yap\u0131lan atamalarda \u00f6zellikle az oy alan adaylar tercih edildi\u011finde g\u00f6zler size \u00e7evriliyor son olarak da Giresun&#8217;dan rekt\u00f6r aday\u0131 i\u00e7in b\u00f6yle bir tercih oldu. Y\u00d6K&#8217;\u00fcn iki oy alan bir aday\u0131 atamas\u0131 g\u00fcndeminize gelecek, g\u00f6r\u00fc\u015f\u00fcn\u00fcz nedir?&#8221; sorusunu cevapland\u0131rd\u0131.<\/p>\n<p style=\"text-align: justify;\">Abdullah G\u00fcl \u015f\u00f6yle konu\u015ftu: &#8220;Gazetelere yaz\u0131lanlar\u0131 ben de g\u00f6rd\u00fcm okudum. Dolay\u0131s\u0131yla dikkatimi \u00e7ekti ger\u00e7ekten. Onun i\u00e7in Y\u00d6K&#8217;ten izahat istedim d\u00f6n\u00fcnce, yani nas\u0131l kriter uygulan\u0131yor, nas\u0131l de\u011ferlendiriliyor, nas\u0131l yap\u0131yorlar, neye \u00f6nem veriyorlar? Benim de dikkatimi \u00e7ekti\u011fi i\u00e7in bu konuyla ilgili izahat istedim. \u00dcniversitelerdeki bu sistem, rekt\u00f6r se\u00e7im ve atamalar\u0131yla ilgili bu sistem do\u011fru de\u011fil. Hat\u0131rlars\u0131n\u0131z, b\u00fct\u00fcn bu sistem, 12 Eyl\u00fcl 1980 m\u00fcdahalesinden sonra bir tepki olarak d\u00fczenlenen bir sistemdir.<\/p>\n<p style=\"text-align: justify;\">Bug\u00fcnk\u00fc T\u00fcrkiye \u00e7ok farkl\u0131 bir T\u00fcrkiye; o g\u00fcnk\u00fc T\u00fcrkiye de\u011fil. Dolay\u0131s\u0131yla bunun g\u00f6zden ge\u00e7irilmesi, bununla ilgili do\u011fru, en geli\u015fmi\u015f \u00fclkelerde en geli\u015fmi\u015f \u00fcniversiteleri nas\u0131l d\u00fczenleniyor? Bu i\u015fler nas\u0131l oluyor? Buna uygun bir \u015fekilde Avrupa Birli\u011fi ile tam \u00fcyelik m\u00fczakereleri yapan bir \u00fclkede olmas\u0131 gereken \u015fekilde d\u00fczenlenmesi gerekir. Bu konudaki g\u00f6r\u00fc\u015flerimi ve rahats\u0131zl\u0131\u011f\u0131m\u0131 daha \u00f6nce de ifade etmi\u015ftim.&#8221;<\/p>\n<p style=\"text-align: justify;\"><strong>Y\u00d6K Ba\u015fkan\u0131&#8217;ndan cevap <\/strong><\/p>\n<p style=\"text-align: justify;\">Y\u00d6K Ba\u015fkan\u0131 Prof. Dr. Yusuf Ziya \u00d6zcan&#8217;dan ise konuyla ilgili olarak &#8220;Biz oylama yap\u0131yoruz burada, bilerek de\u011fi\u015ftirmiyoruz. Herkes h\u00fcr iradesiyle oy veriyor&#8221; a\u00e7\u0131klamas\u0131 geldi.<\/p>\n<p style=\"text-align: justify;\"><span style=\"color: #888888;\">CNN T\u00dcRK<\/span><\/p>\n","protected":false},"excerpt":{"rendered":"<\/p>\n<p style=\"text-align: justify;\">Cumhurba\u015fkan\u0131 rekt\u00f6r atamalar\u0131 ile ilgili mevcut sistemden \u015fikayet\u00e7i. Bunu birkez daha dile getirdi, &#8220;sistem de\u011fi\u015fmeli&#8221; dedi. Konunun yeniden g\u00fcndeme gelmesinin nedeni ise Y\u00d6K&#8217;\u00fcn Giresun \u00dcniversitesi&#8217;nde yap\u0131lan se\u00e7ime uygun hareket etmemesi. Cumhurba\u015fkan\u0131, Y\u00d6K&#8217;ten konuya ili\u015fkin a\u00e7\u0131klama istedi\u011fini s\u00f6yledi. <\/p>\n","protected":false},"author":1,"featured_media":0,"comment_status":"open","ping_status":"closed","sticky":false,"template":"","format":"standard","meta":{"footnotes":""},"categories":[105],"tags":[],"class_list":["post-24122","post","type-post","status-publish","format-standard","hentry","category-gundem","odd"],"_links":{"self":[{"href":"http:\/\/www.korhanyilmaz.com\/index.php?rest_route=\/wp\/v2\/posts\/24122","targetHints":{"allow":["GET"]}}],"collection":[{"href":"http:\/\/www.korhanyilmaz.com\/index.php?rest_route=\/wp\/v2\/posts"}],"about":[{"href":"http:\/\/www.korhanyilmaz.com\/index.php?rest_route=\/wp\/v2\/types\/post"}],"author":[{"embeddable":true,"href":"http:\/\/www.korhanyilmaz.com\/index.php?rest_route=\/wp\/v2\/users\/1"}],"replies":[{"embeddable":true,"href":"http:\/\/www.korhanyilmaz.com\/index.php?rest_route=%2Fwp%2Fv2%2Fcomments&post=24122"}],"version-history":[{"count":0,"href":"http:\/\/www.korhanyilmaz.com\/index.php?rest_route=\/wp\/v2\/posts\/24122\/revisions"}],"wp:attachment":[{"href":"http:\/\/www.korhanyilmaz.com\/index.php?rest_route=%2Fwp%2Fv2%2Fmedia&parent=24122"}],"wp:term":[{"taxonomy":"category","embeddable":true,"href":"http:\/\/www.korhanyilmaz.com\/index.php?rest_route=%2Fwp%2Fv2%2Fcategories&post=24122"},{"taxonomy":"post_tag","embeddable":true,"href":"http:\/\/www.korhanyilmaz.com\/index.php?rest_route=%2Fwp%2Fv2%2Ftags&post=24122"}],"curies":[{"name":"wp","href":"https:\/\/api.w.org\/{rel}","templated":true}]}}