{"id":24118,"date":"2010-07-07T17:42:11","date_gmt":"2010-07-07T17:42:11","guid":{"rendered":"http:\/\/www.korhanyilmaz.com\/?p=24118"},"modified":"2010-07-07T17:42:11","modified_gmt":"2010-07-07T17:42:11","slug":"gul-operasyon-hukumetin-inisiyatifinde","status":"publish","type":"post","link":"http:\/\/www.korhanyilmaz.com\/?p=24118","title":{"rendered":"G\u00fcl: &#8220;Operasyon h\u00fck\u00fcmetin inisiyatifinde&#8221;"},"content":{"rendered":"<p style=\"text-align: center;\"><a href=\"http:\/\/www.korhanyilmaz.com\/wp-content\/uploads\/2010\/07\/218.jpg\"  class=\"lightview\"><img loading=\"lazy\" decoding=\"async\" class=\"aligncenter size-full wp-image-24120\" src=\"http:\/\/www.korhanyilmaz.com\/wp-content\/uploads\/2010\/07\/218.jpg\" alt=\"\" width=\"307\" height=\"236\" \/><\/a><\/p>\n<p style=\"text-align: justify;\">Genelkurmay Ba\u015fkan\u0131 Orgeneral \u0130lker Ba\u015fbu\u011f&#8217;un &#8220;S\u00f6z\u00fcn bitti\u011fi yerdeyiz&#8221; s\u00f6zlerine, bir de\u011ferlendirme de Cumhurba\u015fkan\u0131 Abdullah G\u00fcl&#8217;den geldi. G\u00fcl, operasyon karar\u0131n\u0131n h\u00fck\u00fcmetin inisiyatifinde oldu\u011funu s\u00f6yledi. Ter\u00f6rle m\u00fccadelede de yeni bir d\u00f6neme girilece\u011finin sinyallerini verdi.<!--more--><\/p>\n<p style=\"text-align: justify;\">Cumhurba\u015fkan\u0131 G\u00fcl, Nijerya&#8217;ya hareketinden \u00f6nce Esenbo\u011fa Havalaman\u0131&#8217;nda a\u00e7\u0131klamalarda bulundu ve sorular\u0131 yan\u0131tlad\u0131.<\/p>\n<p style=\"text-align: justify;\">&#8220;Genelkurmay Ba\u015fkan\u0131 Orgeneral \u0130lker Ba\u015fbu\u011f, Kuzey Irak&#8217;a y\u00f6nelik olarak &#8216;S\u00f6z\u00fcn bitti\u011fi yerdeyiz&#8217; dedi. T\u00fcrk kamuoyunun bunu nas\u0131l okumas\u0131 gerekti\u011fini d\u00fc\u015f\u00fcn\u00fcyorsunuz?&#8221; sorusuna G\u00fcl, &#8220;Ter\u00f6rle m\u00fccadele T\u00fcrkiye&#8217;nin en b\u00fcy\u00fck meselesidir, birinci meselesidir ve kapsaml\u0131 bir meseledir. Bunun d\u0131\u015f politika boyutu vard\u0131r, g\u00fcvenlik g\u00fc\u00e7lerinin sahada m\u00fccadelesi vard\u0131r, ekonomik sosyal boyutlar\u0131 vard\u0131r. Asl\u0131nda bu tamamen h\u00fck\u00fcmetin bilece\u011fi bir \u015feydir&#8221; dedi.<\/p>\n<p style=\"text-align: justify;\">G\u00fcl, &#8220;Tabii ki Kuzey Irak&#8217;\u0131n ve Irak&#8217;\u0131n ter\u00f6rle m\u00fccadeledeki i\u015fbirli\u011fiyle ilgili konular, bunlar \u00e7ok hassas oldu\u011fumuz bir s\u00fcre\u00e7 i\u00e7erisinde ve herkesin de bu s\u00fcre\u00e7te katk\u0131s\u0131n\u0131 bekledi\u011fimiz bir d\u00f6nemde bunlar nas\u0131l yorumlan\u0131r, gazeteleri g\u00f6rmedim; s\u00f6yledi\u011finiz \u015feylerden de haberim yok. Sadece \u015f\u00f6yle bir ba\u015fl\u0131klara bakt\u0131m. Nedir, ne kadar do\u011frudur, ne kadar de\u011fildir, bilmiyorum. Bunlar tamamen h\u00fck\u00fcmetin inisiyatifinde olan bir konudur ve ayr\u0131ca da \u00e7ok kapsaml\u0131 g\u00f6t\u00fcr\u00fclmesi gereken&#8230; Baz\u0131 konular a\u00e7\u0131k konu\u015fulur, baz\u0131 konular \u00e7ok a\u00e7\u0131k konu\u015fulunca, olacak \u015feyler de olmaz, a\u00e7\u0131k\u00e7as\u0131. O bak\u0131mdan bu konuyla ilgili fazla bir \u015fey s\u00f6ylemek istemem. Ama T\u00fcrkiye&#8217;nin ter\u00f6rle m\u00fccadeledeki kararl\u0131l\u0131\u011f\u0131 \u00e7ok a\u00e7\u0131kt\u0131r ve ter\u00f6rle m\u00fccadelede T\u00fcrkiye asla taviz vermeyecektir&#8221; dedi.<\/p>\n<p style=\"text-align: justify;\">&#8220;Bu konuda m\u00fccadelede i\u00e7erde oldu\u011fu gibi d\u0131\u015farda, uluslararas\u0131 i\u015fbirli\u011fi de ka\u00e7\u0131n\u0131lmazd\u0131r ve bu herkesin g\u00f6revidir&#8221; diyen G\u00fcl, &#8220;Sadece T\u00fcrkiye&#8217;nin beklentisi de\u011fil, herkesin g\u00f6revidir. \u015e\u00fcphesiz ki ter\u00f6r \u00f6rg\u00fct\u00fc Irak&#8217;taki otorite bo\u015flu\u011fundan \u00e7ok faydaland\u0131\u011f\u0131 i\u00e7in en \u00e7ok bizimle i\u015fbirli\u011fi i\u00e7erisinde olmas\u0131 gereken ve bununla ilgili yeni bir d\u00f6nemin ba\u015flat\u0131lmas\u0131 da s\u00f6z konusudur. Bu konuda \u00f6nemli mesafelerin de al\u0131nmakta oldu\u011funu buradan s\u00f6ylemek isterim. Ama bu konular\u0131n detaylar\u0131n\u0131 do\u011frusu bas\u0131nla konu\u015fmay\u0131 da \u00e7ok do\u011fru bulmam. \u00c7\u00fcnk\u00fc bizim amac\u0131m\u0131z netice almakt\u0131r&#8221; diye konu\u015ftu.<\/p>\n<p style=\"text-align: justify;\"><strong>Liderlerin g\u00f6r\u00fc\u015fmesi <\/strong><\/p>\n<p style=\"text-align: justify;\">&#8220;\u0130ktidarla ana muhalefet aras\u0131nda g\u00f6r\u00fc\u015fme polemi\u011fi var. Sizin liderlere g\u00f6r\u00fc\u015fme konusunda bir \u00e7a\u011fr\u0131n\u0131z olacak m\u0131? \u00c7ankaya K\u00f6\u015fk\u00fc&#8217;nde bir zirve toplamay\u0131 d\u00fc\u015f\u00fcn\u00fcyor musunuz?&#8221; sorusu \u00fczerine Cumhurba\u015fkan\u0131 Abdullah G\u00fcl, &#8220;Biliyorsunuz ben b\u00fct\u00fcn parti ba\u015fkanlar\u0131yla g\u00f6r\u00fc\u015ft\u00fcm tek tek bu konularla ilgili. Ayr\u0131ca da g\u00fc\u00e7l\u00fc \u00e7a\u011fr\u0131da da bulundum ki b\u00f6yle bir konudan usul meselelerine hi\u00e7 girmeden b\u00fcy\u00fck bir \u00f6zg\u00fcven i\u00e7erisinde bir araya gelmeleri ve konu\u015fmalar\u0131 gerekir diye. Bu ikili olur, toplu olur, nas\u0131l olabiliyorsa&#8230;&#8221; dedi.<\/p>\n<p style=\"text-align: justify;\"><strong>\u0130srail&#8217;in sald\u0131r\u0131s\u0131 <\/strong><\/p>\n<p style=\"text-align: justify;\">Cumhurba\u015fkan\u0131 G\u00fcl, \u0130srail bas\u0131n\u0131nda yer alan &#8220;\u0130srail Cumhurba\u015fkan\u0131 ile g\u00f6r\u00fc\u015fme haz\u0131rl\u0131\u011f\u0131nda oldu\u011fu ancak ger\u00e7ekle\u015fmedi\u011fi&#8217; y\u00f6n\u00fcndeki haberlere ili\u015fkin olarak &#8220;Benim b\u00f6yle bir \u015feyden hi\u00e7 bilgim yok. B\u00f6yle bir \u015fey de \u015fimdiye kadar s\u00f6z konusu olmad\u0131. Planlanm\u0131\u015f herhangi bir \u015fey de yok&#8221; dedi.<\/p>\n<p style=\"text-align: justify;\"><span style=\"color: #888888;\">CNN T\u00dcRK<\/span><\/p>\n","protected":false},"excerpt":{"rendered":"<p style=\"text-align: center;\">\n<p style=\"text-align: justify;\">Genelkurmay Ba\u015fkan\u0131 Orgeneral \u0130lker Ba\u015fbu\u011f&#8217;un &#8220;S\u00f6z\u00fcn bitti\u011fi yerdeyiz&#8221; s\u00f6zlerine, bir de\u011ferlendirme de Cumhurba\u015fkan\u0131 Abdullah G\u00fcl&#8217;den geldi. G\u00fcl, operasyon karar\u0131n\u0131n h\u00fck\u00fcmetin inisiyatifinde oldu\u011funu s\u00f6yledi. Ter\u00f6rle m\u00fccadelede de yeni bir d\u00f6neme girilece\u011finin sinyallerini verdi.<\/p>\n","protected":false},"author":1,"featured_media":0,"comment_status":"open","ping_status":"closed","sticky":false,"template":"","format":"standard","meta":{"footnotes":""},"categories":[105],"tags":[],"class_list":["post-24118","post","type-post","status-publish","format-standard","hentry","category-gundem","odd"],"_links":{"self":[{"href":"http:\/\/www.korhanyilmaz.com\/index.php?rest_route=\/wp\/v2\/posts\/24118","targetHints":{"allow":["GET"]}}],"collection":[{"href":"http:\/\/www.korhanyilmaz.com\/index.php?rest_route=\/wp\/v2\/posts"}],"about":[{"href":"http:\/\/www.korhanyilmaz.com\/index.php?rest_route=\/wp\/v2\/types\/post"}],"author":[{"embeddable":true,"href":"http:\/\/www.korhanyilmaz.com\/index.php?rest_route=\/wp\/v2\/users\/1"}],"replies":[{"embeddable":true,"href":"http:\/\/www.korhanyilmaz.com\/index.php?rest_route=%2Fwp%2Fv2%2Fcomments&post=24118"}],"version-history":[{"count":0,"href":"http:\/\/www.korhanyilmaz.com\/index.php?rest_route=\/wp\/v2\/posts\/24118\/revisions"}],"wp:attachment":[{"href":"http:\/\/www.korhanyilmaz.com\/index.php?rest_route=%2Fwp%2Fv2%2Fmedia&parent=24118"}],"wp:term":[{"taxonomy":"category","embeddable":true,"href":"http:\/\/www.korhanyilmaz.com\/index.php?rest_route=%2Fwp%2Fv2%2Fcategories&post=24118"},{"taxonomy":"post_tag","embeddable":true,"href":"http:\/\/www.korhanyilmaz.com\/index.php?rest_route=%2Fwp%2Fv2%2Ftags&post=24118"}],"curies":[{"name":"wp","href":"https:\/\/api.w.org\/{rel}","templated":true}]}}