{"id":24115,"date":"2010-07-07T20:18:29","date_gmt":"2010-07-07T20:18:29","guid":{"rendered":"http:\/\/www.korhanyilmaz.com\/?p=24115"},"modified":"2010-07-07T20:18:29","modified_gmt":"2010-07-07T20:18:29","slug":"bulent-arinctan-ilker-basbuga-tepki","status":"publish","type":"post","link":"http:\/\/www.korhanyilmaz.com\/?p=24115","title":{"rendered":"B\u00fclent Ar\u0131n\u00e7&#8217;tan \u0130lker Ba\u015fbu\u011f&#8217;a tepki"},"content":{"rendered":"<p><a href=\"http:\/\/www.korhanyilmaz.com\/wp-content\/uploads\/2010\/07\/217.jpg\"  class=\"lightview\"><img loading=\"lazy\" decoding=\"async\" class=\"aligncenter size-full wp-image-24116\" src=\"http:\/\/www.korhanyilmaz.com\/wp-content\/uploads\/2010\/07\/217.jpg\" alt=\"\" width=\"292\" height=\"189\" \/><\/a><\/p>\n<p style=\"text-align: justify;\">Bakanlar Kurulu sonras\u0131 a\u00e7\u0131klama yapan Ba\u015fbakan Yard\u0131mc\u0131s\u0131 B\u00fclent Ar\u0131n\u00e7, Genelkurmay Ba\u015fkan\u0131 \u0130lker Ba\u015fbu\u011f&#8217;un ter\u00f6rle m\u00fccadele konusundaki s\u00f6zlerine tepki g\u00f6sterdi. Ar\u0131n\u00e7 &#8220;ter\u00f6rle m\u00fccadele h\u00fck\u00fcmetin konusudur, h\u00fck\u00fcmetimizin hi\u00e7bir zaafiyeti yoktur&#8221; dedi. Muhalefetle g\u00f6r\u00fc\u015fme konusunda da de\u011finen Ar\u0131n\u00e7, Kemal K\u0131l\u0131\u00e7daro\u011flu&#8217;nun ortak \u00e7\u00f6z\u00fcm \u00fcretmeye yatk\u0131n bir isim oldu\u011funu ve g\u00f6r\u00fc\u015fmeyle ilgili Ba\u015fbakan Erdo\u011fan&#8217;\u0131n birka\u00e7 g\u00fcn i\u00e7inde a\u00e7\u0131klama yapaca\u011f\u0131n\u0131 kaydetti.<!--more--><\/p>\n<p style=\"text-align: justify;\">Devlet Bakan\u0131 ve Ba\u015fbakan Yard\u0131mc\u0131s\u0131 B\u00fclent Ar\u0131n\u00e7, ter\u00f6rle m\u00fccadelenin h\u00fck\u00fcmetin konusu oldu\u011funa i\u015faret ederek, &#8220;G\u00fcvenlik i\u015fin sadece bir boyutudur. Bu boyutun d\u0131\u015f\u0131nda diplomasi boyutu da en az onun kadar \u00f6nemlidir&#8221; dedi.<\/p>\n<p style=\"text-align: justify;\">Ar\u0131n\u00e7, Bakanlar Kurulu toplant\u0131s\u0131na ili\u015fkin a\u00e7\u0131klamalar\u0131n\u0131n ard\u0131ndan gazetecilerin sorular\u0131n\u0131 yan\u0131tlad\u0131.<\/p>\n<p style=\"text-align: justify;\">&#8220;Genelkurmay Ba\u015fkan\u0131&#8217;n\u0131n \u00e7arp\u0131c\u0131 a\u00e7\u0131klamalar\u0131 oldu. Ter\u00f6r konusunda, &#8216;s\u00f6z\u00fcn bitti\u011fi yerdeyiz&#8217; dedi. Bundan sonra neler yap\u0131labilir. Bir operasyon da dahil olmak \u00fczere. &#8230; Bundan sonra at\u0131lacak ad\u0131mlar neler?&#8221; sorusuna Ar\u0131n\u00e7, \u015fu yan\u0131t\u0131 verdi:<\/p>\n<p style=\"text-align: justify;\">&#8220;Bu konuyu, mutlaka g\u00fcndeme getirece\u011finizi d\u00fc\u015f\u00fcnm\u00fc\u015ft\u00fcm. Ama siz de taktir edersiniz ki Genelkurmay Ba\u015fkan\u0131m\u0131z\u0131n bir \u00f6zel televizyon kanal\u0131nda uzunca bir konu\u015fma yapmas\u0131 ve baz\u0131 konulara de\u011finmesi hususu Bakanlar Kurulu g\u00fcndeminde hi\u00e7bir zaman bulunmad\u0131, bu konu \u00fczerinde hi\u00e7bir tart\u0131\u015fma ve g\u00f6r\u00fc\u015fme olmad\u0131. Genelkurmay Ba\u015fkan\u0131m\u0131z\u0131n konu\u015fmas\u0131na atfen soraca\u011f\u0131n\u0131z hususlara herhangi bir cevap vermem m\u00fcmk\u00fcn de\u011fil. Belki \u015fahsen soruldu\u011funda \u015fahs\u0131m\u0131za ait d\u00fc\u015f\u00fcnceleri a\u00e7\u0131klamam\u0131z m\u00fcmk\u00fcn olabilir. \u00dczerimde h\u00fck\u00fcmet s\u00f6zc\u00fcl\u00fc\u011f\u00fc s\u0131fat\u0131m\u0131z var.&#8221;<\/p>\n<p style=\"text-align: justify;\">Bakan Ar\u0131n\u00e7, b\u00f6yle bir konuda de\u011ferlendirmeye girmesi halinde, &#8220;yanl\u0131\u015f bir i\u015f yapm\u0131\u015f olaca\u011f\u0131n\u0131&#8221; belirterek, &#8220;\u00c7\u00fcnk\u00fc h\u00fck\u00fcmetimizin b\u00f6yle bir d\u00fc\u015f\u00fcncesi oldu\u011funu belki s\u00f6ylemi\u015f veya ima etmi\u015f olurum. Kesinlikle, bu konu\u015fma ve bu konu\u015fman\u0131n sonu\u00e7lar\u0131 \u00fczerinde Kurul&#8217;da herhangi bir g\u00f6r\u00fc\u015fme yap\u0131lmad\u0131&#8221; dedi.<\/p>\n<p style=\"text-align: justify;\">Bu konu\u015fma \u00fczerinde bas\u0131nda geni\u015f de\u011ferlendirme yap\u0131ld\u0131\u011f\u0131n\u0131 anlatan Ar\u0131n\u00e7, \u015f\u00f6yle devam etti: &#8220;Ter\u00f6rle m\u00fccadele h\u00fck\u00fcmetin konusudur. G\u00fcvenlik i\u015fin sadece bir boyutudur. Bu boyutun d\u0131\u015f\u0131nda diplomasi boyutu da en az onun kadar \u00f6nemlidir. Bir taraftan da siyasi, ekonomik, toplumsal tedbirlerin al\u0131nmas\u0131 da en az g\u00fcvenlik boyutu kadar \u00f6nemlidir. Meseleye sadece g\u00fcvenlik ve silah boyutundan bakmakla, b\u00fct\u00fcn meseleyi g\u00f6rmek m\u00fcmk\u00fcn de\u011fildir. Dolay\u0131s\u0131yla h\u00fck\u00fcmet, kendi \u00fczerindeki sorumlulu\u011fu, etrafl\u0131ca g\u00f6rerek ve b\u00fct\u00fcn y\u00f6nleriyle dikkate alarak de\u011ferlendirmek ve gere\u011fini yapmak mecburiyetindedir.<\/p>\n<p style=\"text-align: justify;\">Bu konuda h\u00fck\u00fcmetimizin hi\u00e7bir zafiyeti yoktur. B\u00fct\u00fcn g\u00fcc\u00fcyle ve iktidar\u0131yla ter\u00f6rle m\u00fccadele konusundaki azmini her g\u00fcn art\u0131rarak devam ettirmektedir. Say\u0131n Genelkurmay Ba\u015fkan\u0131&#8217;n\u0131n, sadece Silahl\u0131 Kuvvetler boyutuyla veya g\u00fcvenlik boyutuyla yapt\u0131\u011f\u0131 de\u011ferlendirmeler bir y\u00f6n\u00fcyle eksik kalabilir. Bunu \u015funu i\u00e7in s\u00f6yl\u00fcyorum; bug\u00fcn bir gazetede, &#8216;Esad&#8217;\u0131 hat\u0131rla da kendine \u00e7eki d\u00fczen ver&#8217; \u015feklindeki bir ba\u015fl\u0131\u011f\u0131n do\u011frusu ter\u00f6rle m\u00fccadelede \u00e7ok do\u011fru bir tespit olmad\u0131\u011f\u0131na inan\u0131yorum. \u0130\u015fin diplomasi boyutu da fevkalade \u00f6nemlidir. Aradan y\u0131llar ge\u00e7mi\u015ftir. Suriye&#8217;ye s\u00f6ylenen s\u00f6zlerin, Irak&#8217;\u0131n Kuzey&#8217;indeki olu\u015fumla ayn\u0131 benzerli\u011fi g\u00f6stermedi\u011fini T\u00fcrkiye&#8217;de herkes bilmektedir.<\/p>\n<p style=\"text-align: justify;\">Kald\u0131 ki Suriye ile ve hatta \u0130ran ile T\u00fcrkiye ter\u00f6rle m\u00fccadele konusunda iyi bir i\u015fbirli\u011fi i\u00e7indedir. Suriye&#8217;nin son zamanlarda ter\u00f6r \u00f6rg\u00fct\u00fcne y\u00f6nelik operasyonlar\u0131 ve T\u00fcrkiye ile i\u015fbirli\u011fini hi\u00e7bir zaman g\u00f6z ard\u0131 edemeyiz. Ayn\u0131 \u015fekilde \u0130ran&#8217;\u0131n ter\u00f6r \u00f6rg\u00fct\u00fcne kar\u015f\u0131, belki T\u00fcrkiye&#8217;nin g\u00fc\u00e7leriyle de birlikte yapt\u0131\u011f\u0131 \u00e7al\u0131\u015fmalar\u0131 ve i\u015fbirli\u011fini hi\u00e7bir zaman g\u00f6z ard\u0131 edemeyiz. B\u00f6yle ba\u015fl\u0131klar atar ve bunlar\u0131n da TSK taraf\u0131ndan d\u00fc\u015f\u00fcn\u00fcld\u00fc\u011f\u00fc imas\u0131nda bulunursak, Suriye ile ili\u015fkilerimizi zedeleyebilir bir ba\u015fka konuda da T\u00fcrkiye&#8217;yi g\u00fcvenilmez hale getirebilir.<\/p>\n<p style=\"text-align: justify;\">Biz kom\u015fular\u0131m\u0131zla ter\u00f6r \u00f6rg\u00fct\u00fcne kar\u015f\u0131 yap\u0131lacak m\u00fccadele konusunda \u00e7ok iyi bir i\u015fbirli\u011fi i\u00e7indeyiz. Bunu fiiliyata d\u00f6kmek ve somut neticeler almak da h\u00fck\u00fcmetimizin her g\u00fcn takibinde oldu\u011fu konulard\u0131r. Say\u0131n Genelkurmay Ba\u015fkan\u0131&#8217;n\u0131n konu\u015fmas\u0131n\u0131 b\u0131rakal\u0131m T\u00fcrkiye&#8217;de kamuoyunda herkes rahatl\u0131kla de\u011ferlendirebilsin, tart\u0131\u015fabilsin. H\u00fck\u00fcmetimiz bu konuyu g\u00fcndemine almad\u0131, b\u00f6yle bir \u015fey konu\u015fmad\u0131k, gerekirse say\u0131n Ba\u015fbakan\u0131m\u0131z kendileriyle bu konuyu enine boyuna her zaman g\u00f6r\u00fc\u015fme imkan\u0131na sahiptir.&#8221;<\/p>\n<p style=\"text-align: justify;\"><strong>K\u0131l\u0131\u00e7daro\u011flu ile g\u00f6r\u00fc\u015fme <\/strong><\/p>\n<p style=\"text-align: justify;\">TBMM Meclis Ba\u015fkan\u0131 Mehmet Ali \u015eahin&#8217;in, ter\u00f6rle m\u00fccadele konusunda tart\u0131\u015f\u0131lan siyasi parti liderlerinin bir araya gelmesi konusunda, &#8220;siyasi parti liderlerinin evde bulu\u015fmalar\u0131&#8221; \u00f6nerisinin hat\u0131rlat\u0131lmas\u0131 \u00fczerine de Ar\u0131n\u00e7, \u015fu de\u011ferlendirmeyi yapt\u0131:<\/p>\n<p style=\"text-align: justify;\">&#8220;Yani iyice i\u015fin karikat\u00fcrize ediliyor olmas\u0131ndan fevkalade \u00fcz\u00fcl\u00fcr\u00fcm do\u011frusu. Yani herkes \u015furada bulu\u015fsunlar, burada bulu\u015fsunlar&#8217; diye fikir \u00fcretmeye kalkarlarsa bu i\u015fin sonu nereye var\u0131r? Ancak bu da Bakanlar Kurulu toplant\u0131s\u0131nda g\u00f6r\u00fc\u015f\u00fclmedi. Say\u0131n Ba\u015fbakan mutlaka geli\u015fmeleri takip ediyor. Grup toplant\u0131s\u0131nda ve san\u0131yorum bir ba\u015fka toplant\u0131 esnas\u0131nda, &#8216;ben de gidebilirim, onlar\u0131 da davet de edebilirim, ge\u00e7mi\u015fte \u015funlar \u015funlar ya\u015fand\u0131 ama yine de gerekiyorsa b\u00f6yle bir davran\u0131\u015f i\u00e7inde bulunabilirim&#8221; demi\u015fti.<\/p>\n<p style=\"text-align: justify;\">Bu samimi ve T\u00fcrkiye&#8217;nin ger\u00e7eklerine ve politikas\u0131na uygun bir davran\u0131\u015ft\u0131r. Bu konu\u015fmas\u0131n\u0131n arkas\u0131ndan Say\u0131n Bah\u00e7eli kesinlikle g\u00f6r\u00fc\u015fmeyeceklerini, \u00e7\u00fcnk\u00fc inanmad\u0131klar\u0131n\u0131, samimiyetlerine g\u00fcvenmediklerini ifade etti. Say\u0131n K\u0131l\u0131\u00e7daro\u011flu da &#8216;Biz gitmeyelim, o gelsin, bize bilgi versin&#8217; dedi. Di\u011fer partiler konusunda da herhangi bir ses \u00e7\u0131kmad\u0131 bildi\u011fim kadar\u0131yla.<\/p>\n<p style=\"text-align: justify;\">Daha sonra da Say\u0131n Bah\u00e7eli d\u00fcn grup toplant\u0131s\u0131nda bence \u00e7ok yak\u0131\u015f\u0131ks\u0131z, AK Parti&#8217;nin Genel Ba\u015fkan\u0131&#8217;na, Ba\u015fbakan&#8217;a, &#8216;\u015eunlardan \u015funlardan vazge\u00e7ersen veya af dilersen, \u00f6z\u00fcr dilersen belki o zaman d\u00fc\u015f\u00fcnebiliriz&#8217; \u015feklinde asl\u0131nda bir cevap de\u011fil, i\u00e7 politikaya y\u00f6nelik anma tutars\u0131z bir s\u00f6zde bulundu. Do\u011frusu ben Say\u0131n Bah\u00e7eli&#8217;nin bu t\u00fcr konu\u015fmalar\u0131n\u0131, y\u0131llardan beri tan\u0131d\u0131\u011f\u0131m bir siyaset\u00e7i, ve \u00f6zellikle ki\u015filik haklar\u0131na ve insana sayg\u0131s\u0131 itibariyle taktir etti\u011fim bir insan olarak ve k\u00fc\u00e7\u00fclt\u00fcc\u00fc, a\u015fa\u011f\u0131lay\u0131c\u0131 ve kendisini inkar etmeye y\u00f6nlendirebilecek davran\u0131\u015flarda, s\u00f6zlerde bulunmas\u0131n\u0131 hi\u00e7 yak\u0131\u015ft\u0131ramad\u0131m.&#8221;<\/p>\n<p style=\"text-align: justify;\">AK Parti&#8217;nin, bug\u00fcne kadar yapt\u0131\u011f\u0131 t\u00fcm i\u015flerde \u00fclke ger\u00e7eklerine uygun hareket etti\u011fini ve yapt\u0131klar\u0131n\u0131n her birinin T\u00fcrkiye i\u00e7in do\u011fru, yerinde, g\u00fczel kararlar oldu\u011funu bilerek yapt\u0131\u011f\u0131n\u0131 s\u00f6yleyen Ar\u0131n\u00e7, \u015f\u00f6yle devam etti: &#8220;Bunu siyasi sonu\u00e7lar\u0131 ne olacaksa bunlar\u0131 da g\u00f6\u011f\u00fcslemeyi ve gerekirse, parti olarak iktidar olarak da bedel \u00f6demeyi her \u015feyin \u00f6n\u00fcnde tutuyor. &#8216;Her \u015feyden vazge\u00e7, kendini inkar et, gel \u00f6z\u00fcr dile, elimizi \u00f6p, ondan sonra konu\u015fal\u0131m&#8217;&#8230; Bunlar konu\u015fulacak \u015feyler de\u011fildir. Say\u0131n Bah\u00e7eli, bir tutumunda \u0131srar ediyor; g\u00f6r\u00fc\u015fmeyece\u011fim, konu\u015fmayaca\u011f\u0131m&#8230; &#8216;\u00c7\u00fcnk\u00fc onlar vatan topraklar\u0131n\u0131 b\u00f6l\u00fcyor, vatan haini&#8217; demeye kadar insan\u0131n kulaklar\u0131n\u0131 k\u0131zartacak ithamlarla siyaset yapmaya devam ediyorlar. Bu, do\u011fru bir \u015fey de\u011fil. Biz, MHP ile hem demokratik a\u00e7\u0131l\u0131m hem de di\u011fer konularda konu\u015fmay\u0131 talep etmi\u015ftik, ancak kabul etmemi\u015flerdi. Dolay\u0131s\u0131yla Say\u0131n Genel Ba\u015fkan\u0131n, onlara y\u00f6nelik bir davetinin olmas\u0131 da san\u0131yorum ki m\u00fcmk\u00fcn olmayacakt\u0131r.<\/p>\n<p style=\"text-align: justify;\">Ancak Say\u0131n K\u0131l\u0131\u00e7daro\u011flu&#8217;nun durumu \u00f6yle de\u011fil. Say\u0131n Deniz Baykal&#8217;\u0131 ziyaret etmek istemi\u015fti genel ba\u015fkan\u0131m\u0131z. O da hi\u00e7 beklemedi\u011fimiz bir taleple kar\u015f\u0131l\u0131k vermi\u015fti. &#8216;Gel ama bir kamera da konu\u015fmalar\u0131m\u0131z\u0131 tespit etsin&#8217; gibi&#8230; Buna hepimiz hem g\u00fclm\u00fc\u015ft\u00fck hem de \u00e7ok ac\u0131 ni\u00e7in b\u00f6yle yap\u0131l\u0131yor diye hayret etmi\u015ftik. Bu g\u00f6r\u00fc\u015fme o zaman ger\u00e7ekle\u015fmedi. Ancak \u015fimdi Say\u0131n Baykal gittiler, yerine Say\u0131n K\u0131l\u0131\u00e7daro\u011flu genel ba\u015fkan oldular.<\/p>\n<p style=\"text-align: justify;\">Ayn\u0131 \u00fcslubun devam etmedi\u011fini g\u00f6r\u00fcyoruz. Say\u0131n K\u0131l\u0131\u00e7daro\u011flu daha sorumlu bir davran\u0131\u015f i\u00e7inde, bu konularda ortak politikalar geli\u015ftirmek gerekti\u011fini ifade ediyor. Bu do\u011fru bir davran\u0131\u015ft\u0131r. Bu g\u00f6r\u00fc\u015fme, onlar\u0131n Genel Ba\u015fkan\u0131m\u0131z\u0131n Ba\u015fbakan s\u0131fat\u0131yla yapaca\u011f\u0131 davete icabetiyle mi olur yoksa bizzat Say\u0131n Ba\u015fbakan\u0131m\u0131z CHP&#8217;yi ziyaret ederek d\u00fc\u015f\u00fcncelerini fikirlerini mi aktar\u0131r, buras\u0131 \u00e7ok \u00f6nemli de\u011fil. Bu g\u00f6r\u00fc\u015fme yap\u0131lmal\u0131d\u0131r. Bu g\u00f6r\u00fc\u015fmenin nerede yap\u0131lacak olmas\u0131 da elbette Say\u0131n Ba\u015fbakan\u0131m\u0131z bir talep ile kendilerine iletecektir.<\/p>\n<p style=\"text-align: justify;\">\u0130nan\u0131yorum ki CHP ile kurumsal bazda bir g\u00f6r\u00fc\u015fme \u00f6n\u00fcm\u00fczdeki g\u00fcnler i\u00e7inde olabilir. Say\u0131n Ba\u015fbakan bu niyetini, bu d\u00fc\u015f\u00fcncesini birka\u00e7 g\u00fcn i\u00e7inde a\u00e7\u0131klayacakt\u0131r diye \u00fcmit ediyorum. &#8216;Evde bulu\u015fsunlar&#8217; filan&#8230; O say\u0131n Meclis Ba\u015fkan\u0131n\u0131n, ge\u00e7mi\u015fte de konu\u015fulmu\u015ftu&#8230; Yani T\u00fcrkiye&#8217;yi y\u00f6netme noktas\u0131nda olan insanlar, ni\u00e7in as\u0131k suratla so\u011fuk birbirlerine bakarlar da ni\u00e7in bir \u00e7ay i\u00e7imi, e\u015fleriyle birlikte bir ziyaret yapmazlar diye&#8230; Bu Say\u0131n Sezer&#8217;in cumhurba\u015fkanl\u0131\u011f\u0131 zaman\u0131nda bize de \u00e7ok s\u00f6ylenmi\u015fti.<\/p>\n<p style=\"text-align: justify;\">Bunun i\u00e7in birilerinin ve \u00f6zellikle \u00fcst noktada olan birilerinin davette bulunmas\u0131 do\u011fru olur. O zaman m\u00fcmk\u00fcn olmam\u0131\u015ft\u0131. Belki bu zaman, ev ziyaretleri, \u00e7ay, kahve i\u00e7imleri, yemek yemekler, hatta siyaset d\u0131\u015f\u0131nda \u00e7ok daha g\u00fczel konu\u015fmalar yap\u0131lmas\u0131 T\u00fcrkiye a\u00e7\u0131s\u0131ndan faydal\u0131 olabilir. Ama \u00f6nce \u015fu g\u00f6r\u00fc\u015fmeler yap\u0131lacaksa bir onlar\u0131 yapal\u0131m, ondan sonra ev veya bah\u00e7e ziyaretlerine de s\u0131ra gelir san\u0131yorum.&#8221;<\/p>\n<p style=\"text-align: justify;\"><span style=\"color: #888888;\">CNN T\u00dcRK<\/span><\/p>\n","protected":false},"excerpt":{"rendered":"<\/p>\n<p style=\"text-align: justify;\">Bakanlar Kurulu sonras\u0131 a\u00e7\u0131klama yapan Ba\u015fbakan Yard\u0131mc\u0131s\u0131 B\u00fclent Ar\u0131n\u00e7, Genelkurmay Ba\u015fkan\u0131 \u0130lker Ba\u015fbu\u011f&#8217;un ter\u00f6rle m\u00fccadele konusundaki s\u00f6zlerine tepki g\u00f6sterdi. Ar\u0131n\u00e7 &#8220;ter\u00f6rle m\u00fccadele h\u00fck\u00fcmetin konusudur, h\u00fck\u00fcmetimizin hi\u00e7bir zaafiyeti yoktur&#8221; dedi. Muhalefetle g\u00f6r\u00fc\u015fme konusunda da de\u011finen Ar\u0131n\u00e7, Kemal K\u0131l\u0131\u00e7daro\u011flu&#8217;nun ortak \u00e7\u00f6z\u00fcm \u00fcretmeye yatk\u0131n bir isim oldu\u011funu ve g\u00f6r\u00fc\u015fmeyle ilgili Ba\u015fbakan Erdo\u011fan&#8217;\u0131n birka\u00e7 g\u00fcn i\u00e7inde <\/p>\n","protected":false},"author":1,"featured_media":0,"comment_status":"open","ping_status":"closed","sticky":false,"template":"","format":"standard","meta":{"footnotes":""},"categories":[105],"tags":[],"class_list":["post-24115","post","type-post","status-publish","format-standard","hentry","category-gundem","odd"],"_links":{"self":[{"href":"http:\/\/www.korhanyilmaz.com\/index.php?rest_route=\/wp\/v2\/posts\/24115","targetHints":{"allow":["GET"]}}],"collection":[{"href":"http:\/\/www.korhanyilmaz.com\/index.php?rest_route=\/wp\/v2\/posts"}],"about":[{"href":"http:\/\/www.korhanyilmaz.com\/index.php?rest_route=\/wp\/v2\/types\/post"}],"author":[{"embeddable":true,"href":"http:\/\/www.korhanyilmaz.com\/index.php?rest_route=\/wp\/v2\/users\/1"}],"replies":[{"embeddable":true,"href":"http:\/\/www.korhanyilmaz.com\/index.php?rest_route=%2Fwp%2Fv2%2Fcomments&post=24115"}],"version-history":[{"count":0,"href":"http:\/\/www.korhanyilmaz.com\/index.php?rest_route=\/wp\/v2\/posts\/24115\/revisions"}],"wp:attachment":[{"href":"http:\/\/www.korhanyilmaz.com\/index.php?rest_route=%2Fwp%2Fv2%2Fmedia&parent=24115"}],"wp:term":[{"taxonomy":"category","embeddable":true,"href":"http:\/\/www.korhanyilmaz.com\/index.php?rest_route=%2Fwp%2Fv2%2Fcategories&post=24115"},{"taxonomy":"post_tag","embeddable":true,"href":"http:\/\/www.korhanyilmaz.com\/index.php?rest_route=%2Fwp%2Fv2%2Ftags&post=24115"}],"curies":[{"name":"wp","href":"https:\/\/api.w.org\/{rel}","templated":true}]}}