{"id":24111,"date":"2010-07-07T21:32:23","date_gmt":"2010-07-07T21:32:23","guid":{"rendered":"http:\/\/www.korhanyilmaz.com\/?p=24111"},"modified":"2010-07-07T21:32:23","modified_gmt":"2010-07-07T21:32:23","slug":"anayasa-mahkemesi-kararina-ak-parti-tepkili","status":"publish","type":"post","link":"http:\/\/www.korhanyilmaz.com\/?p=24111","title":{"rendered":"Anayasa Mahkemesi karar\u0131na AK Parti tepkili"},"content":{"rendered":"<p style=\"text-align: center;\"><a href=\"http:\/\/www.korhanyilmaz.com\/wp-content\/uploads\/2010\/07\/216.jpg\"  class=\"lightview\"><img loading=\"lazy\" decoding=\"async\" class=\"aligncenter size-full wp-image-24112\" src=\"http:\/\/www.korhanyilmaz.com\/wp-content\/uploads\/2010\/07\/216.jpg\" alt=\"\" width=\"307\" height=\"236\" \/><\/a><\/p>\n<p style=\"text-align: justify;\">AK Parti Grup Ba\u015fkanvekili Suat K\u0131l\u0131\u00e7, Anayasa Mahkemesi&#8217;nin, Anayasa de\u011fi\u015fikli\u011fiyle ilgili karar\u0131na ili\u015fkin, &#8220;Mahkemenin ba\u015fvuruyu kabul\u00fc ve esasa ili\u015fkin inceleme yapmas\u0131n\u0131 Anayasa&#8217;n\u0131n, Anayasa de\u011fi\u015fikliklerine ili\u015fkin h\u00fck\u00fcmleri bak\u0131m\u0131ndan ayk\u0131r\u0131l\u0131k olarak g\u00f6r\u00fcyorum&#8221; dedi. <!--more--><\/p>\n<p style=\"text-align: justify;\">K\u0131l\u0131\u00e7, TBMM&#8217;de, Anayasa Mahkemesi&#8217;nin karar\u0131n\u0131 gazetecilere de\u011ferlendirdi.<\/p>\n<p style=\"text-align: justify;\">Anayasa Mahkemesine yap\u0131lan ba\u015fvurunun, Anayasa&#8217;n\u0131n bilinen h\u00fck\u00fcmlerine ayk\u0131r\u0131 oldu\u011funu ve bu paketi referandum \u00f6ncesinde denetleyemeyece\u011fini s\u00f6ylediklerini ifade eden K\u0131l\u0131\u00e7, \u015f\u00f6yle konu\u015ftu: &#8220;Buna ra\u011fmen Anayasa Mahkemesi bu paketi de\u011ferlendirmeye ald\u0131. Denetimini \u015fekille tutmad\u0131, esas\u0131na girdi. Oysa Anayasam\u0131zda, Anayasa Mahkemesinin TBMM&#8217;de yap\u0131lan Anayasa de\u011fi\u015fiklikleri \u00fczerinde sadece \u015fekil denetimi yapabilece\u011fi h\u00fckm\u00fc var. Buna ra\u011fmen y\u00fcksek mahkeme \u015fekil denetimi h\u00fckm\u00fcn\u00fc a\u015f\u0131p esasa girerek paketi de\u011ferlendirmi\u015ftir. Ortada, milletin oyuna sunularak kabul edilmi\u015f bir Anayasa de\u011fi\u015fikli\u011fi yoktur. Dolay\u0131s\u0131yla bu Anayasa de\u011fi\u015fikli\u011fi ile alakal\u0131 ba\u015fvuru, ba\u015fvurunun kabul\u00fc Anayasa&#8217;ya ayk\u0131r\u0131d\u0131r. \u015eekil denetiminin \u00f6tesine ge\u00e7ilmek suretiyle esasa ili\u015fkin de\u011ferlendirme yap\u0131lm\u0131\u015f olmas\u0131 Anayasa&#8217;ya ayk\u0131r\u0131d\u0131r.&#8221;<\/p>\n<p style=\"text-align: justify;\"><strong>Suat K\u0131l\u0131\u00e7<\/strong>, Y\u00fcksek Mahkemenin, bu kararla &#8220;TBMM&#8217;nin millet ad\u0131na Anayasa yapma yetkisine a\u00e7\u0131k bir m\u00fcdahalede bulundu\u011fu&#8221; g\u00f6r\u00fc\u015f\u00fcn\u00fc savunarak, \u015funlar\u0131 s\u00f6yledi: &#8220;Oysa Anayasa yapma yetkisi ya asli kurucu iktidar s\u0131fat\u0131yla T\u00fcrk milletine aittir ya da millet ad\u0131na bu yetkiyi, tali kurucu iktidar s\u0131fat\u0131yla TBMM Genel Kurulu kullan\u0131r. Verilmi\u015f olan karar\u0131n, her y\u00f6n\u00fcyle T\u00fcrk demokrasisine hay\u0131rl\u0131 olmas\u0131n\u0131 dilemekle birlikte, mahkemenin ba\u015fvuruyu kabul\u00fc ve esasa ili\u015fkin inceleme yapmas\u0131n\u0131 Anayasa&#8217;n\u0131n, Anayasa de\u011fi\u015fikliklerine ili\u015fkin h\u00fck\u00fcmleri bak\u0131m\u0131ndan ayk\u0131r\u0131l\u0131k olarak g\u00f6r\u00fcyorum.&#8221;<\/p>\n<p style=\"text-align: justify;\">&#8220;Referandum s\u00fcreci zarar g\u00f6r\u00fcr m\u00fc?&#8221; sorusuna K\u0131l\u0131\u00e7, &#8220;Bundan sonras\u0131 YSK&#8217;n\u0131n karar\u0131na ba\u011fl\u0131 olur&#8221; yan\u0131t\u0131n\u0131 verdi.<\/p>\n<p style=\"text-align: justify;\">K\u0131l\u0131\u00e7, ba\u015fka bir soru \u00fczerine, erken se\u00e7imin kesinlikle s\u00f6zkonusu olmad\u0131\u011f\u0131n\u0131 s\u00f6yledi. Suat K\u0131l\u0131\u00e7, &#8220;T\u00fcrkiye havadan nem kapan bir \u00fclke de\u011fil art\u0131k. Se\u00e7imler, 2011 y\u0131l\u0131n\u0131n temmuz ay\u0131nda yap\u0131lacak, biz bunu a\u00e7\u0131klad\u0131k. Anayasa Mahkemesinin bu karar\u0131, siyasal iktidar\u0131n se\u00e7im tarihine bak\u0131\u015f\u0131n\u0131 hi\u00e7bir \u015fekilde etkilemeyecektir&#8221; diye konu\u015ftu.<\/p>\n<p style=\"text-align: justify;\"><strong>AK Parti Genel Ba\u015fkan Yard\u0131mc\u0131s\u0131 H\u00fcseyin \u00c7elik<\/strong>, Anayasa Mahkemesi&#8217;nin Anayasa De\u011fi\u015fikli\u011fine ili\u015fkin ald\u0131\u011f\u0131 karar\u0131 de\u011ferlendirirken, &#8220;Anayasa Mahkemesi, T\u00fcrkiye&#8217;de ikinci kez maalesef yetkisini a\u015fm\u0131\u015ft\u0131r. Anayasa ve yasalardan almad\u0131\u011f\u0131 bir yetki kullanm\u0131\u015ft\u0131r&#8221; dedi.<\/p>\n<p style=\"text-align: justify;\"><strong>Devlet Bakan\u0131 Hayati Yaz\u0131c\u0131:<\/strong> &#8220;Anayasa Mahkemesi, Anayasa&#8217;n\u0131n kendisine \u00e7izdi\u011fi g\u00f6rev ve yetki alan\u0131n\u0131n d\u0131\u015f\u0131na \u00e7\u0131karak bu karar\u0131 vermi\u015ftir.&#8221;<\/p>\n<p style=\"text-align: justify;\"><strong>Adalet Bakan\u0131 Sadullah Ergin:<\/strong> &#8220;Anayasa Mahkemesi i\u015fin esas\u0131na girmek suretiyle bir yanl\u0131\u015f yapm\u0131\u015ft\u0131r.&#8221;<\/p>\n<p style=\"text-align: justify;\"><span style=\"color: #888888;\">CNN T\u00dcRK<\/span><\/p>\n","protected":false},"excerpt":{"rendered":"<p style=\"text-align: center;\">\n<p style=\"text-align: justify;\">AK Parti Grup Ba\u015fkanvekili Suat K\u0131l\u0131\u00e7, Anayasa Mahkemesi&#8217;nin, Anayasa de\u011fi\u015fikli\u011fiyle ilgili karar\u0131na ili\u015fkin, &#8220;Mahkemenin ba\u015fvuruyu kabul\u00fc ve esasa ili\u015fkin inceleme yapmas\u0131n\u0131 Anayasa&#8217;n\u0131n, Anayasa de\u011fi\u015fikliklerine ili\u015fkin h\u00fck\u00fcmleri bak\u0131m\u0131ndan ayk\u0131r\u0131l\u0131k olarak g\u00f6r\u00fcyorum&#8221; dedi. <\/p>\n","protected":false},"author":1,"featured_media":0,"comment_status":"open","ping_status":"closed","sticky":false,"template":"","format":"standard","meta":{"footnotes":""},"categories":[105],"tags":[],"class_list":["post-24111","post","type-post","status-publish","format-standard","hentry","category-gundem","odd"],"_links":{"self":[{"href":"http:\/\/www.korhanyilmaz.com\/index.php?rest_route=\/wp\/v2\/posts\/24111","targetHints":{"allow":["GET"]}}],"collection":[{"href":"http:\/\/www.korhanyilmaz.com\/index.php?rest_route=\/wp\/v2\/posts"}],"about":[{"href":"http:\/\/www.korhanyilmaz.com\/index.php?rest_route=\/wp\/v2\/types\/post"}],"author":[{"embeddable":true,"href":"http:\/\/www.korhanyilmaz.com\/index.php?rest_route=\/wp\/v2\/users\/1"}],"replies":[{"embeddable":true,"href":"http:\/\/www.korhanyilmaz.com\/index.php?rest_route=%2Fwp%2Fv2%2Fcomments&post=24111"}],"version-history":[{"count":0,"href":"http:\/\/www.korhanyilmaz.com\/index.php?rest_route=\/wp\/v2\/posts\/24111\/revisions"}],"wp:attachment":[{"href":"http:\/\/www.korhanyilmaz.com\/index.php?rest_route=%2Fwp%2Fv2%2Fmedia&parent=24111"}],"wp:term":[{"taxonomy":"category","embeddable":true,"href":"http:\/\/www.korhanyilmaz.com\/index.php?rest_route=%2Fwp%2Fv2%2Fcategories&post=24111"},{"taxonomy":"post_tag","embeddable":true,"href":"http:\/\/www.korhanyilmaz.com\/index.php?rest_route=%2Fwp%2Fv2%2Ftags&post=24111"}],"curies":[{"name":"wp","href":"https:\/\/api.w.org\/{rel}","templated":true}]}}