{"id":24102,"date":"2010-07-05T08:21:15","date_gmt":"2010-07-05T08:21:15","guid":{"rendered":"http:\/\/www.korhanyilmaz.com\/?p=24102"},"modified":"2010-07-05T08:21:15","modified_gmt":"2010-07-05T08:21:15","slug":"aman-dikkat-halkin-sabri-tasmak-uzere","status":"publish","type":"post","link":"http:\/\/www.korhanyilmaz.com\/?p=24102","title":{"rendered":"Aman dikkat halk\u0131n sabr\u0131 ta\u015fmak \u00fczere"},"content":{"rendered":"<div id=\"attachment_24103\" style=\"width: 102px\" class=\"wp-caption alignleft\"><img loading=\"lazy\" decoding=\"async\" aria-describedby=\"caption-attachment-24103\" class=\"size-full wp-image-24103\" style=\"margin-left: 10px; margin-right: 10px;\" title=\"Can Atakl\u0131 - Vatan Gazetesi\" src=\"http:\/\/www.korhanyilmaz.com\/wp-content\/uploads\/2010\/07\/can.jpg\" alt=\"\" width=\"92\" height=\"92\" \/><p id=\"caption-attachment-24103\" class=\"wp-caption-text\">Can Atakl\u0131<\/p><\/div>\n<p style=\"text-align: justify;\">Sevgili okurlar; baz\u0131 anlar vard\u0131r, zihninizde olu\u015fan bir konuyu yaz\u0131p yazmamakta, okurla payla\u015f\u0131p payla\u015fmamakta zorlan\u0131rs\u0131n\u0131z. \u00c7\u00fcnk\u00fc bu \u00f6yle bir konudur ki yanl\u0131\u015f anla\u015f\u0131lmas\u0131 ya da istismar edilmesi halinde ya\u015fanacaklar sizi \u00fczebilir. Ancak bir an gelir, ger\u00e7eklerden ka\u00e7amayaca\u011f\u0131n\u0131z\u0131 g\u00f6r\u00fcrs\u00fcn\u00fcz. \u0130\u015fte bug\u00fcnk\u00fc sohbetim b\u00f6yle bir \u015fey. <!--more--><\/p>\n<p style=\"text-align: justify;\"><strong>A\u00e7\u0131l\u0131m harek\u00e2t\u0131 <\/strong><\/p>\n<p style=\"text-align: justify;\">Aylard\u0131r bir K\u00fcrt a\u00e7\u0131l\u0131m\u0131n\u0131 tart\u0131\u015f\u0131yoruz. \u0130ktidar tamamen G\u00fcneydo\u011fu b\u00f6lgesinin oylar\u0131n\u0131 toplamaya y\u00f6nelik bir giri\u015fimi \u201ca\u00e7\u0131l\u0131m\u201d ad\u0131 alt\u0131nda pazarlamaya \u00e7al\u0131\u015ft\u0131. Olmad\u0131, \u201cdemokratikle\u015fme\u201d dedi. O da olmad\u0131 bu kez slogan \u201cbirlik ve karde\u015flik hareketi\u201d haline geldi. Ama ad\u0131 ne olursa olsun iktidar\u0131n g\u00fcc\u00fc i\u00e7ini doldurmaya yetmeyince hepsi fos \u00e7\u0131kt\u0131.<\/p>\n<p style=\"text-align: justify;\"><strong>A\u00e7\u0131l\u0131mdan \u00f6nce <\/strong><\/p>\n<p style=\"text-align: justify;\">\u015eimdi \u00f6nce \u201ca\u00e7\u0131l\u0131mdan\u201d \u00f6nceki manzaraya bir bakal\u0131m. T\u00fcrkler ve K\u00fcrtler ya da kim kendisini hangi kimlikte g\u00f6r\u00fcyorsa, hepsi aralar\u0131nda hi\u00e7bir sorun olmadan birlikte ya\u015fam\u0131\u015flar ve ya\u015famaya da devam ediyorlar. Bu bar\u0131\u015f\u0131 bozmaya y\u00f6nelik tek olumsuzluk PKK ter\u00f6ristlerinin ac\u0131madan ve K\u00fcrt-T\u00fcrk demeden \u00e7oluk \u00e7ocuk ay\u0131rmadan insanlar\u0131 \u00f6ld\u00fcrmesi.<\/p>\n<p style=\"text-align: justify;\"><strong>Buna ra\u011fmen s\u00fck\u00fbnet <\/strong><\/p>\n<p style=\"text-align: justify;\">26 y\u0131lda neredeyse 40 bin can alan ter\u00f6re ra\u011fmen T\u00fcrkler ve K\u00fcrtler aras\u0131nda yine bir husumet, bir d\u00fc\u015fmanl\u0131k do\u011fmam\u0131\u015f. \u00c7\u00fcnk\u00fc t\u00fcm T\u00fcrkiye ter\u00f6r ve ter\u00f6ristle, halklar\u0131 ay\u0131rmay\u0131 becermi\u015f. Bunca tahrike, bunca kana ra\u011fmen halklar aras\u0131nda bir \u00e7at\u0131\u015fma \u00e7\u0131kmam\u0131\u015f. Camilerden kalkan cenazelerde tek \u00e7at\u0131\u015fma \u00e7\u0131kmad\u0131\u011f\u0131 gibi sata\u015fma bile olmam\u0131\u015f.<\/p>\n<p style=\"text-align: justify;\"><strong>K\u00fcrtlere \u00f6zel ilgi <\/strong><\/p>\n<p style=\"text-align: justify;\">Ter\u00f6r\u00fcn ac\u0131mas\u0131zl\u0131\u011f\u0131na ra\u011fmen ge\u00e7en s\u00fcrede T\u00fcrkiye\u2019de ya\u015fayan herkes ter\u00f6r\u00fc bir kenara b\u0131rakarak \u00f6zellikle G\u00fcneydo\u011fu\u2019da ya\u015fayanlar\u0131n s\u0131k\u0131nt\u0131lar\u0131na, kendi s\u0131k\u0131nt\u0131lar\u0131n\u0131 bir kenara b\u0131rakarak ortak olmaya \u00e7al\u0131\u015fm\u0131\u015f. Kendisini K\u00fcrt olarak tan\u0131mlayanlar\u0131n kendi dillerini konu\u015famamalar\u0131na, k\u00fclt\u00fcrlerini ya\u015fayamamalar\u0131na tepki g\u00f6stermeye ba\u015flam\u0131\u015f.<\/p>\n<p style=\"text-align: justify;\"><strong>Pek \u00e7ok ad\u0131m at\u0131ld\u0131 <\/strong><\/p>\n<p style=\"text-align: justify;\">T\u00fcrkiye\u2019nin G\u00fcneydo\u011fu\u2019da ya\u015fayan halka g\u00f6sterdi\u011fi bu yak\u0131nl\u0131k sayesinde, hi\u00e7bir anlam\u0131 olmayan K\u00fcrt\u00e7e yasa\u011f\u0131 kald\u0131r\u0131ld\u0131, k\u00fclt\u00fcrel haklar\u0131n kullan\u0131lmas\u0131, gelenek ve g\u00f6reneklerin ya\u015fat\u0131lmas\u0131 kolayla\u015ft\u0131r\u0131ld\u0131. Hatta sadece b\u00f6lge halk\u0131na hitap eden K\u00fcrt\u00e7e televizyon kanal\u0131 bile hizmete girdi.<\/p>\n<p style=\"text-align: justify;\"><strong>Derken a\u00e7\u0131l\u0131m geldi <\/strong><\/p>\n<p style=\"text-align: justify;\">\u0130\u015fte b\u00f6yle bir iklimde her \u015fey ad\u0131m ad\u0131m iyiye do\u011fru giderken iktidar bir anda \u201cK\u00fcrt a\u00e7\u0131l\u0131m\u0131 yapaca\u011f\u0131m\u201d diye ortaya \u00e7\u0131kt\u0131. Ama\u00e7 b\u00f6lge halk\u0131n\u0131n daha iyi ya\u015famas\u0131n\u0131, demokratik yap\u0131dan daha fazla yararlanmas\u0131yd\u0131. A\u00e7\u0131l\u0131m s\u00f6z\u00fc kula\u011fa iyi geliyordu da, yap\u0131lmak istenen neydi? \u0130ktidar bunu hi\u00e7 s\u00f6ylemeden kap\u0131 kap\u0131 dola\u015farak \u201cfikir\u201d toplamaya soyundu.<\/p>\n<p style=\"text-align: justify;\"><strong>Yo\u011fun destek geldi <\/strong><\/p>\n<p style=\"text-align: justify;\">A\u00e7\u0131l\u0131m hamlesiyle birlikte toplumda da bir dalgalanma oldu. Ger\u00e7i a\u00e7\u0131l\u0131m\u0131n ne oldu\u011fu bilinmiyordu ama kamuoyu \u00f6zellikle akan kan\u0131n duraca\u011f\u0131na inanarak iktidara yo\u011fun destek verdi. Ne zamana kadar? Ta ki \u00fcniformal\u0131 baz\u0131 PKK\u2019l\u0131 ter\u00f6ristlerin Habur S\u0131n\u0131r Kap\u0131s\u0131\u2019nda kar\u015f\u0131lanmalar\u0131na kadar. O g\u00f6r\u00fcnt\u00fcler K\u00fcrtler d\u0131\u015f\u0131ndaki herkesi \u015fa\u015fk\u0131nl\u0131\u011fa d\u00fc\u015f\u00fcrd\u00fc.<\/p>\n<p style=\"text-align: justify;\"><strong>Hepsi mi ter\u00f6rist <\/strong><\/p>\n<p style=\"text-align: justify;\">Ya\u015fanan \u015fokun \u00f6zeti \u015fuydu: O g\u00fcne kadar herkes ter\u00f6ristle normal K\u00fcrt halk\u0131n\u0131 ay\u0131rmay\u0131 ba\u015farm\u0131\u015ft\u0131. Ama bu g\u00f6r\u00fcnt\u00fcler zihinlerde bir anda \u201cBiz sadece PKK\u2019l\u0131lar\u0131 ter\u00f6rist san\u0131yorduk. Peki kar\u015f\u0131lamac\u0131 bu on binlerce ki\u015fi de neyin nesi? Yoksa yan\u0131ld\u0131k m\u0131? K\u00fcrtlerin \u00e7o\u011fu ter\u00f6rist ya da ter\u00f6rist yanda\u015f\u0131 m\u0131?\u201d sorular\u0131 uyand\u0131.<\/p>\n<p style=\"text-align: justify;\"><strong>Geldi\u011fimiz nokta <\/strong><\/p>\n<p style=\"text-align: justify;\">S\u00f6z\u00fc \u00e7ok uzatmadan g\u00fcn\u00fcm\u00fcze gelmek istiyorum. Habur\u2019dan bu yana ya\u015fananlar art\u0131k halk\u0131n sabr\u0131n\u0131 ta\u015f\u0131rmak \u00fczere. K\u00fcrtler ve kendisini K\u00fcrtlere adayan s\u00f6zde ayd\u0131nlar taraf\u0131ndan adeta i\u015fgal edilmi\u015f televizyon erkanlar\u0131ndan her gece yap\u0131lan K\u00fcrt propagandalar\u0131, T\u00fcrkl\u00fc\u011fe hakaret yar\u0131\u015flar\u0131 s\u0131radan insanlar\u0131n bile \u00f6fkesini en tepeye \u00e7\u0131kar\u0131yor.<\/p>\n<p style=\"text-align: justify;\"><strong>Husumet art\u0131yor <\/strong><\/p>\n<p style=\"text-align: justify;\">\u00c7ok uzun y\u0131llard\u0131r gazetecilik yap\u0131yorum. Bu nedenle \u00e7e\u015fitli d\u00f6nemlerde halk\u0131n nabz\u0131n\u0131n nas\u0131l att\u0131\u011f\u0131n\u0131 g\u00f6rmek ve de\u011ferlendirmek konusunda uzman olmasam bile \u00e7ok deneyim sahibi oldum. A\u00e7\u0131l\u0131m \u00f6ncesi nas\u0131l halklar aras\u0131nda bir husumet olmad\u0131\u011f\u0131n\u0131 g\u00f6rebiliyorsam, bug\u00fcn bunun tam tersine do\u011fru \u00e7ok h\u0131zl\u0131 bir ko\u015fu oldu\u011funu fark edebiliyorum.<\/p>\n<p style=\"text-align: justify;\"><strong>Mesajlarda patlama <\/strong><\/p>\n<p style=\"text-align: justify;\">\u015eimdi \u00fczerinde fazla yorum yapmadan bir foto\u011fraf sunmak istiyorum sizlere. Son bir ayd\u0131r okurlardan gelen ve hepsi sorularla dolu olan mesajlarda bir patlama oldu. Bir y\u0131l \u00f6nce hi\u00e7 sorulmayan sorular, yorumlar, de\u011ferlendirmeler beni \u00e7ok \u015fa\u015f\u0131rt\u0131yor. Sokakta g\u00f6r\u00fcp \u00e7evirenler eskiden \u201cNe yapaca\u011f\u0131z\u201d diye sorarlard\u0131. \u015eimdi bu sorular da de\u011fi\u015fti.<\/p>\n<p style=\"text-align: justify;\"><strong>Halk\u0131n anlamad\u0131\u011f\u0131 <\/strong><\/p>\n<p style=\"text-align: justify;\">A\u00e7\u0131l\u0131m, demokratikle\u015fme bir yana halk\u0131n anlamad\u0131\u011f\u0131 \u015fu: K\u00fcrtler ne istiyor? Ard\u0131ndan de\u011ferlendirmeler geliyor. Diyarbak\u0131r\u2019da ya\u015fayan bir K\u00fcrt\u2019le Manisa k\u00f6yl\u00fcs\u00fcn\u00fcn fark\u0131 ne, K\u00fcrtler diledikleri yere gitmiyor mu, diledikleri i\u015fe girmiyor mu, okuyam\u0131yor mu, milletvekili, bakan olam\u0131yor mu, yurt d\u0131\u015f\u0131na \u00e7\u0131kam\u0131yor mu? Benzer bir\u00e7ok soru&#8230;<\/p>\n<p style=\"text-align: justify;\"><strong>K\u00fcrt\u00e7\u00fcl\u00fck olarak alg\u0131lan\u0131yor <\/strong><\/p>\n<p style=\"text-align: justify;\">Vatanda\u015f \u00f6zellikle televizyonlarda ter\u00f6r \u00f6rg\u00fct\u00fcn\u00fcn muhatap al\u0131nmas\u0131 isteklerini, anayasa de\u011fi\u015fikli\u011fi \u00f6nerilerini ama \u00f6zellikle K\u00fcrt olmad\u0131klar\u0131 halde K\u00fcrtlerden bile daha fazla K\u00fcrt savunusu yapanlar\u0131 anlamakta zorluk \u00e7ekiyor. B\u00f6ylelikle giderek K\u00fcrt sorunu hakk\u0131nda yap\u0131lan her konu\u015fma \u201cT\u00fcrkiye\u2019yi b\u00f6lmek, \u0131rk\u00e7\u0131l\u0131k yapmak, K\u00fcrt\u00e7\u00fcl\u00fck\u201d olarak alg\u0131lan\u0131yor.<\/p>\n<p style=\"text-align: justify;\"><strong>Haks\u0131z de\u011filler <\/strong><\/p>\n<p style=\"text-align: justify;\">Tabii bunlar\u0131 s\u00f6yleyince K\u00fcrtlerden ve kendisini K\u00fcrt sorununa adayanlardan itirazlar y\u00fckseliyor ve \u201cEgemen T\u00fcrkler kendilerini \u00fcst\u00fcn g\u00f6rerek K\u00fcrt halk\u0131n\u0131 a\u015fa\u011f\u0131l\u0131yor. Sorun bu de\u011fil, \u00e7ok daha derin\u201d diyorlar. Ancak benim sundu\u011fum foto\u011fraf sade vatanda\u015f\u0131n duygu d\u00fcnyas\u0131nda ya\u015fad\u0131klar\u0131. Bu ger\u00e7e\u011fi g\u00f6rmezden gelmek b\u00fcy\u00fck aymazl\u0131k olur.<\/p>\n<p style=\"text-align: justify;\"><strong>Her g\u00fcn ayr\u0131 hakaret <\/strong><\/p>\n<p style=\"text-align: justify;\">Ter\u00f6ristlerin gemi az\u0131ya almalar\u0131, hemen her g\u00fcn bir veya daha fazla \u015fehit haberinin gelmesi, askerin nedense basiretsiz davranmas\u0131 halk\u0131 bir yandan umutsuzlu\u011fa sevk ederken \u00f6fkeyi de kabart\u0131yor. K\u00fcrt temsilcilerinin ak\u0131l almaz tehditleri, \u201cKentleri zindan ederiz, avucunuzu yalars\u0131n\u0131z, \u00f6n\u00fcm\u00fczde diz \u00e7\u00f6kt\u00fcrece\u011fiz\u201d t\u00fcr\u00fc s\u00f6zleri ise sab\u0131rlar\u0131 ta\u015f\u0131r\u0131yor.<\/p>\n<p style=\"text-align: justify;\"><strong>Ak\u0131l almaz \u00f6neriler <\/strong><\/p>\n<p style=\"text-align: justify;\">Son g\u00fcnlerde o kadar sa\u00e7ma \u00f6neriler geliyor ki \u015fa\u015fk\u0131nl\u0131ktan ne yapaca\u011f\u0131m\u0131 bilemiyorum. T\u00fcrkiye\u2019deki b\u00fct\u00fcn K\u00fcrtleri G\u00fcneydo\u011fu\u2019ya g\u00f6ndermek isteyenler; K\u00fcrtlere ev, arsa ve i\u015f verilmemesini \u00f6nerenler; BDP milletvekillerinin parlamentodan at\u0131lmas\u0131 gerekti\u011fini s\u00f6yleyenler&#8230; Hatta \u201cVerelim birka\u00e7 il, kursunlar devletlerini, biz de rahat edelim\u201d diyen bile var.<\/p>\n<p style=\"text-align: justify;\"><strong>Ciddiye almak gerek <\/strong><\/p>\n<p style=\"text-align: justify;\">Televizyonlar\u0131n verdi\u011fi olanaklarla rahat konu\u015fma ortam\u0131 bulan K\u00fcrtlere ve destek\u00e7ilerine na\u00e7izane bir \u00f6nerim olacak. T\u00fcrkiye\u2019de \u015fu anda sadece \u015fehit cenazelerinde g\u00f6sterilen \u00f6fke g\u00f6sterilerini ciddiye almak gerek. G\u00f6zledi\u011fim kadar\u0131yla s\u0131radan vatanda\u015f\u0131n \u00f6fkesi giderek b\u00fcy\u00fcyor ve sabr\u0131 ta\u015f\u0131yor. Bu hi\u00e7 de hayra alamet bir durum de\u011fil.<\/p>\n<p style=\"text-align: justify;\"><strong>Kim zararl\u0131 \u00e7\u0131kar <\/strong><\/p>\n<p style=\"text-align: justify;\">Yarat\u0131lan ho\u015fg\u00f6r\u00fc ortam\u0131 i\u00e7inde K\u00fcrt \u00f6nderler ve \u00f6zellikle ter\u00f6r yanl\u0131lar\u0131, Ba\u015fbakan\u2019\u0131n deyimiyle \u201cay\u0131l\u0131p bay\u0131lanlara\u201d bakarak T\u00fcrk halk\u0131n\u0131n moralini iyice bozduklar\u0131na ve pasifize ettiklerine inanabilir. Bu b\u00fcy\u00fck bir yan\u0131lg\u0131d\u0131r. E\u011fer kimi ter\u00f6r yanl\u0131s\u0131 K\u00fcrtler\u2019le T\u00fcrkiye\u2019yi dize getirdiklerini zanneden K\u00fcrtler bu havaya kendilerini kapt\u0131r\u0131rsa, bundan kimin zararl\u0131 \u00e7\u0131kaca\u011f\u0131 belli olmaz.<\/p>\n<p style=\"text-align: justify;\"><strong>Herkes dikkatli olmal\u0131 <\/strong><\/p>\n<p style=\"text-align: justify;\">\u0130\u015fte sevgili okurlar; T\u00fcrkiye\u2019nin h\u0131zla i\u00e7ine s\u00fcr\u00fcklendi\u011fi manzaran\u0131n bir foto\u011fraf\u0131n\u0131 sunmak istedim sizlere. Dedi\u011fim gibi bunlar\u0131 yazmak ger\u00e7ekten \u00e7ok zor. Ama ger\u00e7e\u011fi g\u00f6stermek de hepimizin g\u00f6revi. Bu manzaray\u0131 iyi g\u00f6rmek ve her \u015feye ra\u011fmen sorumlu davranarak makul bir \u00e7\u00f6z\u00fcme ula\u015f\u0131lmas\u0131n\u0131 sa\u011flamak zorunday\u0131z. Aksi bir durum \u00e7ok uzun y\u0131llar ac\u0131s\u0131n\u0131 \u00e7ekece\u011fimiz geli\u015fmelere neden olacakt\u0131r.<\/p>\n<p style=\"text-align: justify;\"><strong>Bu hafta \u00e7ok \u00f6nemli <\/strong><\/p>\n<p style=\"text-align: justify;\">Son olarak bu hafta ile ilgili birka\u00e7 noktay\u0131 hat\u0131rlatmak istiyorum. Anayasa Mahkemesi de\u011fi\u015fikliklerle ilgili karar\u0131n\u0131 bu hafta i\u00e7inde a\u00e7\u0131klayabilir. Bu a\u00e7\u0131klama siyasetin gelece\u011fini belirleyecektir. Erken se\u00e7im konusundaki tahminimi yazm\u0131\u015ft\u0131m, bu hafta i\u00e7inde ise olas\u0131 se\u00e7im \u00f6ncesi ve sonras\u0131 baz\u0131 olas\u0131 geli\u015fmeleri kaleme alaca\u011f\u0131m.<\/p>\n<p style=\"text-align: justify;\">Hepinize iyi haftalar dilerim&#8230;<\/p>\n<p style=\"text-align: justify;\"><span style=\"color: #888888;\">catakli@gazetevatan.com<\/span><\/p>\n","protected":false},"excerpt":{"rendered":"<p id=\"caption-attachment-24103\" class=\"wp-caption-text\">Can Atakl\u0131<\/p>\n<p style=\"text-align: justify;\">Sevgili okurlar; baz\u0131 anlar vard\u0131r, zihninizde olu\u015fan bir konuyu yaz\u0131p yazmamakta, okurla payla\u015f\u0131p payla\u015fmamakta zorlan\u0131rs\u0131n\u0131z. \u00c7\u00fcnk\u00fc bu \u00f6yle bir konudur ki yanl\u0131\u015f anla\u015f\u0131lmas\u0131 ya da istismar edilmesi halinde ya\u015fanacaklar sizi \u00fczebilir. Ancak bir an gelir, ger\u00e7eklerden ka\u00e7amayaca\u011f\u0131n\u0131z\u0131 g\u00f6r\u00fcrs\u00fcn\u00fcz. \u0130\u015fte bug\u00fcnk\u00fc sohbetim b\u00f6yle bir \u015fey. <\/p>\n","protected":false},"author":1,"featured_media":0,"comment_status":"open","ping_status":"closed","sticky":false,"template":"","format":"standard","meta":{"footnotes":""},"categories":[105],"tags":[],"class_list":["post-24102","post","type-post","status-publish","format-standard","hentry","category-gundem","odd"],"_links":{"self":[{"href":"http:\/\/www.korhanyilmaz.com\/index.php?rest_route=\/wp\/v2\/posts\/24102","targetHints":{"allow":["GET"]}}],"collection":[{"href":"http:\/\/www.korhanyilmaz.com\/index.php?rest_route=\/wp\/v2\/posts"}],"about":[{"href":"http:\/\/www.korhanyilmaz.com\/index.php?rest_route=\/wp\/v2\/types\/post"}],"author":[{"embeddable":true,"href":"http:\/\/www.korhanyilmaz.com\/index.php?rest_route=\/wp\/v2\/users\/1"}],"replies":[{"embeddable":true,"href":"http:\/\/www.korhanyilmaz.com\/index.php?rest_route=%2Fwp%2Fv2%2Fcomments&post=24102"}],"version-history":[{"count":0,"href":"http:\/\/www.korhanyilmaz.com\/index.php?rest_route=\/wp\/v2\/posts\/24102\/revisions"}],"wp:attachment":[{"href":"http:\/\/www.korhanyilmaz.com\/index.php?rest_route=%2Fwp%2Fv2%2Fmedia&parent=24102"}],"wp:term":[{"taxonomy":"category","embeddable":true,"href":"http:\/\/www.korhanyilmaz.com\/index.php?rest_route=%2Fwp%2Fv2%2Fcategories&post=24102"},{"taxonomy":"post_tag","embeddable":true,"href":"http:\/\/www.korhanyilmaz.com\/index.php?rest_route=%2Fwp%2Fv2%2Ftags&post=24102"}],"curies":[{"name":"wp","href":"https:\/\/api.w.org\/{rel}","templated":true}]}}