{"id":24097,"date":"2010-07-05T08:16:57","date_gmt":"2010-07-05T08:16:57","guid":{"rendered":"http:\/\/www.korhanyilmaz.com\/?p=24097"},"modified":"2010-07-05T08:16:57","modified_gmt":"2010-07-05T08:16:57","slug":"anayasa-mahkemesi%e2%80%99ne-%e2%80%9cyasak%e2%80%9d-baskilar","status":"publish","type":"post","link":"http:\/\/www.korhanyilmaz.com\/?p=24097","title":{"rendered":"Anayasa Mahkemesi\u2019ne \u201cyasak\u201d bask\u0131lar!"},"content":{"rendered":"<div id=\"attachment_24098\" style=\"width: 102px\" class=\"wp-caption alignleft\"><img loading=\"lazy\" decoding=\"async\" aria-describedby=\"caption-attachment-24098\" class=\"size-full wp-image-24098\" style=\"margin-left: 10px; margin-right: 10px;\" title=\"Ruhat Mengi - Vatan Gazetesi\" src=\"http:\/\/www.korhanyilmaz.com\/wp-content\/uploads\/2010\/07\/ruhat.jpg\" alt=\"\" width=\"92\" height=\"92\" \/><p id=\"caption-attachment-24098\" class=\"wp-caption-text\">Ruhat Mengi<\/p><\/div>\n<p style=\"text-align: justify;\">Art\u0131k T\u00fcrkiye\u2019nin gelece\u011fine y\u00f6n verecek konular\u0131n ba\u015f\u0131nda gelen Anayasa de\u011fi\u015fikli\u011fi i\u00e7in Anayasa Mahkemesi\u2019nin karar verece\u011fi g\u00fcnlere giriyoruz.<\/p>\n<p style=\"text-align: justify;\">Bu nedenle TV\u2019lerde, gazetelerde y\u00fcksek mahkemenin karar\u0131n\u0131 etkileme, hatta daha da \u00f6tesi \u201ce\u011fer iktidar partisinin yapt\u0131\u011f\u0131 bu de\u011fi\u015fikli\u011fin baz\u0131 maddelerini iptal karar\u0131 al\u0131rsa millet iradesine, Meclis karar\u0131na kar\u015f\u0131 gelmi\u015f olaca\u011f\u0131n\u0131\u201d s\u00f6yleyerek bask\u0131 alt\u0131na alma \u00e7abalar\u0131n\u0131 izliyoruz. <!--more--><\/p>\n<p style=\"text-align: justify;\">Son olarak, AKP\u2019nin daha \u00f6nce yine Anayasa de\u011fi\u015fikli\u011fi haz\u0131rlatt\u0131\u011f\u0131 6 hukuk\u00e7udan biri olan Prof. Dr. Ergun \u00d6zbudun yukardaki c\u00fcmleyi TV\u2019de aynen s\u00f6yleyerek \u201cO zaman da bu devlet yarg\u0131\u00e7lar devleti olur\u201d benzeri bir s\u00f6zle konu\u015fmas\u0131n\u0131 bitirdi.<\/p>\n<p style=\"text-align: justify;\">Anayasa; yarg\u0131da karar s\u00fcreci i\u00e7inde olan bir davada mahkemeye bu m\u00fcdahaleyi, hatta soru y\u00f6neltmeyi bile yasaklam\u0131\u015f. Buna ra\u011fmen daha \u00f6nce h\u00fck\u00fcmet \u00fcyelerinin bu yasa\u011f\u0131 umursamayarak yapt\u0131\u011f\u0131 yorumlar\u0131n benzerleri halen f\u00fctursuzca tekrarlan\u0131yor.<\/p>\n<p style=\"text-align: justify;\"><strong>\u201cYarg\u0131\u00e7lar devleti\u201d de\u011fil! <\/strong><\/p>\n<p style=\"text-align: justify;\">\u00dcstelik d\u00fcnyada anayasa mahkemelerinin kurulu\u015f nedeninin ve as\u0131l g\u00f6revinin zaten \u201cparlamentolar\u0131n kararlar\u0131n\u0131, \u00e7\u0131kard\u0131\u011f\u0131 yasalar\u0131 denetlemek, anayasaya uygunlu\u011funa bakmak\u201d oldu\u011funu, bu g\u00f6revin de kesinlikle \u201cyarg\u0131\u00e7lar devleti\u201d anlam\u0131na gelmedi\u011fini bilerek ve unutturarak yap\u0131l\u0131yor bu bask\u0131c\u0131 yorumlar.<\/p>\n<p style=\"text-align: justify;\">Bu mahkemeler; yasama ve y\u00fcr\u00fctme faaliyetlerini denetleyecek bir yarg\u0131 olmad\u0131\u011f\u0131nda,\u201chalk\u0131n se\u00e7ti\u011fi bir parlamento olsa bile\u201d sonucun nereye varaca\u011f\u0131 Hitler Almanyas\u0131\u2019nda g\u00f6r\u00fcld\u00fckten sonra \u201cdemokrasiyi koruyacak, son karar\u0131 verecek bir kurum olarak\u201d kurulmu\u015f&#8230;<\/p>\n<p style=\"text-align: justify;\">E\u011fer olmasalard\u0131 parlamentoda \u00e7o\u011funlu\u011fu ele ge\u00e7iren bir partinin, istedi\u011fi her antidemokratik uygulamay\u0131, hatta demokrasiyi t\u00fcm\u00fcyle ortadan kald\u0131racak; medyadan yarg\u0131ya ve di\u011fer t\u00fcm kurumlara kadar kontrol\u00fcne al\u0131p \u00fclkelere istedi\u011fi \u015fekli verecek eylemler yapmas\u0131 \u201cdemokrasi i\u00e7inde kalarak\u201d nas\u0131l \u00f6nlenebilirdi ki?<\/p>\n<p style=\"text-align: justify;\">\u00d6rne\u011fin; yarg\u0131n\u0131n siyasalla\u015ft\u0131\u011f\u0131, tarafs\u0131zl\u0131\u011f\u0131n\u0131 kaybederek bir partinin y\u00f6netimine ge\u00e7ti\u011fi bir \u00fclkede se\u00e7imde a\u00e7\u0131k a\u00e7\u0131k hile yap\u0131lsa ya da parlamento \u201cbundan sonra t\u00fcm kurumlar\u0131 kald\u0131r\u0131yoruz, \u00fclkeyi tek ki\u015fi y\u00f6netecek\u201d dese di\u011fer partilere ve halka nas\u0131l bir \u00e7\u00f6z\u00fcm kal\u0131rd\u0131?.. (Bkz: Ahmedinejad\u2019\u0131n hileli se\u00e7im sonunda, ba\u015fka bir \u00e7\u00f6z\u00fcm bulamad\u0131klar\u0131 i\u00e7in sokaklara d\u00f6k\u00fclen binlerce vatanda\u015f\u0131na yapt\u0131klar\u0131&#8230;)<\/p>\n<p style=\"text-align: justify;\"><strong>AB\u2019den \u00f6rneklemeler <\/strong><\/p>\n<p style=\"text-align: justify;\">Biliyorsunuz i\u015fimize gelen konuda (uysa da, uymasa da) Bat\u0131\u2019ya referans vermeye bay\u0131l\u0131r, i\u015fimize gelmeyen durumlarda ya g\u00f6rmezden gelir veya \u00f6rne\u011fin \u201cBat\u0131 \u00fclkelerinde Anayasa Mahkemesi yok\u201d benzeri yalanlara ba\u015fvururuz.<\/p>\n<p style=\"text-align: justify;\">Bu anayasa de\u011fi\u015fikli\u011finde de ayn\u0131 y\u00f6ntem kullan\u0131ld\u0131, kullan\u0131l\u0131yor&#8230; \u201cAB \u00fclkelerinde de y\u00fcksek yarg\u0131 \u00fcyelerini parlamento se\u00e7iyor, biz onlar\u0131 \u00f6rnek alarak de\u011fi\u015fiklik yapt\u0131k\u201d s\u00f6zleri bunun en a\u00e7\u0131k \u00f6rne\u011fi.<\/p>\n<p style=\"text-align: justify;\">Kar\u015f\u0131la\u015ft\u0131rma yapman\u0131n m\u00fcmk\u00fcn olmad\u0131\u011f\u0131n\u0131; AB \u00fclkelerinde meclislerin (milletvekillerinin) T\u00fcrkiye\u2019deki gibi parti lideri taraf\u0131ndan de\u011fil \u00f6n se\u00e7imle halk taraf\u0131ndan se\u00e7ildi\u011fini&#8230;<\/p>\n<p style=\"text-align: justify;\">Bizde ise \u201cAnayasa\u2019y\u0131 demokratikle\u015ftirece\u011fiz\u201d diyen iktidar partisinin demokrasinin ilk ad\u0131m\u0131 olan \u201cmilletvekillerini millete se\u00e7tirme\u201dye yana\u015fmad\u0131\u011f\u0131n\u0131, bunun da padi\u015fahl\u0131k benzeri bir sistem yaratt\u0131\u011f\u0131n\u0131&#8230; Milletvekillerini k\u00f6le haline getirdi\u011fini&#8230;<\/p>\n<p style=\"text-align: justify;\"><strong>BENZEM\u0130YOR&#8230; OLSUUUN! <\/strong><\/p>\n<p style=\"text-align: justify;\">B\u00f6ylece \u201cMeclis se\u00e7ecek\u201d demenin, \u201c\u00e7o\u011funlu\u011fa sahip partinin lideri se\u00e7ecek\u201d anlam\u0131na geldi\u011fini&#8230; Onun tek ba\u015f\u0131na se\u00e7ti\u011fi yarg\u0131 \u00fcyelerinin \u201cba\u011f\u0131ms\u0131z\u201d olmas\u0131n\u0131n imk\u00e2ns\u0131zl\u0131\u011f\u0131n\u0131 anlatmadan&#8230;<\/p>\n<p style=\"text-align: justify;\">AB\u2019nin t\u00fcm yetkili kurulu\u015flar\u0131n\u0131n \u201cy\u00fcksek yarg\u0131 \u00fcyelerinin se\u00e7iminde ilk tercih yarg\u0131 \u00fcyeleri taraf\u0131ndan se\u00e7ilmeleridir. Ancak ileri demokrasilerde (yani milletvekillerini milletin se\u00e7ti\u011fi, yasalara kurallara sayg\u0131l\u0131, rejimle problemi olmayan, devlet kurumlar\u0131n\u0131 ve t\u00fcm ba\u011f\u0131ms\u0131z kurumlar\u0131 ele ge\u00e7irmeye \u00e7al\u0131\u015fan partilerin bulunmad\u0131\u011f\u0131 \u00fclkelerde) parlamentolar da az say\u0131da \u00fcye se\u00e7ebilir. Meclis\u2019in 2\/3 nitelikli \u00e7o\u011funlu\u011funun oylar\u0131yla\u201d dedi\u011fini anlatmadan&#8230;<\/p>\n<p style=\"text-align: justify;\">\u201cMillet iradesi se\u00e7sin\u201d diye tekrarlay\u0131p millet iradesinin \u201ckendi milletvekilini se\u00e7mesine\u201d bile izin vermeden&#8230; Bunlar\u0131 hi\u00e7biri yap\u0131lmadan, sadece \u201cAB\u2019de de b\u00f6yle\u201d denemez tabii ama bizde deniyor.<\/p>\n<p style=\"text-align: justify;\">Anayasa Mahkemesi\u2019nin karar s\u00fcrecinde rastlayaca\u011f\u0131n\u0131z, bask\u0131c\u0131 ve sizi yan\u0131ltacak yorumlar\u0131 dinlerken bunlar\u0131 unutmaman\u0131z gerekiyor.<\/p>\n<p style=\"text-align: justify;\"><span style=\"color: #888888;\">rmengi@gazetevatan.com<\/span><\/p>\n","protected":false},"excerpt":{"rendered":"<p id=\"caption-attachment-24098\" class=\"wp-caption-text\">Ruhat Mengi<\/p>\n<p style=\"text-align: justify;\">Art\u0131k T\u00fcrkiye\u2019nin gelece\u011fine y\u00f6n verecek konular\u0131n ba\u015f\u0131nda gelen Anayasa de\u011fi\u015fikli\u011fi i\u00e7in Anayasa Mahkemesi\u2019nin karar verece\u011fi g\u00fcnlere giriyoruz.<\/p>\n<p style=\"text-align: justify;\">Bu nedenle TV\u2019lerde, gazetelerde y\u00fcksek mahkemenin karar\u0131n\u0131 etkileme, hatta daha da \u00f6tesi \u201ce\u011fer iktidar partisinin yapt\u0131\u011f\u0131 bu de\u011fi\u015fikli\u011fin baz\u0131 maddelerini iptal karar\u0131 al\u0131rsa millet iradesine, Meclis karar\u0131na kar\u015f\u0131 gelmi\u015f olaca\u011f\u0131n\u0131\u201d <\/p>\n","protected":false},"author":1,"featured_media":0,"comment_status":"open","ping_status":"closed","sticky":false,"template":"","format":"standard","meta":{"footnotes":""},"categories":[16],"tags":[],"class_list":["post-24097","post","type-post","status-publish","format-standard","hentry","category-kose-yazilari","odd"],"_links":{"self":[{"href":"http:\/\/www.korhanyilmaz.com\/index.php?rest_route=\/wp\/v2\/posts\/24097","targetHints":{"allow":["GET"]}}],"collection":[{"href":"http:\/\/www.korhanyilmaz.com\/index.php?rest_route=\/wp\/v2\/posts"}],"about":[{"href":"http:\/\/www.korhanyilmaz.com\/index.php?rest_route=\/wp\/v2\/types\/post"}],"author":[{"embeddable":true,"href":"http:\/\/www.korhanyilmaz.com\/index.php?rest_route=\/wp\/v2\/users\/1"}],"replies":[{"embeddable":true,"href":"http:\/\/www.korhanyilmaz.com\/index.php?rest_route=%2Fwp%2Fv2%2Fcomments&post=24097"}],"version-history":[{"count":0,"href":"http:\/\/www.korhanyilmaz.com\/index.php?rest_route=\/wp\/v2\/posts\/24097\/revisions"}],"wp:attachment":[{"href":"http:\/\/www.korhanyilmaz.com\/index.php?rest_route=%2Fwp%2Fv2%2Fmedia&parent=24097"}],"wp:term":[{"taxonomy":"category","embeddable":true,"href":"http:\/\/www.korhanyilmaz.com\/index.php?rest_route=%2Fwp%2Fv2%2Fcategories&post=24097"},{"taxonomy":"post_tag","embeddable":true,"href":"http:\/\/www.korhanyilmaz.com\/index.php?rest_route=%2Fwp%2Fv2%2Ftags&post=24097"}],"curies":[{"name":"wp","href":"https:\/\/api.w.org\/{rel}","templated":true}]}}