{"id":24092,"date":"2010-07-02T21:43:14","date_gmt":"2010-07-02T21:43:14","guid":{"rendered":"http:\/\/www.korhanyilmaz.com\/?p=24092"},"modified":"2010-07-02T21:43:14","modified_gmt":"2010-07-02T21:43:14","slug":"israil-son-sozunu-soyledi","status":"publish","type":"post","link":"http:\/\/www.korhanyilmaz.com\/?p=24092","title":{"rendered":"\u0130srail son s\u00f6z\u00fcn\u00fc s\u00f6yledi"},"content":{"rendered":"<p style=\"text-align: center;\"><a href=\"http:\/\/www.korhanyilmaz.com\/wp-content\/uploads\/2010\/07\/214.jpg\"  class=\"lightview\"><img loading=\"lazy\" decoding=\"async\" class=\"aligncenter size-full wp-image-24093\" src=\"http:\/\/www.korhanyilmaz.com\/wp-content\/uploads\/2010\/07\/214.jpg\" alt=\"\" width=\"307\" height=\"236\" \/><\/a><\/p>\n<p style=\"text-align: justify;\">\u0130srail Ba\u015fbakan\u0131 Binyamin Netanyahu, \u0130srail&#8217;in 31 May\u0131s&#8217;ta Gazze yard\u0131m gemilerinden Mavi Marmara&#8217;ya d\u00fczenledi\u011fi sald\u0131r\u0131yla ilgili, &#8220;\u0130srail&#8217;in T\u00fcrkiye&#8217;den \u00f6z\u00fcr dilemeyece\u011fini&#8221; bir kez daha yineledi. <!--more--><\/p>\n<p style=\"text-align: justify;\">\u0130srail&#8217;in devlet televizyonundaki s\u00f6yle\u015fisinde Netanyahu, &#8220;Askerlerimizin neredeyse bir g\u00fcruh taraf\u0131ndan katledilmeye \u00e7al\u0131\u015f\u0131ld\u0131\u011f\u0131 bir durumda \u0130srail&#8217;in \u00f6z\u00fcr dilemesi m\u00fcmk\u00fcn de\u011fildir&#8221; ifadesini kulland\u0131.<\/p>\n<p style=\"text-align: justify;\">Netanyahu, bu nedenle de gemi sald\u0131r\u0131s\u0131 s\u0131ras\u0131nda zarar g\u00f6renlerin herhangi bir bi\u00e7imde tazmin edilmesinin s\u00f6z konusu olmad\u0131\u011f\u0131n\u0131 kaydetti ve &#8220;Bununla birlikte, biz olayda insan hayat\u0131n\u0131n kayb\u0131ndan dolay\u0131 \u00fcz\u00fcnt\u00fc duyuyoruz&#8221; dedi.<\/p>\n<p style=\"text-align: justify;\">D\u0131\u015fi\u015fleri Bakan\u0131 Ahmet Davuto\u011flu ile \u0130srail Sanayi ve Ticaret Bakan\u0131 Binyamin Ben Eliezer&#8217;in g\u00f6r\u00fc\u015fmesine de de\u011finen Netanyahu, Ben Eliezer&#8217;in kendisine D\u0131\u015fi\u015fleri Bakan\u0131 Davuto\u011flu ile g\u00f6r\u00fc\u015fme ihtimalinden bahsetti\u011finde, kendisine &#8220;git ve g\u00f6r\u00fc\u015f&#8221; dedi\u011fini belirterek, &#8220;\u00d6nemli olan g\u00f6r\u00fc\u015fmenin ger\u00e7ekle\u015ftirilmesiydi. \u0130srail ve T\u00fcrkiye i\u00e7in iyi olan, ili\u015fkilerin daha k\u00f6t\u00fcye gitmesinin \u00f6nlenmesi i\u00e7in yap\u0131lan \u00e7abad\u0131r&#8221; diye konu\u015ftu.<\/p>\n<p style=\"text-align: justify;\">Netanyahu, toplant\u0131n\u0131n yap\u0131lmas\u0131ndan sonra i\u00e7eri\u011fi ile ilgili ortaya at\u0131lan iddialar konusunda da &#8220;bu a\u00e7\u0131klamalar\u0131n toplant\u0131da olan bitenlerle bir ilgisinin bulunmad\u0131\u011f\u0131n\u0131&#8221; belirtti.<\/p>\n<p style=\"text-align: justify;\"><span style=\"color: #888888;\">CNN T\u00dcRK<\/span><\/p>\n","protected":false},"excerpt":{"rendered":"<p style=\"text-align: center;\">\n<p style=\"text-align: justify;\">\u0130srail Ba\u015fbakan\u0131 Binyamin Netanyahu, \u0130srail&#8217;in 31 May\u0131s&#8217;ta Gazze yard\u0131m gemilerinden Mavi Marmara&#8217;ya d\u00fczenledi\u011fi sald\u0131r\u0131yla ilgili, &#8220;\u0130srail&#8217;in T\u00fcrkiye&#8217;den \u00f6z\u00fcr dilemeyece\u011fini&#8221; bir kez daha yineledi. <\/p>\n","protected":false},"author":1,"featured_media":0,"comment_status":"open","ping_status":"closed","sticky":false,"template":"","format":"standard","meta":{"footnotes":""},"categories":[3],"tags":[],"class_list":["post-24092","post","type-post","status-publish","format-standard","hentry","category-dunya","odd"],"_links":{"self":[{"href":"http:\/\/www.korhanyilmaz.com\/index.php?rest_route=\/wp\/v2\/posts\/24092","targetHints":{"allow":["GET"]}}],"collection":[{"href":"http:\/\/www.korhanyilmaz.com\/index.php?rest_route=\/wp\/v2\/posts"}],"about":[{"href":"http:\/\/www.korhanyilmaz.com\/index.php?rest_route=\/wp\/v2\/types\/post"}],"author":[{"embeddable":true,"href":"http:\/\/www.korhanyilmaz.com\/index.php?rest_route=\/wp\/v2\/users\/1"}],"replies":[{"embeddable":true,"href":"http:\/\/www.korhanyilmaz.com\/index.php?rest_route=%2Fwp%2Fv2%2Fcomments&post=24092"}],"version-history":[{"count":0,"href":"http:\/\/www.korhanyilmaz.com\/index.php?rest_route=\/wp\/v2\/posts\/24092\/revisions"}],"wp:attachment":[{"href":"http:\/\/www.korhanyilmaz.com\/index.php?rest_route=%2Fwp%2Fv2%2Fmedia&parent=24092"}],"wp:term":[{"taxonomy":"category","embeddable":true,"href":"http:\/\/www.korhanyilmaz.com\/index.php?rest_route=%2Fwp%2Fv2%2Fcategories&post=24092"},{"taxonomy":"post_tag","embeddable":true,"href":"http:\/\/www.korhanyilmaz.com\/index.php?rest_route=%2Fwp%2Fv2%2Ftags&post=24092"}],"curies":[{"name":"wp","href":"https:\/\/api.w.org\/{rel}","templated":true}]}}