{"id":24089,"date":"2010-07-02T21:39:44","date_gmt":"2010-07-02T21:39:44","guid":{"rendered":"http:\/\/www.korhanyilmaz.com\/?p=24089"},"modified":"2010-07-02T21:39:44","modified_gmt":"2010-07-02T21:39:44","slug":"kilicdaroglu-da-askeri-birligi-ziyaret-etti","status":"publish","type":"post","link":"http:\/\/www.korhanyilmaz.com\/?p=24089","title":{"rendered":"K\u0131l\u0131\u00e7daro\u011flu da askeri birli\u011fi ziyaret etti"},"content":{"rendered":"<p style=\"text-align: center;\"><a href=\"http:\/\/www.korhanyilmaz.com\/wp-content\/uploads\/2010\/07\/213.jpg\"  class=\"lightview\"><img loading=\"lazy\" decoding=\"async\" class=\"aligncenter size-full wp-image-24090\" src=\"http:\/\/www.korhanyilmaz.com\/wp-content\/uploads\/2010\/07\/213.jpg\" alt=\"\" width=\"307\" height=\"236\" \/><\/a><\/p>\n<p style=\"text-align: justify;\">CHP Genel Ba\u015fkan\u0131 Kemal K\u0131l\u0131\u00e7daro\u011flu&#8217;nun, s\u0131n\u0131r b\u00f6lgesini ziyareti s\u0131ras\u0131nda, Hakkari-\u00c7ukurca&#8217;ya ge\u00e7ti\u011fi ve s\u0131n\u0131rdaki siperlerde incelemelerde bulundu\u011fu bildirildi. K\u0131l\u0131\u00e7daro\u011flu&#8217;nun s\u0131n\u0131r gezisine Genelkurmay Ba\u015fkan\u0131 Orgeneral \u0130lker Ba\u015fbu\u011f da kat\u0131ld\u0131. <!--more--><\/p>\n<p style=\"text-align: justify;\">CHP Genel Ba\u015fkan\u0131 Kemal K\u0131l\u0131\u00e7daro\u011flu, s\u0131n\u0131r b\u00f6lgesine yapt\u0131\u011f\u0131 ziyaretle ilgili olarak, &#8220;Bu gezi CHP&#8217;nin ter\u00f6r\u00fc \u00f6nleme ve ter\u00f6rle m\u00fccadele konusundaki kararl\u0131l\u0131\u011f\u0131n\u0131n ne kadar hakl\u0131 oldu\u011funu bir kez daha g\u00f6stermi\u015ftir&#8221; de\u011ferlendirmesinde bulundu.<\/p>\n<p style=\"text-align: justify;\">CHP Genel Merkezi&#8217;nden yap\u0131lan yaz\u0131l\u0131 a\u00e7\u0131klamaya g\u00f6re, K\u0131l\u0131\u00e7daro\u011flu, Genelkurmay Ba\u015fkan\u0131 Orgeneral \u0130lker Ba\u015fbu\u011f, Kara Kuvvetleri Komutan\u0131 Orgeneral I\u015f\u0131k Ko\u015faner, 2. Ordu Komutan\u0131 Orgeneral Necdet \u00d6zel ve CHP Genel Sekreteri \u00d6nder Sav, Ankara&#8217;dan saat 9.00&#8217;da askeri u\u00e7akla hareket etti.<\/p>\n<p style=\"text-align: justify;\">Siirt Havaalan\u0131&#8217;ndan helikopterle Pervari il\u00e7esine ge\u00e7en K\u0131l\u0131\u00e7daro\u011flu, Do\u011fan K\u00f6y\u00fc&#8217;ne gitti.<\/p>\n<p style=\"text-align: justify;\">\u00dc\u00e7 \u015fehit veren k\u00f6y halk\u0131na ve \u015fehit yak\u0131nlar\u0131na taziyelerini ileten K\u0131l\u0131\u00e7daro\u011flu, k\u00f6yl\u00fclerin sorunlar\u0131n\u0131 dinledi. K\u00f6yl\u00fcler, K\u0131l\u0131\u00e7daro\u011flu&#8217;ndan yol, su ve sa\u011fl\u0131k sorunlar\u0131na \u00e7\u00f6z\u00fcm istedi.<\/p>\n<p style=\"text-align: justify;\">K\u0131l\u0131\u00e7daro\u011flu ve Sav, \u00f6nceki gece bir \u00fcste\u011fmen ile bir uzman \u00e7avu\u015fun \u015fehit oldu\u011fu Sar\u0131yaprak Karakolu&#8217;na giderek, \u015fehit \u00fcste\u011fmen ve \u015fehit uzman \u00e7avu\u015fun silah arkada\u015flar\u0131na ba\u015f sa\u011fl\u0131\u011f\u0131 diledi.<\/p>\n<p style=\"text-align: justify;\">K\u0131l\u0131\u00e7daro\u011flu, burada TSK&#8217;n\u0131n ve g\u00fcvenlik g\u00fc\u00e7lerinin ter\u00f6r \u00f6rg\u00fct\u00fcne kar\u015f\u0131 verdikleri m\u00fccadelenin \u00f6nemine dikkati \u00e7ekti.<\/p>\n<p style=\"text-align: justify;\">\u015e\u0131rnak&#8217;\u0131n s\u0131f\u0131r noktas\u0131ndaki G\u00fcrvil Karakolunu da ziyaret eden K\u0131l\u0131\u00e7daro\u011flu, \u00f6\u011fle yeme\u011fini askerlerle birlikte yedi.<\/p>\n<p style=\"text-align: justify;\">K\u0131l\u0131\u00e7daro\u011flu ile Sav, Orgenaral Ba\u015fbu\u011f, Orgeneral Ko\u015faner ve Orgeneral \u00d6zel ile s\u0131n\u0131r hatt\u0131 \u00fczerinden \u00c7ukurca&#8217;ya ge\u00e7ti. \u00c7ukurca&#8217;da brifing alan K\u0131l\u0131\u00e7daro\u011flu, T\u00fcrkiye-Irak s\u0131n\u0131r\u0131n\u0131n s\u0131f\u0131r noktas\u0131ndaki siperleri de ziyaret ederek, n\u00f6betteki askerlerle g\u00f6r\u00fc\u015ft\u00fc.<\/p>\n<p style=\"text-align: justify;\">Daha sonra Zap Vadisi \u00fczerinden helikopterle Van&#8217;a hareket eden K\u0131l\u0131\u00e7daro\u011flu, Van Havaalan\u0131&#8217;ndan Ankara&#8217;ya d\u00f6nd\u00fc.<\/p>\n<p style=\"text-align: justify;\">K\u0131l\u0131\u00e7daro\u011flu, ziyaretiyle ilgili yapt\u0131\u011f\u0131 de\u011ferlendirmede, silahl\u0131 kuvvetlerin, karakollar\u0131n ve s\u0131n\u0131r birliklerinin ter\u00f6rle m\u00fccadele konusundaki kararl\u0131l\u0131klar\u0131na \u015fahit olduklar\u0131n\u0131 ifade etti.<\/p>\n<p style=\"text-align: justify;\">Kendisine verilen brifingde, Irak&#8217;tan s\u0131zmalara ve Kuzey Irak&#8217;taki otorite bo\u015flu\u011funa dikkat \u00e7ekildi\u011fini ve bu konunun mutlaka de\u011ferlendirilmesinin istendi\u011fini belirten K\u0131l\u0131\u00e7daro\u011flu, \u015funlar\u0131 kaydetti: &#8220;Bu temas ve incelemeler bize g\u00f6stermi\u015ftir ki siyaset bu kadar ciddi sorunlara ra\u011fmen maalesef \u00e7\u00f6z\u00fcm \u00fcretememi\u015ftir. AKP&#8217;de bu olay\u0131 siyasi bir malzeme olarak kulland\u0131\u011f\u0131 i\u00e7in sorunu \u00e7\u00f6zememi\u015f ve bu kritik noktaya gelinmesine neden olmu\u015ftur. Bu gezi CHP&#8217;nin ter\u00f6r\u00fc \u00f6nleme ve ter\u00f6rle m\u00fccadele konusundaki kararl\u0131l\u0131\u011f\u0131n\u0131n ne kadar hakl\u0131 oldu\u011funu bir kez daha g\u00f6stermi\u015ftir. Geziden \u00e7ok \u00f6nemli de\u011ferlendirmeler ve notlarla ayr\u0131ld\u0131k.&#8221;<\/p>\n<p style=\"text-align: justify;\"><span style=\"color: #888888;\">CNN T\u00dcRK<\/span><\/p>\n","protected":false},"excerpt":{"rendered":"<p style=\"text-align: center;\">\n<p style=\"text-align: justify;\">CHP Genel Ba\u015fkan\u0131 Kemal K\u0131l\u0131\u00e7daro\u011flu&#8217;nun, s\u0131n\u0131r b\u00f6lgesini ziyareti s\u0131ras\u0131nda, Hakkari-\u00c7ukurca&#8217;ya ge\u00e7ti\u011fi ve s\u0131n\u0131rdaki siperlerde incelemelerde bulundu\u011fu bildirildi. K\u0131l\u0131\u00e7daro\u011flu&#8217;nun s\u0131n\u0131r gezisine Genelkurmay Ba\u015fkan\u0131 Orgeneral \u0130lker Ba\u015fbu\u011f da kat\u0131ld\u0131. <\/p>\n","protected":false},"author":1,"featured_media":0,"comment_status":"open","ping_status":"closed","sticky":false,"template":"","format":"standard","meta":{"footnotes":""},"categories":[105],"tags":[],"class_list":["post-24089","post","type-post","status-publish","format-standard","hentry","category-gundem","odd"],"_links":{"self":[{"href":"http:\/\/www.korhanyilmaz.com\/index.php?rest_route=\/wp\/v2\/posts\/24089","targetHints":{"allow":["GET"]}}],"collection":[{"href":"http:\/\/www.korhanyilmaz.com\/index.php?rest_route=\/wp\/v2\/posts"}],"about":[{"href":"http:\/\/www.korhanyilmaz.com\/index.php?rest_route=\/wp\/v2\/types\/post"}],"author":[{"embeddable":true,"href":"http:\/\/www.korhanyilmaz.com\/index.php?rest_route=\/wp\/v2\/users\/1"}],"replies":[{"embeddable":true,"href":"http:\/\/www.korhanyilmaz.com\/index.php?rest_route=%2Fwp%2Fv2%2Fcomments&post=24089"}],"version-history":[{"count":0,"href":"http:\/\/www.korhanyilmaz.com\/index.php?rest_route=\/wp\/v2\/posts\/24089\/revisions"}],"wp:attachment":[{"href":"http:\/\/www.korhanyilmaz.com\/index.php?rest_route=%2Fwp%2Fv2%2Fmedia&parent=24089"}],"wp:term":[{"taxonomy":"category","embeddable":true,"href":"http:\/\/www.korhanyilmaz.com\/index.php?rest_route=%2Fwp%2Fv2%2Fcategories&post=24089"},{"taxonomy":"post_tag","embeddable":true,"href":"http:\/\/www.korhanyilmaz.com\/index.php?rest_route=%2Fwp%2Fv2%2Ftags&post=24089"}],"curies":[{"name":"wp","href":"https:\/\/api.w.org\/{rel}","templated":true}]}}