{"id":24086,"date":"2010-07-02T19:36:15","date_gmt":"2010-07-02T19:36:15","guid":{"rendered":"http:\/\/www.korhanyilmaz.com\/?p=24086"},"modified":"2010-07-02T19:36:15","modified_gmt":"2010-07-02T19:36:15","slug":"basesgioglu-ak-partiden-istifa-etti","status":"publish","type":"post","link":"http:\/\/www.korhanyilmaz.com\/?p=24086","title":{"rendered":"Ba\u015fesgio\u011flu AK Parti&#8217;den istifa etti!"},"content":{"rendered":"<p style=\"text-align: center;\"><a href=\"http:\/\/www.korhanyilmaz.com\/wp-content\/uploads\/2010\/07\/212.jpg\"  class=\"lightview\"><img loading=\"lazy\" decoding=\"async\" class=\"aligncenter size-full wp-image-24087\" src=\"http:\/\/www.korhanyilmaz.com\/wp-content\/uploads\/2010\/07\/212.jpg\" alt=\"\" width=\"307\" height=\"236\" \/><\/a><\/p>\n<p style=\"text-align: justify;\">AK Parti \u0130stanbul Milletvekili Murat Ba\u015fesgio\u011flu, partisinden istifa etti. Ba\u015fesgio\u011flu istifa gerek\u00e7esi olarak g\u00f6r\u00fc\u015f ayr\u0131l\u0131klar\u0131n\u0131 g\u00f6sterdi ve &#8220;AK Parti&#8217;de siyaset yapma imkan\u0131n\u0131 ortadan kalkt\u0131&#8221; dedi. <!--more--><\/p>\n<p style=\"text-align: justify;\">Ba\u015fesgio\u011flu, yapt\u0131\u011f\u0131 yaz\u0131l\u0131 a\u00e7\u0131klamada, &#8220;T\u00fcrkiye&#8217;nin temel meselelerine ili\u015fkin zamanla ortaya \u00e7\u0131kan esasl\u0131 g\u00f6r\u00fc\u015f ayr\u0131l\u0131klar\u0131, Adalet ve Kalk\u0131nma Partisi i\u00e7erisinde birlikte siyaset yapma imkan\u0131n\u0131 ortadan kald\u0131rm\u0131\u015ft\u0131r&#8221; dedi.<\/p>\n<p style=\"text-align: justify;\">Ba\u015fesgio\u011flu a\u00e7\u0131klamas\u0131nda, &#8220;Bu g\u00f6r\u00fc\u015flerim yaz\u0131l\u0131 ve \u015fifahi olarak Say\u0131n Ba\u015fbakan ile de payla\u015f\u0131lm\u0131\u015f ve partiden ayr\u0131lma iste\u011fim kendilerine ifade edilmi\u015fti. Bug\u00fcn, daha \u00f6nce al\u0131nan, ancak \u00e7e\u015fitli nedenlerle erteledi\u011fim ayr\u0131lma karar\u0131n\u0131 resmile\u015ftirmek ve kamuoyuyla payla\u015fmak zaman\u0131 gelmi\u015ftir. Milletimize hizmet etme imkan\u0131 tan\u0131d\u0131klar\u0131 i\u00e7in Say\u0131n Cumhurba\u015fkan\u0131&#8217;na, Say\u0131n Ba\u015fbakan&#8217;a, Adalet ve Kalk\u0131nma Partisi y\u00f6neticilerine te\u015fekk\u00fcr ediyorum&#8221; dedi.<\/p>\n<p style=\"text-align: justify;\">Murat Ba\u015fesgio\u011flu&#8217;nun istifas\u0131yla AK Parti&#8217;nin TBMM&#8217;deki sandalye say\u0131s\u0131 335&#8217;e d\u00fc\u015ft\u00fc, ba\u011f\u0131ms\u0131zlar\u0131n say\u0131s\u0131 ise 9&#8217;a y\u00fckseldi.<\/p>\n<p style=\"text-align: justify;\"><strong>TEPK\u0130LER <\/strong><\/p>\n<p style=\"text-align: justify;\">Sa\u011fl\u0131k Bakan\u0131 Recep Akda\u011f, AK Parti \u0130stanbul Milletvekili Murat Ba\u015fesgio\u011flu&#8217;nun partisinden istifas\u0131na ili\u015fkin, &#8220;AK Parti ki\u015filerle falan hayatiyetini, b\u00fcy\u00fckl\u00fc\u011f\u00fcn\u00fc devam ettiren bir parti de\u011fildir. \u0130steyen istedi\u011fini yapabilir&#8221; dedi.<\/p>\n<p style=\"text-align: justify;\">AK Parti Genel Ba\u015fkan Yard\u0131mc\u0131s\u0131 Salih Kapusuz, Murat Ba\u015fesgio\u011flu&#8217;nun istifas\u0131n\u0131 gazetecilerden duydu\u011funu s\u00f6yledi.<\/p>\n<p style=\"text-align: justify;\">Kapusuz, TBMM Kulisinde gazetecilerin konuya ili\u015fkin sorusuna, &#8220;Bu partide 6,5 y\u0131ldan fazla bakanl\u0131k yapm\u0131\u015f bir arkada\u015f\u0131m\u0131z. A\u00e7\u0131k\u00e7as\u0131, gerek\u00e7esini filan da duymad\u0131m. \u0130stifay\u0131 da sizlerden duydum&#8221; kar\u015f\u0131l\u0131\u011f\u0131n\u0131 verdi.<\/p>\n<p style=\"text-align: justify;\">Bir gazetecinin, &#8220;Ba\u015fka istifalar olabilir mi bir duyumunuz var m\u0131? Size rahats\u0131zl\u0131\u011f\u0131n\u0131 iletenler oldu mu?&#8221; sorusunu &#8220;Hay\u0131r. Ne diyelim? Bu ili\u015fkiler takip edilir herkes taraf\u0131ndan. Siz, daha iyi takip edersiniz&#8221; diye cevaplad\u0131.<\/p>\n<p style=\"text-align: justify;\">Enerji ve Tabii Kaynaklar Bakan\u0131 Taner Y\u0131ld\u0131z da Ba\u015fesgio\u011flu&#8217;nun AK Parti&#8217;den istifas\u0131na \u00fcz\u00fcld\u00fc\u011f\u00fcn\u00fc s\u00f6yledi.<\/p>\n<p style=\"text-align: justify;\">AK Parti Grup Ba\u015fkanvekili Suat K\u0131l\u0131\u00e7, \u0130stanbul Milletvekili Murat Ba\u015fesgio\u011flu&#8217;nun istifas\u0131n\u0131, &#8220;7 y\u0131la yak\u0131n bir s\u00fcre Bakanl\u0131k yapan bir isim, en az\u0131ndan 23. d\u00f6nemin sonuna kadar AK Parti&#8217;de kalarak, kendisine oy verenlere kar\u015f\u0131 siyasi sorumlulu\u011funu yerine getirebilirdi&#8221; \u015feklinde de\u011ferlendirdi.<\/p>\n<p style=\"text-align: justify;\">\u0130\u00e7i\u015fleri Bakan\u0131 Be\u015fir Atalay, bu haberi yeni duydu\u011funu ve bekledi\u011fi bir \u015fey olmad\u0131\u011f\u0131n\u0131 s\u00f6yledi.<\/p>\n<p style=\"text-align: justify;\"><strong>TBMM&#8217;deki son sandalye da\u011f\u0131l\u0131m\u0131 \u015f\u00f6yle: <\/strong><\/p>\n<p style=\"text-align: justify;\">AK Parti   335<\/p>\n<p style=\"text-align: justify;\">CHP        101<\/p>\n<p style=\"text-align: justify;\">MHP         69<\/p>\n<p style=\"text-align: justify;\">BDP         20<\/p>\n<p style=\"text-align: justify;\">Ba\u011f\u0131ms\u0131z     9<\/p>\n<p style=\"text-align: justify;\">DSP          6<\/p>\n<p style=\"text-align: justify;\">DP           1<\/p>\n<p style=\"text-align: justify;\">TP           1<\/p>\n<p style=\"text-align: justify;\">Bo\u015f          8<\/p>\n<p style=\"text-align: justify;\"><strong>Toplam     550<\/strong><\/p>\n<p style=\"text-align: justify;\"><span style=\"color: #888888;\">CNN T\u00dcRK<\/span><\/p>\n","protected":false},"excerpt":{"rendered":"<p style=\"text-align: center;\">\n<p style=\"text-align: justify;\">AK Parti \u0130stanbul Milletvekili Murat Ba\u015fesgio\u011flu, partisinden istifa etti. Ba\u015fesgio\u011flu istifa gerek\u00e7esi olarak g\u00f6r\u00fc\u015f ayr\u0131l\u0131klar\u0131n\u0131 g\u00f6sterdi ve &#8220;AK Parti&#8217;de siyaset yapma imkan\u0131n\u0131 ortadan kalkt\u0131&#8221; dedi. <\/p>\n","protected":false},"author":1,"featured_media":0,"comment_status":"open","ping_status":"closed","sticky":false,"template":"","format":"standard","meta":{"footnotes":""},"categories":[105],"tags":[],"class_list":["post-24086","post","type-post","status-publish","format-standard","hentry","category-gundem","odd"],"_links":{"self":[{"href":"http:\/\/www.korhanyilmaz.com\/index.php?rest_route=\/wp\/v2\/posts\/24086","targetHints":{"allow":["GET"]}}],"collection":[{"href":"http:\/\/www.korhanyilmaz.com\/index.php?rest_route=\/wp\/v2\/posts"}],"about":[{"href":"http:\/\/www.korhanyilmaz.com\/index.php?rest_route=\/wp\/v2\/types\/post"}],"author":[{"embeddable":true,"href":"http:\/\/www.korhanyilmaz.com\/index.php?rest_route=\/wp\/v2\/users\/1"}],"replies":[{"embeddable":true,"href":"http:\/\/www.korhanyilmaz.com\/index.php?rest_route=%2Fwp%2Fv2%2Fcomments&post=24086"}],"version-history":[{"count":0,"href":"http:\/\/www.korhanyilmaz.com\/index.php?rest_route=\/wp\/v2\/posts\/24086\/revisions"}],"wp:attachment":[{"href":"http:\/\/www.korhanyilmaz.com\/index.php?rest_route=%2Fwp%2Fv2%2Fmedia&parent=24086"}],"wp:term":[{"taxonomy":"category","embeddable":true,"href":"http:\/\/www.korhanyilmaz.com\/index.php?rest_route=%2Fwp%2Fv2%2Fcategories&post=24086"},{"taxonomy":"post_tag","embeddable":true,"href":"http:\/\/www.korhanyilmaz.com\/index.php?rest_route=%2Fwp%2Fv2%2Ftags&post=24086"}],"curies":[{"name":"wp","href":"https:\/\/api.w.org\/{rel}","templated":true}]}}