{"id":24081,"date":"2010-07-01T23:18:27","date_gmt":"2010-07-01T23:18:27","guid":{"rendered":"http:\/\/www.korhanyilmaz.com\/?p=24081"},"modified":"2010-07-01T23:18:27","modified_gmt":"2010-07-01T23:18:27","slug":"davutoglu-israil-ile-gizli-gorusmeyi-savundu","status":"publish","type":"post","link":"http:\/\/www.korhanyilmaz.com\/?p=24081","title":{"rendered":"Davuto\u011flu \u0130srail ile &#8220;gizli g\u00f6r\u00fc\u015fme&#8221;yi savundu"},"content":{"rendered":"<p style=\"text-align: center;\"><a href=\"http:\/\/www.korhanyilmaz.com\/wp-content\/uploads\/2010\/07\/211.jpg\"  class=\"lightview\"><img loading=\"lazy\" decoding=\"async\" class=\"aligncenter size-full wp-image-24082\" src=\"http:\/\/www.korhanyilmaz.com\/wp-content\/uploads\/2010\/07\/211.jpg\" alt=\"\" width=\"307\" height=\"236\" \/><\/a><\/p>\n<p style=\"text-align: justify;\">D\u0131\u015fi\u015fleri Bakan\u0131 Ahmet Davuto\u011flu, &#8220;\u0130srail Ba\u015fbakan\u0131 Netenyahu&#8217;yu temsilen End\u00fcstri ve Ticaret Bakan\u0131 Benjamin Ben-Eliezer bizden g\u00f6r\u00fc\u015fme talebinde bulundu ve bu g\u00f6r\u00fc\u015fmeyi ger\u00e7ekle\u015ftirdik, do\u011fru yapt\u0131k&#8221; dedi.<!--more--><\/p>\n<p style=\"text-align: justify;\">Davuto\u011flu, TBMM Genel Kurulunda D\u0131\u015fi\u015fleri Bakanl\u0131\u011f\u0131 Te\u015fkilat Kanunu \u00fczerinde yapt\u0131\u011f\u0131 konu\u015fmada, \u0130srail taraf\u0131n\u0131n do\u011frudan ve dolayl\u0131 mesajlar g\u00f6ndererek Mavi Marmara gemisine sald\u0131r\u0131 oldu\u011fu andan itibaren T\u00fcrkiye ile temasa ge\u00e7meye \u00e7al\u0131\u015ft\u0131\u011f\u0131n\u0131 ifade etti.<\/p>\n<p style=\"text-align: justify;\">&#8220;Biz, uluslararas\u0131 g\u00fcndemde yeterli ad\u0131mlar\u0131 atmaks\u0131z\u0131n bu temas\u0131 do\u011fru g\u00f6rm\u00fcyorduk&#8221; diyen Davuto\u011flu, \u015funlar\u0131 s\u00f6yledi: &#8220;Ama son geli\u015fmeler \u0131\u015f\u0131\u011f\u0131nda, \u00f6zellikle verdi\u011fimiz nota sonras\u0131nda, Ticaret Bakan\u0131 olarak de\u011fil, \u0130srail Ba\u015fbakan\u0131 Netanyahu&#8217;yu temsilen End\u00fcstri ve Ticaret Bakan\u0131 Benjamin Ben-Eliezer bizden g\u00f6r\u00fc\u015fme talebinde bulundu ve bu g\u00f6r\u00fc\u015fmeyi ger\u00e7ekle\u015ftirdik, do\u011fru yapt\u0131k.<\/p>\n<p style=\"text-align: justify;\">\u015eartlar\u0131m\u0131z\u0131 y\u00fczlerine do\u011frudan ve net olarak s\u00f6ylemek i\u00e7in bunu yapt\u0131k. D\u00fcnyan\u0131n b\u00fct\u00fcn\u00fcne, b\u00fct\u00fcn k\u00fcresel alana, BM G\u00fcvenlik Konseyinde y\u00fcksek sesle vurgulad\u0131\u011f\u0131m\u0131z temel taleplerimizi \u0130sraillilerin y\u00fcz\u00fcne de s\u00f6ylemek i\u00e7in bunu yapt\u0131k. Bug\u00fcn olsayd\u0131 yine yapard\u0131k. Neler s\u00f6yledi\u011fimiz devlet kay\u0131tlar\u0131nda yaz\u0131l\u0131d\u0131r. Hi\u00e7 kimse bu ithamda da bulunamaz.<\/p>\n<p style=\"text-align: justify;\">AK Parti iktidar\u0131ndaki b\u00fct\u00fcn g\u00f6r\u00fc\u015fmeler devlet ar\u015fivinde vard\u0131r, d\u00fcnk\u00fc g\u00f6r\u00fc\u015fme de devlet ar\u015fivimizde vard\u0131r. G\u00f6r\u00fc\u015fmeyi de D\u0131\u015fi\u015fleri Bakanl\u0131\u011f\u0131 M\u00fcste\u015far\u0131 Say\u0131n Sinirlio\u011flu ile birlikte ger\u00e7ekle\u015ftirdik. Hepsi var. Diplomasi, a\u00e7\u0131k olarak da gizli olarak da yap\u0131l\u0131r. Niye gizli oldu\u011funu bize de\u011fil, \u0130srail taraf\u0131na sorun. Gizli olmas\u0131 bile (\u0130srail) H\u00fck\u00fcmeti bu kadar \u00e7at\u0131rdatt\u0131ysa, a\u00e7\u0131k olmu\u015f olsayd\u0131 herhalde bu g\u00f6r\u00fc\u015fme hi\u00e7 ger\u00e7ekle\u015fmezdi.&#8221;<\/p>\n<p style=\"text-align: justify;\"><strong>&#8220;\u0130srail&#8217;i yaln\u0131zla\u015ft\u0131rmaya devam edece\u011fiz&#8221; <\/strong><\/p>\n<p style=\"text-align: justify;\">Davuto\u011flu, \u0130srail&#8217;in Gazze&#8217;ye yard\u0131m g\u00f6t\u00fcren Mavi Marmara gemisine y\u00f6nelik sald\u0131r\u0131s\u0131n\u0131n ard\u0131ndan ger\u00e7ekle\u015ftirilen diplomatik giri\u015fimlere ili\u015fkin bilgi verdi.<\/p>\n<p style=\"text-align: justify;\">Sald\u0131r\u0131ya ili\u015fkin b\u00f6lgesel ve uluslararas\u0131 \u00f6rg\u00fctlerden k\u0131nama kararlar\u0131 \u00e7\u0131kard\u0131klar\u0131n\u0131 anlatan Davuto\u011flu, &#8220;\u0130srail, ilk defa d\u00fcnyada bu kadar yaln\u0131zla\u015ft\u0131r\u0131ld\u0131. \u00c7ok b\u00fcy\u00fck bir dayan\u0131\u015fma g\u00f6rd\u00fck. Bunun i\u00e7in h\u00fck\u00fcmetleri \u00e7at\u0131rdamaya ba\u015flad\u0131, \u00e7at\u0131rdayacak. T\u00fcrk vatanda\u015flar\u0131n\u0131n hukukunu takip etmek bizim milli onurumuzdur&#8221; diye konu\u015ftu.<\/p>\n<p style=\"text-align: justify;\">&#8220;\u0130srail&#8217;i uluslararas\u0131 platformlarda yaln\u0131zla\u015ft\u0131rmaya devam edece\u011fiz&#8221; diyen Davuto\u011flu, s\u00f6zlerine \u015f\u00f6yle devam etti: &#8220;Bu i\u015fin pe\u015fini b\u0131rakmayaca\u011f\u0131z. Uluslararas\u0131 takip komisyonu da kurulacak. Y\u00fcce Meclisimizin ortak \u015fekilde ald\u0131\u011f\u0131 karar\u0131n t\u00fcm gerekleri yerine getirilecek. Bu \u00e7er\u00e7evede \u0130srail&#8217;e Y\u00fcce Meclisimizin ortak karar\u0131 sonras\u0131nda bir nota tevdi ettik. Taleplerimizi dile getirdik. O g\u00fcnden bug\u00fcne de bu taleplerimizi her vesilede g\u00fcndeme getirdik, getirmeye de devam edece\u011fiz.&#8221;<\/p>\n<p style=\"text-align: justify;\"><strong>&#8220;Do\u011fu Kud\u00fcs bizim meselemizdir&#8221; <\/strong><\/p>\n<p style=\"text-align: justify;\">CHP istanbul Milletvekili \u015e\u00fckr\u00fc Elekda\u011f&#8217;\u0131n, kendisinin Kud\u00fcs ile ilgili s\u00f6zlerini de\u011ferlendirdi\u011fini an\u0131msatan Davuto\u011flu, \u015f\u00f6yle konu\u015ftu: &#8220;Say\u0131n Elekda\u011f, Kud\u00fcs bizim meselemizdir. Do\u011fu Kud\u00fcs, sizin zannetti\u011finiz gibi \u0130srail&#8217;in toprak par\u00e7as\u0131 de\u011fildir. Uluslararas\u0131 hukuka g\u00f6re Do\u011fu Kud\u00fcs, Filistin devletinin bir par\u00e7as\u0131d\u0131r ve i\u015fgal alt\u0131nda olan topraklardand\u0131r. Mescid-i Aksa da Do\u011fu Kud\u00fcs&#8217;te bulunuyor. Mescid-i Aksa, \u0130srail topra\u011f\u0131 de\u011fildir ve olmayacakt\u0131r. Bir g\u00fcn bar\u0131\u015f olursa, -ki benim kastetti\u011fim odur- Do\u011fu Kud\u00fcs, Filistin&#8217;in ba\u015fkenti olacakt\u0131r ve bir Arap Ligi toplant\u0131s\u0131 orada da yap\u0131lacakt\u0131r, yap\u0131labilir. Biz burada bar\u0131\u015f mesaj\u0131 veriyoruz. Evet, bar\u0131\u015f olacak ve Do\u011fu Kud\u00fcs, Filistin&#8217;in ba\u015fkenti olacak. Neden bizim meselemiz?<\/p>\n<p style=\"text-align: justify;\">\u015eu anda Do\u011fu Kud\u00fcs&#8217;teki dini mekanlar\u0131n idaresi hala Osmanl\u0131&#8217;dan kalma team\u00fcllerle y\u00f6netiliyor. Yeni bir uygulama, hukuk yok. 1948&#8217;te sava\u015f sonras\u0131nda olu\u015fan Do\u011fu Kud\u00fcs Komisyonu vard\u0131 BM&#8217;de. T\u00fcrkiye, Kud\u00fcs Komisyonu \u00fcyesidir, ABD ve Fransa ile birlikte. Bu komisyon hala BM b\u00fcnyesinde varl\u0131\u011f\u0131n\u0131 s\u00fcrd\u00fcrmektedir. Biz bu komisyonun \u00fcyesiyiz.&#8221;<\/p>\n<p style=\"text-align: justify;\">Do\u011fu Kud\u00fcs&#8217;\u00fcn ge\u00e7mi\u015fte oldu\u011fu gibi bug\u00fcn de T\u00fcrkiye&#8217;nin meselesi olaca\u011f\u0131n\u0131 vurgulayan Bakan Davuto\u011flu, &#8220;Say\u0131n Ba\u015fbakan&#8217;\u0131n bir s\u00f6z\u00fcne atfen yine tekrar ediyorum; Kud\u00fcs&#8217;\u00fcn kaderi de Ba\u011fdat&#8217;\u0131n kaderi de Bi\u015fkek&#8217;in kaderi de, Semerkant&#8217;\u0131n kaderi de, Saraybosna&#8217;n\u0131n kaderi de bizim kaderimizdir. Buralarda d\u00fczen olursa Anadolu co\u011frafyas\u0131 lider olur. Buralarda d\u00fczen olmazsa biz Anadolu co\u011frafyas\u0131nda rahat oturamay\u0131z&#8221; diye konu\u015ftu.<\/p>\n<p style=\"text-align: justify;\"><strong>Gizli bulu\u015fma <\/strong><\/p>\n<p style=\"text-align: justify;\">Mavi Marmara gemisine yap\u0131lan kanl\u0131 bask\u0131ndan sonra bozulan T\u00fcrkiye-\u0130srail ili\u015fkilerini tamir etmek i\u00e7in D\u0131\u015fi\u015fleri Bakan\u0131 Ahmet Davuto\u011flu ile \u0130srail Sanayi Bakan\u0131 Binyamin Ben-Eliezer, Avrupa&#8217;da gizlice bulu\u015fmu\u015ftu.<\/p>\n<p style=\"text-align: justify;\"><span style=\"color: #888888;\">CNN T\u00dcRK<\/span><\/p>\n","protected":false},"excerpt":{"rendered":"<p style=\"text-align: center;\">\n<p style=\"text-align: justify;\">D\u0131\u015fi\u015fleri Bakan\u0131 Ahmet Davuto\u011flu, &#8220;\u0130srail Ba\u015fbakan\u0131 Netenyahu&#8217;yu temsilen End\u00fcstri ve Ticaret Bakan\u0131 Benjamin Ben-Eliezer bizden g\u00f6r\u00fc\u015fme talebinde bulundu ve bu g\u00f6r\u00fc\u015fmeyi ger\u00e7ekle\u015ftirdik, do\u011fru yapt\u0131k&#8221; dedi.<\/p>\n","protected":false},"author":1,"featured_media":0,"comment_status":"open","ping_status":"closed","sticky":false,"template":"","format":"standard","meta":{"footnotes":""},"categories":[105],"tags":[],"class_list":["post-24081","post","type-post","status-publish","format-standard","hentry","category-gundem","odd"],"_links":{"self":[{"href":"http:\/\/www.korhanyilmaz.com\/index.php?rest_route=\/wp\/v2\/posts\/24081","targetHints":{"allow":["GET"]}}],"collection":[{"href":"http:\/\/www.korhanyilmaz.com\/index.php?rest_route=\/wp\/v2\/posts"}],"about":[{"href":"http:\/\/www.korhanyilmaz.com\/index.php?rest_route=\/wp\/v2\/types\/post"}],"author":[{"embeddable":true,"href":"http:\/\/www.korhanyilmaz.com\/index.php?rest_route=\/wp\/v2\/users\/1"}],"replies":[{"embeddable":true,"href":"http:\/\/www.korhanyilmaz.com\/index.php?rest_route=%2Fwp%2Fv2%2Fcomments&post=24081"}],"version-history":[{"count":0,"href":"http:\/\/www.korhanyilmaz.com\/index.php?rest_route=\/wp\/v2\/posts\/24081\/revisions"}],"wp:attachment":[{"href":"http:\/\/www.korhanyilmaz.com\/index.php?rest_route=%2Fwp%2Fv2%2Fmedia&parent=24081"}],"wp:term":[{"taxonomy":"category","embeddable":true,"href":"http:\/\/www.korhanyilmaz.com\/index.php?rest_route=%2Fwp%2Fv2%2Fcategories&post=24081"},{"taxonomy":"post_tag","embeddable":true,"href":"http:\/\/www.korhanyilmaz.com\/index.php?rest_route=%2Fwp%2Fv2%2Ftags&post=24081"}],"curies":[{"name":"wp","href":"https:\/\/api.w.org\/{rel}","templated":true}]}}