{"id":24076,"date":"2010-07-01T22:01:45","date_gmt":"2010-07-01T22:01:45","guid":{"rendered":"http:\/\/www.korhanyilmaz.com\/?p=24076"},"modified":"2010-07-01T22:01:45","modified_gmt":"2010-07-01T22:01:45","slug":"kilicdaroglu-turbanla-gidecekler-demedim","status":"publish","type":"post","link":"http:\/\/www.korhanyilmaz.com\/?p=24076","title":{"rendered":"K\u0131l\u0131\u00e7daro\u011flu: &#8220;T\u00fcrbanla gidecekler demedim&#8221;"},"content":{"rendered":"<p style=\"text-align: center;\"><a href=\"http:\/\/www.korhanyilmaz.com\/wp-content\/uploads\/2010\/07\/210.jpg\"  class=\"lightview\"><img loading=\"lazy\" decoding=\"async\" class=\"aligncenter size-full wp-image-24078\" src=\"http:\/\/www.korhanyilmaz.com\/wp-content\/uploads\/2010\/07\/210.jpg\" alt=\"\" width=\"307\" height=\"236\" \/><\/a><\/p>\n<p style=\"text-align: justify;\">CHP Genel Ba\u015fkan\u0131 Kemal K\u0131l\u0131\u00e7daro\u011flu, &#8220;K\u0131zlar \u00fcniversiteye t\u00fcrbanla gidecek demedim&#8221; dedi.<\/p>\n<p style=\"text-align: justify;\">CHP Genel Merkezi&#8217;nden yap\u0131lan a\u00e7\u0131klamaya g\u00f6re, bir gazetede bug\u00fcn &#8220;K\u0131zlar \u00fcniversiteye t\u00fcrbanla gidecek&#8221; ba\u015fl\u0131kl\u0131 r\u00f6portaj\u0131n\u0131n yay\u0131mland\u0131\u011f\u0131n\u0131 an\u0131msatan K\u0131l\u0131\u00e7daro\u011flu, &#8220;Gazetede ayr\u0131nt\u0131l\u0131 olarak yer alan sorular ve bu sorulara verilen yan\u0131tlardan da a\u00e7\u0131k\u00e7a g\u00f6r\u00fclece\u011fi gibi taraf\u0131mdan &#8216;K\u0131zlar \u00fcniversiteye t\u00fcrbanla gidecek&#8217; ifadesi kullan\u0131lmam\u0131\u015ft\u0131r&#8221; dedi. <!--more--><\/p>\n<p style=\"text-align: justify;\">K\u0131l\u0131\u00e7daro\u011flu, &#8220;\u0130ktidar olursan\u0131z ba\u015f\u00f6rt\u00fcl\u00fc k\u0131zlar\u0131n \u00fcniversiteye gidebilmesi i\u00e7in bir \u015fey yapacak m\u0131s\u0131n\u0131z&#8221; sorusuna, &#8220;O konuda s\u00f6yledim. O sorunu biz \u00e7\u00f6zeriz ve \u00e7\u00f6zmeye de kararl\u0131y\u0131z&#8221; yan\u0131t\u0131n\u0131 verdi\u011fini belirtti.<\/p>\n<p style=\"text-align: justify;\">&#8220;Nas\u0131l \u00e7\u00f6zeceksiniz&#8221; sorusunu &#8220;Onu bize b\u0131raks\u0131nlar. Ter\u00f6r\u00fc de \u00e7\u00f6zece\u011fiz, t\u00fcrban sorununu da \u00e7\u00f6zece\u011fiz&#8221;; &#8220;T\u00fcrbanl\u0131 k\u0131zlar \u00fcniversiteye gidebilecekler mi&#8221; sorusunu ise &#8220;Toplumsal deste\u011fi sa\u011flayaca\u011f\u0131z. Herkesin okumas\u0131na olanak sa\u011flayaca\u011f\u0131z. Kimsenin endi\u015fesi olmas\u0131n. Biz bu sorunu \u00e7\u00f6zece\u011fiz&#8221; diye cevaplad\u0131\u011f\u0131n\u0131 kaydeden K\u0131l\u0131\u00e7daro\u011flu, \u015f\u00f6yle devam etti:<\/p>\n<p style=\"text-align: justify;\">&#8220;Sorular ve sorulara verilen yan\u0131tlar a\u00e7\u0131k\u00e7a g\u00f6stermektedir ki gazetenin man\u015feti hari\u00e7, kulland\u0131\u011f\u0131 haberde &#8216;K\u0131zlar \u00fcniversiteye t\u00fcrbanla gidecek&#8217; ifadesi yer almamaktad\u0131r. Kald\u0131 ki bu konuda Dan\u0131\u015ftay\u0131n, Avrupa \u0130nsan Haklar\u0131 Mahkemesi&#8217;nin, Anayasa Mahkememizin yerle\u015fmi\u015f kararlar\u0131 bulunmaktad\u0131r. Bilindi\u011fi gibi Anayasa Mahkemesi kararlar\u0131 yasama, y\u00fcr\u00fctme ve yarg\u0131 organlar\u0131yla ger\u00e7ek ve t\u00fczel ki\u015fileri de ba\u011flar.<\/p>\n<p style=\"text-align: justify;\">T\u00fcrban\u0131n siyasi malzeme yap\u0131lmamas\u0131 ve t\u00fcm siyasi partilerle toplumsal uzla\u015fman\u0131n sa\u011flanmas\u0131 halinde \u00e7\u00f6z\u00fclebilecek bir sorunla ilgili olarak kullanmad\u0131\u011f\u0131m bir ifadenin man\u015fetten verilmesinin meslek eti\u011fi ile ba\u011fda\u015fmad\u0131\u011f\u0131 kan\u0131s\u0131nday\u0131m.&#8221;<\/p>\n<p style=\"text-align: justify;\"><span style=\"color: #888888;\">CNN T\u00dcRK<\/span><\/p>\n","protected":false},"excerpt":{"rendered":"<p style=\"text-align: center;\">\n<p style=\"text-align: justify;\">CHP Genel Ba\u015fkan\u0131 Kemal K\u0131l\u0131\u00e7daro\u011flu, &#8220;K\u0131zlar \u00fcniversiteye t\u00fcrbanla gidecek demedim&#8221; dedi.<\/p>\n<p style=\"text-align: justify;\">CHP Genel Merkezi&#8217;nden yap\u0131lan a\u00e7\u0131klamaya g\u00f6re, bir gazetede bug\u00fcn &#8220;K\u0131zlar \u00fcniversiteye t\u00fcrbanla gidecek&#8221; ba\u015fl\u0131kl\u0131 r\u00f6portaj\u0131n\u0131n yay\u0131mland\u0131\u011f\u0131n\u0131 an\u0131msatan K\u0131l\u0131\u00e7daro\u011flu, &#8220;Gazetede ayr\u0131nt\u0131l\u0131 olarak yer alan sorular ve bu sorulara verilen yan\u0131tlardan da a\u00e7\u0131k\u00e7a g\u00f6r\u00fclece\u011fi gibi taraf\u0131mdan &#8216;K\u0131zlar \u00fcniversiteye t\u00fcrbanla <\/p>\n","protected":false},"author":1,"featured_media":0,"comment_status":"open","ping_status":"closed","sticky":false,"template":"","format":"standard","meta":{"footnotes":""},"categories":[105],"tags":[],"class_list":["post-24076","post","type-post","status-publish","format-standard","hentry","category-gundem","odd"],"_links":{"self":[{"href":"http:\/\/www.korhanyilmaz.com\/index.php?rest_route=\/wp\/v2\/posts\/24076","targetHints":{"allow":["GET"]}}],"collection":[{"href":"http:\/\/www.korhanyilmaz.com\/index.php?rest_route=\/wp\/v2\/posts"}],"about":[{"href":"http:\/\/www.korhanyilmaz.com\/index.php?rest_route=\/wp\/v2\/types\/post"}],"author":[{"embeddable":true,"href":"http:\/\/www.korhanyilmaz.com\/index.php?rest_route=\/wp\/v2\/users\/1"}],"replies":[{"embeddable":true,"href":"http:\/\/www.korhanyilmaz.com\/index.php?rest_route=%2Fwp%2Fv2%2Fcomments&post=24076"}],"version-history":[{"count":0,"href":"http:\/\/www.korhanyilmaz.com\/index.php?rest_route=\/wp\/v2\/posts\/24076\/revisions"}],"wp:attachment":[{"href":"http:\/\/www.korhanyilmaz.com\/index.php?rest_route=%2Fwp%2Fv2%2Fmedia&parent=24076"}],"wp:term":[{"taxonomy":"category","embeddable":true,"href":"http:\/\/www.korhanyilmaz.com\/index.php?rest_route=%2Fwp%2Fv2%2Fcategories&post=24076"},{"taxonomy":"post_tag","embeddable":true,"href":"http:\/\/www.korhanyilmaz.com\/index.php?rest_route=%2Fwp%2Fv2%2Ftags&post=24076"}],"curies":[{"name":"wp","href":"https:\/\/api.w.org\/{rel}","templated":true}]}}