{"id":24073,"date":"2010-06-28T20:30:16","date_gmt":"2010-06-28T20:30:16","guid":{"rendered":"http:\/\/www.korhanyilmaz.com\/?p=24073"},"modified":"2010-06-28T20:30:16","modified_gmt":"2010-06-28T20:30:16","slug":"koyluleri-terorist-zannedip-vurdular","status":"publish","type":"post","link":"http:\/\/www.korhanyilmaz.com\/?p=24073","title":{"rendered":"K\u00f6yl\u00fcleri ter\u00f6rist zannedip vurdular!.."},"content":{"rendered":"<p style=\"text-align: center;\"><a href=\"http:\/\/www.korhanyilmaz.com\/wp-content\/uploads\/2010\/07\/209.jpg\"  class=\"lightview\"><img loading=\"lazy\" decoding=\"async\" class=\"aligncenter size-full wp-image-24074\" src=\"http:\/\/www.korhanyilmaz.com\/wp-content\/uploads\/2010\/07\/209.jpg\" alt=\"\" width=\"263\" height=\"197\" \/><\/a><\/p>\n<p style=\"text-align: justify;\">Hatay&#8217;\u0131n Hassa il\u00e7esinde g\u00fcvenlik g\u00fc\u00e7lerinin, kekik toplayan k\u00f6yl\u00fcleri ter\u00f6rist zannederek ate\u015f a\u00e7mas\u0131 sonucu 2 k\u00f6yl\u00fc \u00f6ld\u00fc, 1 k\u00f6yl\u00fc yaraland\u0131.<\/p>\n<p style=\"text-align: justify;\">Hatay Valisi Mehmet Celalettin Lekesiz, Hassa il\u00e7esinin Dedemli k\u00f6y\u00fc \u015eekerim Deresi mevkisinde ter\u00f6r \u00f6rg\u00fct\u00fc \u00fcyelerine kar\u015f\u0131 konu\u015flanan g\u00fcvenlik g\u00fc\u00e7lerinin kekik toplayan k\u00f6yl\u00fcleri, ter\u00f6rist sanarak ate\u015f a\u00e7t\u0131\u011f\u0131n\u0131 s\u00f6yledi. <!--more--><\/p>\n<p style=\"text-align: justify;\">Lekesiz, k\u00f6yl\u00fclerden Ali Dalm\u0131\u015f ile Mustafa Fil&#8217;in olay yerinde \u00f6ld\u00fc\u011f\u00fcn\u00fc, yaralanan Mehmet Sak&#8217;\u0131n Mustafa Kemal \u00dcniversitesi (MK\u00dc) T\u0131p Fak\u00fcltesi Hastanesi&#8217;nde tedavi alt\u0131na al\u0131nd\u0131\u011f\u0131n\u0131 belirterek, &#8220;Olaylardan dolay\u0131 \u00e7ok \u00fczg\u00fcn\u00fcz ve m\u00fcteessiriz&#8221; dedi.<\/p>\n<p style=\"text-align: justify;\">Yaral\u0131 k\u00f6yl\u00fcy\u00fc hastanede ziyaret edeceklerini belirten Lekesiz, daha sonra da \u0130l Jandarma Komutan\u0131 Jandarma Albay Vedat \u00c7olak ve Emniyet M\u00fcd\u00fcr\u00fc Rag\u0131p K\u0131l\u0131\u00e7 ile Hassa&#8217;ya gideceklerini belirtti.<\/p>\n<p style=\"text-align: justify;\"><strong>Olay an\u0131n\u0131 anlatt\u0131&#8230; <\/strong><\/p>\n<p style=\"text-align: justify;\">Olayda yaralanan Mehmet Sak (75), 4 arkada\u015f\u0131yla kekik toplamaya gitti\u011fini, ate\u015f a\u00e7\u0131l\u0131nca yere yatt\u0131klar\u0131n\u0131, g\u00f6z\u00fcn\u00fc hastanede a\u00e7t\u0131\u011f\u0131n\u0131 s\u00f6yledi.<\/p>\n<p style=\"text-align: justify;\">Sabah erken saatlerde Ali Dalm\u0131\u015f, Mustafa Fil ve \u0130brahim Yal\u00e7\u0131n ile kekik toplamaya \u00e7\u0131kt\u0131klar\u0131n\u0131 ifade eden Sak, &#8220;D\u00f6rt arkada\u015f\u0131mla kekik toplama gitmi\u015ftik. Ate\u015f a\u00e7\u0131l\u0131nca birden yere yatt\u0131k, g\u00f6z\u00fcm\u00fc hastanede a\u00e7t\u0131m. Halen bize kimlerin ate\u015f a\u00e7t\u0131\u011f\u0131n\u0131 bilmiyorum. Arkada\u015flar\u0131m\u0131n durumunu da merak ediyorum&#8221; dedi.<\/p>\n<p style=\"text-align: justify;\"><strong>Hatay Valisi&#8217;nden taziye ziyareti <\/strong><\/p>\n<p style=\"text-align: justify;\">Hatay Valisi Mehmet Celalettin Lekesiz, \u0130l Jandarma Komutan\u0131 Jandarma Albay Vedat \u00c7olak ile Hassa il\u00e7esinde konu\u015flanan g\u00fcvenlik g\u00f6revlilerin ate\u015f a\u00e7mas\u0131 sonucunda \u00f6len k\u00f6yl\u00fclerden Mustafa Fil ve Ali Dalm\u0131\u015f&#8217;\u0131n ailesine taziye ziyaretinde bulundu.<\/p>\n<p style=\"text-align: justify;\">Lekesiz ve \u00c7olak&#8217;\u0131n taziye ziyareti s\u0131ras\u0131nda, yanl\u0131\u015fl\u0131kla a\u00e7\u0131lan ate\u015f sonucu keklik toplarken \u00f6len Ali Dalm\u0131\u015f&#8217;\u0131n resmi nikahl\u0131 e\u015fi Ay\u015fe Dalm\u0131\u015f ve birlikte ya\u015fad\u0131\u011f\u0131 Esma Kaya sinir krizi ge\u00e7irdi.<\/p>\n<p style=\"text-align: justify;\">Ay\u015fe Dalm\u0131\u015f, e\u015finin, evin ge\u00e7imini sa\u011flamak amac\u0131yla kekik toplayarak satt\u0131\u011f\u0131n\u0131 anlatt\u0131.<\/p>\n<p style=\"text-align: justify;\">\u00d6len Mustafa Fil&#8217;in k\u0131zlar\u0131 Filiz ve Emine Fil de taziye ziyareti s\u0131ras\u0131nda bayg\u0131nl\u0131k ge\u00e7irdi. Fil&#8217;in yak\u0131nlar\u0131, gazetecilerin foto\u011fraf \u00e7ekmesine tepki g\u00f6sterdi.<\/p>\n<p style=\"text-align: justify;\">Hayat Valisi Lekesiz, Hassa Kaymakam\u0131 Harun Ba\u015f\u0131b\u00fcy\u00fck&#8217;ten olayla ilgili bilgi ald\u0131.<\/p>\n<p style=\"text-align: justify;\">Bu arada, olayda yara almadan kurtulan \u0130brahim Yal\u00e7\u0131n (60) da silah sesleri \u00fczerine bulundu\u011fu yerden ka\u00e7arak kurtuldu\u011funu s\u00f6yledi.<\/p>\n<p style=\"text-align: justify;\">Arkada\u015flar\u0131yla erken saatlerde keklik toplamak amac\u0131yla \u00c7ardakl\u0131 Yaylas\u0131na gittiklerini belirten Yal\u00e7\u0131n, &#8220;Kekik toplad\u0131\u011f\u0131m\u0131z s\u0131rada bir anda silah sesi duydum. Hemen yere yatarak sakland\u0131m ve daha sonra kendimi yak\u0131nda bulunan dereye att\u0131m. Uzun s\u00fcre bulundu\u011fum yerden \u00e7\u0131kmad\u0131m. Bir s\u00fcre sonra da s\u00fcr\u00fcnerek olay yerinden uzakla\u015f\u0131p eve gittim. Di\u011fer arkada\u015flar\u0131m\u0131n o anda ne yapt\u0131\u011f\u0131n\u0131 bilmiyorum. O anda kimin ne i\u00e7in ate\u015f a\u00e7t\u0131\u011f\u0131n\u0131 anlayamad\u0131m. 2 arkada\u015f\u0131m\u0131n \u00f6ld\u00fc\u011f\u00fcn\u00fc, di\u011ferinin de yaraland\u0131\u011f\u0131n\u0131 evime gelince \u00f6\u011frendim. \u00d6len arkada\u015flar\u0131m i\u00e7in \u00e7ok \u00fcz\u00fcld\u00fcm&#8221; diye konu\u015ftu.<\/p>\n<p style=\"text-align: justify;\">Yal\u00e7\u0131n, olayla ilgili olarak \u0130l\u00e7e Jandarma Komutanl\u0131\u011f\u0131, daha sonra Adliyede Cumhuriyet Savc\u0131l\u0131\u011f\u0131na ifade verdi\u011fini, ard\u0131ndan serbest b\u0131rak\u0131ld\u0131\u011f\u0131n\u0131 kaydetti.<\/p>\n<p style=\"text-align: justify;\">Hassa&#8217;n\u0131n Dedemli k\u00f6y\u00fc \u015eekerim Deresi Mevkisinde konu\u015flanan g\u00fcvenlik g\u00f6revlileri, ter\u00f6rist sanarak a\u00e7t\u0131klar\u0131 ate\u015f sonucu kekik toplayan vatanda\u015flardan 2 ki\u015fi \u00f6lm\u00fc\u015f, bir ki\u015fi de yaralanm\u0131\u015ft\u0131.<\/p>\n<p style=\"text-align: justify;\"><span style=\"color: #888888;\">CNN T\u00dcRK<\/span><\/p>\n","protected":false},"excerpt":{"rendered":"<p style=\"text-align: center;\">\n<p style=\"text-align: justify;\">Hatay&#8217;\u0131n Hassa il\u00e7esinde g\u00fcvenlik g\u00fc\u00e7lerinin, kekik toplayan k\u00f6yl\u00fcleri ter\u00f6rist zannederek ate\u015f a\u00e7mas\u0131 sonucu 2 k\u00f6yl\u00fc \u00f6ld\u00fc, 1 k\u00f6yl\u00fc yaraland\u0131.<\/p>\n<p style=\"text-align: justify;\">Hatay Valisi Mehmet Celalettin Lekesiz, Hassa il\u00e7esinin Dedemli k\u00f6y\u00fc \u015eekerim Deresi mevkisinde ter\u00f6r \u00f6rg\u00fct\u00fc \u00fcyelerine kar\u015f\u0131 konu\u015flanan g\u00fcvenlik g\u00fc\u00e7lerinin kekik toplayan k\u00f6yl\u00fcleri, ter\u00f6rist sanarak ate\u015f a\u00e7t\u0131\u011f\u0131n\u0131 s\u00f6yledi. <\/p>\n","protected":false},"author":1,"featured_media":0,"comment_status":"open","ping_status":"closed","sticky":false,"template":"","format":"standard","meta":{"footnotes":""},"categories":[105],"tags":[250],"class_list":["post-24073","post","type-post","status-publish","format-standard","hentry","category-gundem","tag-kekik-toplayan-koyluler","odd"],"_links":{"self":[{"href":"http:\/\/www.korhanyilmaz.com\/index.php?rest_route=\/wp\/v2\/posts\/24073","targetHints":{"allow":["GET"]}}],"collection":[{"href":"http:\/\/www.korhanyilmaz.com\/index.php?rest_route=\/wp\/v2\/posts"}],"about":[{"href":"http:\/\/www.korhanyilmaz.com\/index.php?rest_route=\/wp\/v2\/types\/post"}],"author":[{"embeddable":true,"href":"http:\/\/www.korhanyilmaz.com\/index.php?rest_route=\/wp\/v2\/users\/1"}],"replies":[{"embeddable":true,"href":"http:\/\/www.korhanyilmaz.com\/index.php?rest_route=%2Fwp%2Fv2%2Fcomments&post=24073"}],"version-history":[{"count":0,"href":"http:\/\/www.korhanyilmaz.com\/index.php?rest_route=\/wp\/v2\/posts\/24073\/revisions"}],"wp:attachment":[{"href":"http:\/\/www.korhanyilmaz.com\/index.php?rest_route=%2Fwp%2Fv2%2Fmedia&parent=24073"}],"wp:term":[{"taxonomy":"category","embeddable":true,"href":"http:\/\/www.korhanyilmaz.com\/index.php?rest_route=%2Fwp%2Fv2%2Fcategories&post=24073"},{"taxonomy":"post_tag","embeddable":true,"href":"http:\/\/www.korhanyilmaz.com\/index.php?rest_route=%2Fwp%2Fv2%2Ftags&post=24073"}],"curies":[{"name":"wp","href":"https:\/\/api.w.org\/{rel}","templated":true}]}}