{"id":24070,"date":"2010-07-01T19:35:45","date_gmt":"2010-07-01T19:35:45","guid":{"rendered":"http:\/\/www.korhanyilmaz.com\/?p=24070"},"modified":"2010-07-01T19:35:45","modified_gmt":"2010-07-01T19:35:45","slug":"yanlislikla-vurulan-koylulerde-yeni-gelisme","status":"publish","type":"post","link":"http:\/\/www.korhanyilmaz.com\/?p=24070","title":{"rendered":"Yanl\u0131\u015fl\u0131kla vurulan k\u00f6yl\u00fclerde yeni geli\u015fme"},"content":{"rendered":"<p><a href=\"http:\/\/www.korhanyilmaz.com\/wp-content\/uploads\/2010\/07\/208.jpg\"  class=\"lightview\"><img loading=\"lazy\" decoding=\"async\" class=\"aligncenter size-full wp-image-24071\" src=\"http:\/\/www.korhanyilmaz.com\/wp-content\/uploads\/2010\/07\/208.jpg\" alt=\"\" width=\"292\" height=\"193\" \/><\/a><\/p>\n<p style=\"text-align: justify;\">Hatay&#8217;\u0131n Hassa il\u00e7esinde konu\u015flanan g\u00fcvenlik g\u00fc\u00e7lerinin ate\u015f a\u00e7mas\u0131 sonucunda yanl\u0131\u015fl\u0131kla 2 k\u00f6yl\u00fcn\u00fcn \u00f6ld\u00fc\u011f\u00fc, birinin yaraland\u0131\u011f\u0131 olayla ilgili aileleri, \u0130\u00e7i\u015fleri Bakanl\u0131\u011f\u0131 ile Hassa Cumhuriyet Ba\u015fsavc\u0131l\u0131\u011f\u0131&#8217;na davac\u0131 olduklar\u0131na dair dilek\u00e7e verdi. <!--more--><\/p>\n<p style=\"text-align: justify;\">Olayda \u00f6len Mustafa Fil&#8217;in (62) e\u015fi Z\u00f6hre Fil ile Ali Dalm\u0131\u015f&#8217;\u0131n (61) e\u015fi Aysel Dalm\u0131\u015f ve yaralanan Hac\u0131 Mehmet Sak&#8217;\u0131n (75) imzas\u0131n\u0131n bulundu\u011fu dilek\u00e7ede, Dedemli k\u00f6y\u00fc \u015eekerin Deresi mevkisinde \u0130brahim Yal\u00e7\u0131n&#8217;\u0131n da bulundu\u011fu 4 ki\u015finin otomobille gittikleri ve daha sonra da 400 metre kadar da kekik ve \u00e7i\u00e7ek toplamak i\u00e7in yaya olarak yol ald\u0131klar\u0131, hi\u00e7 bir uyar\u0131da bulunulmadan ate\u015f a\u00e7\u0131ld\u0131\u011f\u0131 iddia edildi.<\/p>\n<p style=\"text-align: justify;\">Dilek\u00e7ede, Mustafa Fil ve Ali Dalm\u0131\u015f&#8217;\u0131n bir\u00e7ok mermi isabet ederek \u00f6ld\u00fc\u011f\u00fc, Hac\u0131 Mehmet Sak&#8217;\u0131n iki yerinden yaraland\u0131\u011f\u0131, \u0130brahim Yal\u00e7\u0131n&#8217;\u0131n da dere yata\u011f\u0131na saklanarak kurtuldu\u011fu kaydedildi.<\/p>\n<p style=\"text-align: justify;\">Ate\u015f edilmeden \u00f6nce &#8220;dur&#8221; ihtar\u0131nda bulunulmad\u0131\u011f\u0131, 15-20 metre mesafeden ate\u015f a\u00e7\u0131ld\u0131\u011f\u0131, havan\u0131n sisli ve puslu olmad\u0131\u011f\u0131 ileri s\u00fcr\u00fclen dilek\u00e7ede, \u015funlara yer verildi: &#8220;\u00d6lenlerin yan\u0131nda bir bo\u015f \u00e7uval ile 2 adet bo\u015f po\u015fet bulundu. Bu da 4 ki\u015finin amac\u0131n\u0131n kekik ve \u00e7i\u00e7ek toplamak oldu\u011funu g\u00f6steriyor.  \u015eah\u0131slar\u0131n ya\u015f\u0131, kisvesi ve boyu itibar\u0131yla herhangi ter\u00f6rist g\u00f6r\u00fcnt\u00fcs\u00fc sergilemedikleri, ba\u015flar\u0131nda po\u015fu bulunmad\u0131\u011f\u0131, ayakkab\u0131lar\u0131n\u0131n ve k\u0131yafetlerinin normal vatanda\u015flar gibi oldu\u011fu, havan\u0131n a\u00e7\u0131k ve meteorolojik g\u00f6r\u00fcnt\u00fc engeli bulunmad\u0131\u011f\u0131, maktullere ve y\u00f6re halk\u0131na operasyon olaca\u011f\u0131na, pusu at\u0131laca\u011f\u0131na, s\u00f6zl\u00fc, yaz\u0131l\u0131 bir duyurunun bulunmad\u0131\u011f\u0131, ate\u015f etmeden \u00f6nce dur ihtar\u0131 yap\u0131lmad\u0131\u011f\u0131 belirlenmi\u015ftir.&#8221;<\/p>\n<p style=\"text-align: justify;\">Dilek\u00e7ede, olay\u0131n ard\u0131ndan cesetlerin Hassa Hastanesi morguna uygun \u015fekilde ta\u015f\u0131nmad\u0131\u011f\u0131, Adana Adli T\u0131p Kurumuna da ticari minib\u00fcsle g\u00f6t\u00fcr\u00fcld\u00fc\u011f\u00fc, daha sonra itirazlar neticesinde Hassa&#8217;ya sevkinin ambulansla yap\u0131ld\u0131\u011f\u0131 belirtilerek, \u015funlar kaydedildi:<\/p>\n<p style=\"text-align: justify;\">&#8220;Cenazeler, devlet erkan\u0131ndan ve y\u00fcksek kat\u0131l\u0131ml\u0131 t\u00f6renle defnedildi. Olay medyada b\u00fcy\u00fck yank\u0131 buldu. Halk\u0131m\u0131z ve maktul yak\u0131nlar\u0131 devlet yanl\u0131s\u0131d\u0131r. Ter\u00f6r ve destek\u00e7ilerini sevindirmemek ad\u0131na ate\u015f d\u00fc\u015fen y\u00fcreklerimize ta\u015f bast\u0131k. Devletimize darg\u0131n, askerlerimize k\u0131rg\u0131n de\u011filiz. Ancak hukuk terazisinin uygun i\u015flemesini istiyoruz.<\/p>\n<p style=\"text-align: justify;\">Bu olaya sebebiyet verenlerden davac\u0131y\u0131z. Olayla ilgili devletimizin elinde bulunan, t\u00fcm bilgi, belge ve raporlar\u0131 ailelere teslim edilmesini ve ailelerin geli\u015fen durumdan bilgilendirilmelerini arz ederken, devlet b\u00fcy\u00fcklerinin ac\u0131 payla\u015f\u0131m\u0131 ile ilgili giri\u015fim ve katk\u0131lar\u0131na te\u015fekk\u00fcr ederiz.&#8221;<\/p>\n<p style=\"text-align: justify;\">Hatay&#8217;\u0131n Hassa il\u00e7esi Dedemli k\u00f6y\u00fcnde, 28 Haziranda konu\u015flanan g\u00fcvenlik g\u00f6revlilerinin ter\u00f6rist sanarak yanl\u0131\u015fl\u0131kla ate\u015f a\u00e7t\u0131\u011f\u0131 k\u00f6yl\u00fclerden ikisi \u00f6lm\u00fc\u015f, biri yaralanm\u0131\u015ft\u0131.<\/p>\n<p style=\"text-align: justify;\"><span style=\"color: #888888;\">CNN T\u00dcRK<\/span><\/p>\n","protected":false},"excerpt":{"rendered":"<\/p>\n<p style=\"text-align: justify;\">Hatay&#8217;\u0131n Hassa il\u00e7esinde konu\u015flanan g\u00fcvenlik g\u00fc\u00e7lerinin ate\u015f a\u00e7mas\u0131 sonucunda yanl\u0131\u015fl\u0131kla 2 k\u00f6yl\u00fcn\u00fcn \u00f6ld\u00fc\u011f\u00fc, birinin yaraland\u0131\u011f\u0131 olayla ilgili aileleri, \u0130\u00e7i\u015fleri Bakanl\u0131\u011f\u0131 ile Hassa Cumhuriyet Ba\u015fsavc\u0131l\u0131\u011f\u0131&#8217;na davac\u0131 olduklar\u0131na dair dilek\u00e7e verdi. <\/p>\n","protected":false},"author":1,"featured_media":0,"comment_status":"open","ping_status":"closed","sticky":false,"template":"","format":"standard","meta":{"footnotes":""},"categories":[105],"tags":[250],"class_list":["post-24070","post","type-post","status-publish","format-standard","hentry","category-gundem","tag-kekik-toplayan-koyluler","odd"],"_links":{"self":[{"href":"http:\/\/www.korhanyilmaz.com\/index.php?rest_route=\/wp\/v2\/posts\/24070","targetHints":{"allow":["GET"]}}],"collection":[{"href":"http:\/\/www.korhanyilmaz.com\/index.php?rest_route=\/wp\/v2\/posts"}],"about":[{"href":"http:\/\/www.korhanyilmaz.com\/index.php?rest_route=\/wp\/v2\/types\/post"}],"author":[{"embeddable":true,"href":"http:\/\/www.korhanyilmaz.com\/index.php?rest_route=\/wp\/v2\/users\/1"}],"replies":[{"embeddable":true,"href":"http:\/\/www.korhanyilmaz.com\/index.php?rest_route=%2Fwp%2Fv2%2Fcomments&post=24070"}],"version-history":[{"count":0,"href":"http:\/\/www.korhanyilmaz.com\/index.php?rest_route=\/wp\/v2\/posts\/24070\/revisions"}],"wp:attachment":[{"href":"http:\/\/www.korhanyilmaz.com\/index.php?rest_route=%2Fwp%2Fv2%2Fmedia&parent=24070"}],"wp:term":[{"taxonomy":"category","embeddable":true,"href":"http:\/\/www.korhanyilmaz.com\/index.php?rest_route=%2Fwp%2Fv2%2Fcategories&post=24070"},{"taxonomy":"post_tag","embeddable":true,"href":"http:\/\/www.korhanyilmaz.com\/index.php?rest_route=%2Fwp%2Fv2%2Ftags&post=24070"}],"curies":[{"name":"wp","href":"https:\/\/api.w.org\/{rel}","templated":true}]}}