{"id":24062,"date":"2010-07-01T22:46:44","date_gmt":"2010-07-01T22:46:44","guid":{"rendered":"http:\/\/www.korhanyilmaz.com\/?p=24062"},"modified":"2010-07-01T22:46:44","modified_gmt":"2010-07-01T22:46:44","slug":"israil-hukumeti-sagci-da-akp-solcu-mu","status":"publish","type":"post","link":"http:\/\/www.korhanyilmaz.com\/?p=24062","title":{"rendered":"\u0130srail H\u00fck\u00fcmeti Sa\u011fc\u0131 da AKP Solcu mu?"},"content":{"rendered":"<p style=\"text-align: center;\"><a href=\"http:\/\/www.korhanyilmaz.com\/wp-content\/uploads\/2010\/07\/207.jpg\"  class=\"lightview\"><img loading=\"lazy\" decoding=\"async\" class=\"aligncenter size-full wp-image-24063\" src=\"http:\/\/www.korhanyilmaz.com\/wp-content\/uploads\/2010\/07\/207.jpg\" alt=\"\" width=\"372\" height=\"176\" \/><\/a><\/p>\n<p style=\"text-align: justify;\">IHH e.V. ve T\u00fcrkiye\u2019deki isimda\u015f\u0131 ile ilgili yazd\u0131klar\u0131m\u0131z hayli ilgi \u00e7ekmi\u015fti.<\/p>\n<p style=\"text-align: justify;\">Almanya\u2019daki IHH\u2019n\u0131n polis bask\u0131s\u0131 y\u00fcz\u00fcnden pek sesi \u00e7\u0131kamasa da, T\u00fcrkiye\u2019de vak\u0131f stat\u00fcs\u00fc elde eden ve sap\u0131na kadar Milli G\u00f6r\u00fc\u015f zihniyetinden gelen IHH\u2019n\u0131n, h\u00fck\u00fcmet destekli \u0130srail seferinden sonra yap\u0131lan yorumlara do\u011frusu \u015fa\u015f\u0131rd\u0131k&#8230; <!--more--><\/p>\n<p style=\"text-align: justify;\">Ortadaki ger\u00e7ek \u015fudur;<\/p>\n<p style=\"text-align: justify;\"><strong>IHH adl\u0131 bir vak\u0131f, bir \u00fclkenin ambargosunu delmek i\u00e7in yola \u00e7\u0131km\u0131\u015ft\u0131r. <\/strong><\/p>\n<p style=\"text-align: justify;\">Bu ama\u00e7la, \u00f6nceden \u015fehit olmaya gideceklerini belirten ki\u015filer gemiye doldurulmu\u015ftur.<\/p>\n<p style=\"text-align: justify;\">Ard\u0131ndan elinde silah olan komandolara her t\u00fcrl\u00fc alet- edavatla giri\u015filmi\u015ftir.<\/p>\n<p style=\"text-align: justify;\">Sonunda 9 T\u00fcrk can vermi\u015ftir&#8230;<\/p>\n<p style=\"text-align: justify;\"><strong>\u00d6ld\u00fcren hi\u00e7 bir zaman hakl\u0131 de\u011fildir&#8230; <\/strong><\/p>\n<p style=\"text-align: justify;\">Ama bu 9 T\u00fcrk\u2019\u00fc \u00f6l\u00fcme g\u00f6t\u00fcrenler de en az \u00f6ld\u00fcrenler kadar su\u00e7ludur.<\/p>\n<p style=\"text-align: justify;\">\u0130\u015fin bu k\u0131sm\u0131 art\u0131k net&#8230;<\/p>\n<p style=\"text-align: justify;\"><strong>Ama T\u00fcrkiye\u2019de savc\u0131lar nedense IHH ba\u015fkan\u0131n\u0131n yakas\u0131na yap\u0131\u015fm\u0131yor. \u0130\u015fin bu k\u0131sm\u0131 ise biraz garip! <\/strong><\/p>\n<p style=\"text-align: justify;\"><strong>B\u0130ZDEK\u0130LER DE \u00dcMMET\u00c7\u0130&#8230; <\/strong><\/p>\n<p style=\"text-align: justify;\">\u0130srail\u2019in, gerek\u00e7e her ne olursa olsun yapt\u0131\u011f\u0131 bu katliamdan sonra i\u015fin siyasi y\u00f6n\u00fc a\u00e7\u0131s\u0131ndan yap\u0131lan yorumlar hayli ilgin\u00e7ti.<\/p>\n<p style=\"text-align: justify;\">Herkes a\u011f\u0131z birli\u011fi etmi\u015f\u00e7esine, \u201c<strong>\u0130srail\u2019deki a\u015f\u0131r\u0131 sa\u011fc\u0131 h\u00fck\u00fcmet ortam\u0131 geriyor<\/strong>\u201d diyor.<\/p>\n<p style=\"text-align: justify;\">\u015eunu kimse ak\u0131l etmiyor ya da bas\u0131n\u0131n art\u0131k tek sesli hale gelmesinden midir nedir, kimse sormuyor&#8230;<\/p>\n<p style=\"text-align: justify;\">\u201c<strong>Peki bizdeki h\u00fck\u00fcmet ne? Solcu mu?<\/strong>\u201d<\/p>\n<p style=\"text-align: justify;\">T\u00fcrkiye\u2019yi y\u00f6neten h\u00fck\u00fcmet de sa\u011fc\u0131d\u0131r.<\/p>\n<p style=\"text-align: justify;\">Hem de a\u015f\u0131r\u0131 sa\u011fc\u0131d\u0131r. A\u015f\u0131r\u0131 sa\u011fc\u0131 derken, illa ki a\u015f\u0131r\u0131 milliyet\u00e7i anlamamak gerekiyor.<\/p>\n<p style=\"text-align: justify;\"><strong>\u00dcmmet\u00e7idir&#8230; Tek y\u00f6nl\u00fc bir \u00fcmmet\u00e7ilik hakimdir, kendisinden ba\u015fkas\u0131n\u0131 m\u00fcsl\u00fcman saymayacak kadar&#8230; <\/strong><\/p>\n<p style=\"text-align: justify;\">S\u0131rayla ge\u00e7mi\u015fe \u015f\u00f6yle bir bakal\u0131m ve d\u00fc\u015f\u00fcnelim;<\/p>\n<p style=\"text-align: justify;\"><strong>\u0130\u015eTE S\u0130ZE ONLARCA \u00d6RNEK <\/strong><\/p>\n<p style=\"text-align: justify;\">Bir ba\u015fbakan, t\u00fcrban- imam hatip ya da benzeri konu a\u00e7\u0131l\u0131nca \u201c<strong>buna ulema karar verir<\/strong>\u201d diyorsa&#8230;<\/p>\n<p style=\"text-align: justify;\">Bir ba\u015fbakan ve cumhurba\u015fkan\u0131 her Cuma namaz\u0131n\u0131 bas\u0131na u\u00e7uruyor ve camiden \u00e7\u0131km\u0131yorsa&#8230;<\/p>\n<p style=\"text-align: justify;\">Bir ba\u015fbakan, d\u00fcnyan\u0131n ter\u00f6rist ilan etti\u011fi <strong>HAMAS<\/strong>\u2019\u0131 savunuyorsa&#8230;<\/p>\n<p style=\"text-align: justify;\">Bir ba\u015fbakan, soyk\u0131r\u0131mla su\u00e7lanan El Be\u015fir\u2019e kucak a\u00e7\u0131yorsa ve onun \u00fclkesinde katledilen 300 bin ki\u015fi hat\u0131rlad\u0131\u011f\u0131nda, \u201c<strong>Ben gittim g\u00f6rd\u00fcm, bir \u015fey yok orada<\/strong>\u201d diyorsa&#8230;<\/p>\n<p style=\"text-align: justify;\">Bir ba\u015fbakan ve hatta cumhurba\u015fkan\u0131 \u00fclkenin kurumlar\u0131 ile s\u00fcrekli \u00e7at\u0131\u015fma halindeyse&#8230;<\/p>\n<p style=\"text-align: justify;\"><strong>AKP\u2019den \u00e7\u0131kma bir cumhurba\u015fkan\u0131<\/strong>, \u201c<strong>Anayasan\u0131n verdi\u011fi h\u00fckm\u00fc g\u00f6rmezden gelelim<\/strong>\u201d \u00f6nerisine \u201c<strong>Tart\u0131\u015f\u0131ls\u0131n<\/strong>\u201d diyorsa&#8230;<\/p>\n<p style=\"text-align: justify;\">\u0130ktidardaki AKP\u2019nin her f\u0131rsatta din temelli siyaset yapt\u0131\u011f\u0131 ayyuka \u00e7\u0131km\u0131\u015fsa&#8230;<\/p>\n<p style=\"text-align: justify;\">Anayasa Mahkemesi bu partiyi \u201c<strong>irtican\u0131n oda\u011f\u0131<\/strong>\u201d ilan etmi\u015fse&#8230;<\/p>\n<p style=\"text-align: justify;\">AKP\u2019nin lideri ve ba\u015fbakan olan ki\u015fi art\u0131k gazete y\u00f6neticilerini tayin eder ya da etririr hale gelmi\u015fse&#8230;<\/p>\n<p style=\"text-align: justify;\">Ba\u015fbakan olmadan \u00f6nce bu ki\u015finin Taliban lideri ile diz dize foto\u011fraf\u0131 yay\u0131nlanm\u0131\u015fsa&#8230;<\/p>\n<p style=\"text-align: justify;\">Her f\u0131rsatta Atat\u00fcrk ilke ve devrimlerini yok etmek i\u00e7in \u00e7e\u015fitli oyunlar oynan\u0131yorsa&#8230;<\/p>\n<p style=\"text-align: justify;\">Bir ba\u015fbakan ve zihniyetindekiler cemevlerine \u201c<strong>C\u00fcmb\u00fc\u015f evi, k\u00fclt\u00fcr evi<\/strong>\u201d diyorsa&#8230;<\/p>\n<p style=\"text-align: justify;\"><span style=\"text-decoration: underline;\">AKP\u2019nin oldu\u011fu iktidarda \u00fclke, \u015fehler- \u015f\u0131hlar- tarikatlar \u00fclkesi haline gelmi\u015fse&#8230;<\/span><\/p>\n<p style=\"text-align: justify;\">\u00dclkenin ayd\u0131nlar\u0131, solcular\u0131, AKP\u2019den farl\u0131 d\u00fc\u015f\u00fcnenleri, cumhuriyet\u00e7ileri, yazarlar\u0131, \u00e7izerleri i\u00e7eri t\u0131k\u0131l\u0131yor ve y\u0131llarca neyle su\u00e7land\u0131\u011f\u0131n\u0131 bilemeden yat\u0131r\u0131l\u0131yorsa&#8230;<\/p>\n<p style=\"text-align: justify;\">Hukuk aksine karar verdi\u011finde, haks\u0131zl\u0131\u011f\u0131 gidermek i\u00e7in bu ki\u015filerden birilerini tahliye etti\u011finde bizzat ba\u015fbakan taraf\u0131ndan \u201c<strong>ideolojik sald\u0131r\u0131 alt\u0131na<\/strong>\u201d al\u0131n\u0131yorsa&#8230;<\/p>\n<p style=\"text-align: justify;\">Adalet Bakan\u0131, Hakim ve Savc\u0131lar Y\u00fcksek Kurulu\u2019nu \u00e7al\u0131\u015famaz hale getirmi\u015fse&#8230;<\/p>\n<p style=\"text-align: justify;\">\u0130ktidar partisi olarak, kendilerine \u00f6zel hakim ve savc\u0131lar bulma noktas\u0131na gelinmi\u015fse&#8230;<\/p>\n<p style=\"text-align: justify;\"><span style=\"text-decoration: underline;\">\u00dclkenin yar\u0131sanda art\u0131k modern hukuk d\u00fczeni yerine gizliden gizliye \u015ferait hukuku uygulan\u0131r hale gelmi\u015fse&#8230;<\/span><\/p>\n<p style=\"text-align: justify;\">D\u00fc\u011f\u00fcnlerde bile her t\u00fcrl\u00fc dini motifler kullan\u0131l\u0131yorsa&#8230;<\/p>\n<p style=\"text-align: justify;\">\u00dclkenin cumhurba\u015fkan\u0131 ve ba\u015fbakan\u0131 e\u015finin kafas\u0131na sembol takt\u0131r\u0131p her yerde boy g\u00f6steriyorsa&#8230;<\/p>\n<p style=\"text-align: justify;\"><strong>POL\u0130S RAPORLARINA B\u0130LE G\u0130RD\u0130 <\/strong><\/p>\n<p style=\"text-align: justify;\">Bu \u00fclkeyi y\u00f6neten iktidardakilerin zihniyeti, Almanya\u2019da y\u00fczy\u0131l\u0131n yard\u0131m doland\u0131r\u0131c\u0131l\u0131\u011f\u0131 dosyas\u0131na girmi\u015fse&#8230;<\/p>\n<p style=\"text-align: justify;\">Necmettin Erbakan ve Tayyip Erdo\u011fan\u2019\u0131n bu siyasetinin Deniz Feneri gibi yard\u0131m kurulu\u015flar\u0131 ve IHH gibi vak\u0131flarla desteklendi\u011fi iddialar\u0131 neredeyse su g\u00f6t\u00fcrmez ise&#8230;<\/p>\n<p style=\"text-align: justify;\">T\u00fcrkiye\u2019yi neredeyse sava\u015fa sokacak IHH\u2019n\u0131n m\u00fctevelli heyetinde bir AKP\u2019li milletvekili var ise&#8230;<\/p>\n<p style=\"text-align: justify;\">Ayn\u0131 IHH Avrupa\u2019da \u201c<strong>Milli G\u00f6r\u00fc\u015f yanl\u0131s\u0131 ve tehlikeli \u00f6rg\u00fct<\/strong>\u201d olarak niteleniyorsa&#8230;<\/p>\n<p style=\"text-align: justify;\">Sivas canileri Almanya\u2019da elini kolunu sallayarak geziyorken, bu h\u00fck\u00fcmetin g\u0131k\u0131 \u00e7\u0131km\u0131yorsa&#8230;<\/p>\n<p style=\"text-align: justify;\">S\u00f6z konusu s\u00fcnni \u0130slam olunca, bunlar\u0131n her f\u0131rsatta \u00f6ne at\u0131ld\u0131\u011f\u0131n\u0131 g\u00f6r\u00fcyorsan\u0131z&#8230;<\/p>\n<p style=\"text-align: justify;\">Tek referanslar\u0131n\u0131n art\u0131k, tek y\u00f6nl\u00fc bir islam inanc\u0131 oldu\u011fu kan\u0131s\u0131 sizde peki\u015fmi\u015fse&#8230;<\/p>\n<p style=\"text-align: justify;\">Ve bunlara ek olarak akl\u0131m\u0131za gelmeyen daha onlarca \u015fey sayabiliyorsan\u0131z&#8230;<\/p>\n<p style=\"text-align: justify;\">Eh \u015fimdi soruyoruz;<\/p>\n<p style=\"text-align: justify;\"><strong>S\u00f6yleyin bakal\u0131m, \u0130srail\u2019deki h\u00fck\u00fcmet sa\u011fc\u0131 da bizdeki ne? <\/strong><\/p>\n<p style=\"text-align: justify;\"><strong>Solcu mu? <\/strong><\/p>\n<p style=\"text-align: justify;\">***<\/p>\n<p style=\"text-align: justify;\"><strong>G\u00dcN\u00dcN SORUSU <\/strong><\/p>\n<p style=\"text-align: justify;\">\u201cBen art\u0131k d\u00f6ner yemiyorum, k\u00f6rili Alman sosisi (domuzdan \u00fcretilen sucuk) yiyorum diyen Almanya T\u00fcrk Toplumu Ba\u015fkan\u0131 Kenan Kolat\u2019\u0131n, \u0130slam zirvesinde i\u015fi nedir?\u201d<\/p>\n<p style=\"text-align: justify;\"><a href=\"http:\/\/www.odatv.com\/n.php?n=domuz-eti-yiyen-liderin-islam-zirvesinde-isi-ne-0107101200\" target=\"_blank\"><span style=\"color: #888888;\">Kaynak : Ali G\u00fclen &#8211;\u00a0 Odatv.com<\/span><\/a><\/p>\n","protected":false},"excerpt":{"rendered":"<p style=\"text-align: center;\">\n<p style=\"text-align: justify;\">IHH e.V. ve T\u00fcrkiye\u2019deki isimda\u015f\u0131 ile ilgili yazd\u0131klar\u0131m\u0131z hayli ilgi \u00e7ekmi\u015fti.<\/p>\n<p style=\"text-align: justify;\">Almanya\u2019daki IHH\u2019n\u0131n polis bask\u0131s\u0131 y\u00fcz\u00fcnden pek sesi \u00e7\u0131kamasa da, T\u00fcrkiye\u2019de vak\u0131f stat\u00fcs\u00fc elde eden ve sap\u0131na kadar Milli G\u00f6r\u00fc\u015f zihniyetinden gelen IHH\u2019n\u0131n, h\u00fck\u00fcmet destekli \u0130srail seferinden sonra yap\u0131lan yorumlara do\u011frusu \u015fa\u015f\u0131rd\u0131k&#8230; <\/p>\n","protected":false},"author":1,"featured_media":0,"comment_status":"open","ping_status":"closed","sticky":false,"template":"","format":"standard","meta":{"footnotes":""},"categories":[16],"tags":[],"class_list":["post-24062","post","type-post","status-publish","format-standard","hentry","category-kose-yazilari","odd"],"_links":{"self":[{"href":"http:\/\/www.korhanyilmaz.com\/index.php?rest_route=\/wp\/v2\/posts\/24062","targetHints":{"allow":["GET"]}}],"collection":[{"href":"http:\/\/www.korhanyilmaz.com\/index.php?rest_route=\/wp\/v2\/posts"}],"about":[{"href":"http:\/\/www.korhanyilmaz.com\/index.php?rest_route=\/wp\/v2\/types\/post"}],"author":[{"embeddable":true,"href":"http:\/\/www.korhanyilmaz.com\/index.php?rest_route=\/wp\/v2\/users\/1"}],"replies":[{"embeddable":true,"href":"http:\/\/www.korhanyilmaz.com\/index.php?rest_route=%2Fwp%2Fv2%2Fcomments&post=24062"}],"version-history":[{"count":0,"href":"http:\/\/www.korhanyilmaz.com\/index.php?rest_route=\/wp\/v2\/posts\/24062\/revisions"}],"wp:attachment":[{"href":"http:\/\/www.korhanyilmaz.com\/index.php?rest_route=%2Fwp%2Fv2%2Fmedia&parent=24062"}],"wp:term":[{"taxonomy":"category","embeddable":true,"href":"http:\/\/www.korhanyilmaz.com\/index.php?rest_route=%2Fwp%2Fv2%2Fcategories&post=24062"},{"taxonomy":"post_tag","embeddable":true,"href":"http:\/\/www.korhanyilmaz.com\/index.php?rest_route=%2Fwp%2Fv2%2Ftags&post=24062"}],"curies":[{"name":"wp","href":"https:\/\/api.w.org\/{rel}","templated":true}]}}