{"id":24058,"date":"2010-07-01T16:32:26","date_gmt":"2010-07-01T16:32:26","guid":{"rendered":"http:\/\/www.korhanyilmaz.com\/?p=24058"},"modified":"2010-07-01T16:32:26","modified_gmt":"2010-07-01T16:32:26","slug":"tarafa-reklam-vermeyen","status":"publish","type":"post","link":"http:\/\/www.korhanyilmaz.com\/?p=24058","title":{"rendered":"Taraf&#8217;a Reklam Vermeyen&#8230;"},"content":{"rendered":"<p style=\"text-align: center;\"><a href=\"http:\/\/www.korhanyilmaz.com\/wp-content\/uploads\/2010\/07\/206.jpg\"  class=\"lightview\"><img loading=\"lazy\" decoding=\"async\" class=\"aligncenter size-full wp-image-24059\" src=\"http:\/\/www.korhanyilmaz.com\/wp-content\/uploads\/2010\/07\/206.jpg\" alt=\"\" width=\"419\" height=\"198\" \/><\/a><\/p>\n<p style=\"text-align: justify;\"><strong>TARAF<\/strong> Gazetesi\u2019ne maddi ve manevi katk\u0131da bulunup, haber ve yazar deste\u011fi veren <strong>Zaman Gazetesi<\/strong>, son olarak bu gazete i\u00e7in i\u015fadamlar\u0131ndan a\u00e7\u0131ktan reklam istedi. Taraf\u2019a reklam vermeyen i\u015fadamlar\u0131 \u201c<strong>ilkesizlikle<\/strong>\u201d su\u00e7lan\u0131rken, \u201c<strong>Ergenekon\u2019dan korkuyorlar\u2026 Herkes kendisine yak\u0131\u015fan\u0131 yapar<\/strong>\u201d \u015feklinde aba alt\u0131ndan sopa da g\u00f6sterildi. <!--more--><\/p>\n<p style=\"text-align: justify;\">Kendisini Fethullah G\u00fclen\u2019in \u201c<strong>yak\u0131n dostu<\/strong>\u201d olarak tan\u0131mlayan Zaman Gazetesi Yazar\u0131 H\u00fcseyin G\u00fclerce bug\u00fcnk\u00fc yaz\u0131s\u0131nda Abant platformunun ve M\u00fcsl\u00fcmanlar\u0131n demokratl\u0131\u011f\u0131n\u0131n ne kadar \u00f6nemli oldu\u011funu anlatt\u0131\u011f\u0131 sonra sat\u0131r aralar\u0131na, tehditle kar\u0131\u015f\u0131k \u015fu talebi s\u0131k\u0131\u015ft\u0131rd\u0131:<\/p>\n<p style=\"text-align: justify;\">\u201c<strong>Ergenekon dava s\u00fcreci de g\u00f6steriyor ki, hepimiz, her kurum demokratl\u0131k s\u0131nav\u0131ndan ge\u00e7iyor. Kimileri, vesayet ile demokrasi aras\u0131ndaki ma\u00e7\u0131n nas\u0131l bitece\u011fini kestiremedikleri i\u00e7in ilkesiz duru\u015flar sergiliyor. Mesela Taraf gibi, bug\u00fcn demokratikle\u015fme s\u00fcrecinde ilkeli ve cesur duru\u015fuyla medyada ayr\u0131 bir yeri olan gazeteye, reklam vermekten ka\u00e7\u0131nan i\u015fadamlar\u0131 var. \u2018<\/strong><em>Ergenekon ters tepebilir, asker geri d\u00f6nebilir<\/em><strong>\u2019 diye hesap yapanlar var. B\u00fcrokraside de, y\u00fcksek yarg\u0131da da, medyada da, i\u015f d\u00fcnyas\u0131nda da var b\u00f6yleleri&#8230; Ne diyelim, herkes kendisine yak\u0131\u015fan\u0131 yapar\u2026<\/strong>\u201d<\/p>\n<p style=\"text-align: justify;\">Cumhuriyet Gazetesi, Tuncay \u00d6zkan veya Atat\u00fcrk\u00e7\u00fc D\u00fc\u015f\u00fcnce Derne\u011fi\u2019ne verilen destek ve yap\u0131lan yard\u0131mlara, \u201c<strong>Ergenekon\u2019un mali kanad\u0131<\/strong>\u201d yaftas\u0131n\u0131 yap\u0131\u015ft\u0131ran,<\/p>\n<p style=\"text-align: justify;\">Silivri\u2019de \u00f6ld\u00fc\u011f\u00fcnde defnedilecek paras\u0131 bile olmayan Kuddusi Okk\u0131r\u2019\u0131 ya da K\u0131br\u0131s davas\u0131 ve Rauf Denkta\u015f\u2019a destek toplant\u0131lar\u0131 d\u00fczenledi\u011fi i\u00e7in ATO Ba\u015fkan\u0131 Sinan Ayg\u00fcn\u2019\u00fc \u201c<strong>Ergenekon\u2019un kasas\u0131<\/strong>\u201d ilan eden,<\/p>\n<p style=\"text-align: justify;\">Ve yaz\u0131lar\u0131n\u0131 be\u011fenmedikleri Bekir Co\u015fkun, Y\u0131lmaz \u00d6zdil gibi isimlerin kovulmas\u0131n\u0131 isteyenlerin,<\/p>\n<p style=\"text-align: justify;\">Taraf Gazetesi\u2019ne reklam toplamak \u00fczere b\u00f6ylesine a\u00e7\u0131k \u00e7a\u011fr\u0131da bulunmalar\u0131, katk\u0131 vermeyecekleri de pe\u015finen \u201c<strong>ilkesizlik ve Ergenekonculukla<\/strong>\u201d su\u00e7lamalar\u0131 acaba nas\u0131l bir \u201c<strong>ilkelilik ve demokratl\u0131k<\/strong>\u201dt\u0131r?<\/p>\n<p style=\"text-align: justify;\">G\u00fclerce\u2019nin bu \u00e7a\u011fr\u0131s\u0131, Zaman Grubunun Taraf i\u00e7in yapt\u0131\u011f\u0131 ilk giri\u015fim de\u011fil. S\u00f6z konusu gazete ge\u00e7en y\u0131l mali s\u0131k\u0131nt\u0131ya girdi\u011finde de kollar\u0131 s\u0131vam\u0131\u015flard\u0131.<\/p>\n<p style=\"text-align: justify;\">Hatta Zaman\u2019\u0131n Genel Yay\u0131n Y\u00f6netmeni Ekrem Dumanl\u0131, TESEV\u2019in kurucusu, Alarko Holding patronu \u0130shak Alaton\u2019la bizzat ger\u00e7ekle\u015ftirdi\u011fi r\u00f6portajda, \u201c<strong>Ergenekon davas\u0131, G\u00fcneydo\u011fu\u2019daki kuyulardan \u00e7\u0131kan kemikler ve muvazzaf askerlerin tutuklanmas\u0131<\/strong>\u201d ile ilgili g\u00f6r\u00fc\u015flerini ald\u0131ktan sonra konuyu Taraf Gazetesi\u2019ne getirdi. Dumanl\u0131 ve Alaton, Taraf hakk\u0131nda \u015funlar\u0131 konu\u015ftular:<\/p>\n<p style=\"text-align: justify;\"><strong>Dumanl\u0131<\/strong>: Taraf gazetesinin varl\u0131\u011f\u0131n\u0131 \u00f6nemsedi\u011finizi s\u00f6yl\u00fcyorsunuz&#8230;<\/p>\n<p style=\"text-align: justify;\"><strong>Alaton<\/strong>: Her zaman s\u00f6yledim ve buna devam da ediyorum. Yabanc\u0131 dostlar\u0131m beni ziyaret ettikleri zaman, f\u0131rsat bulduk\u00e7a Taraf gazetesinin T\u00fcrkiye\u2019ye \u00e7ok \u00f6nemli hizmette bulunmakta oldu\u011funu a\u00e7\u0131k bir \u015fekilde ifade ediyorum. T\u00fcrkiye\u2019nin demokratikle\u015fmesi, \u015feffaf ve sayg\u0131n bir \u00fclke olma yolundaki aray\u0131\u015f\u0131na Taraf \u00f6nemli katk\u0131 sa\u011fl\u0131yor.<\/p>\n<p style=\"text-align: justify;\"><strong>Dumanl\u0131<\/strong>: Mali a\u00e7\u0131dan s\u0131k\u0131nt\u0131 ya\u015fad\u0131lar.<\/p>\n<p style=\"text-align: justify;\"><strong>Alaton<\/strong>: Onu hallettiler. Hallettiklerini b\u00fcy\u00fck bir mutluluk i\u00e7erisinde duydum. Ben de\u011fil, ba\u015fka i\u015f adamlar\u0131 gazetenin maddi imk\u00e2nlar\u0131n\u0131 desteklediklerini bana ifade ettiler. \u00d6zellikle memnun oldum. \u0130lan bak\u0131m\u0131ndan da \u00e7ok b\u00fcy\u00fck bir s\u0131k\u0131nt\u0131 \u00e7ekmediklerini s\u00f6yleyebiliriz. \u0130lan veren bir grup olmad\u0131\u011f\u0131m\u0131z i\u00e7in bir yakla\u015f\u0131m\u0131m\u0131z olmad\u0131. Biz sadece Alarko Carrier\u2019in kedili reklam\u0131n\u0131 veriyoruz.\u201d<\/p>\n<p style=\"text-align: justify;\"><a href=\"http:\/\/www.odatv.com\/n.php?n=tarafa-reklam-vermeyen--0107101200\" target=\"_blank\"><span style=\"color: #888888;\">Kaynak : M\u00fcyesser Y\u0131ld\u0131z &#8211; Odatv.com<\/span><\/a><\/p>\n","protected":false},"excerpt":{"rendered":"<p style=\"text-align: center;\">\n<p style=\"text-align: justify;\">TARAF Gazetesi\u2019ne maddi ve manevi katk\u0131da bulunup, haber ve yazar deste\u011fi veren Zaman Gazetesi, son olarak bu gazete i\u00e7in i\u015fadamlar\u0131ndan a\u00e7\u0131ktan reklam istedi. Taraf\u2019a reklam vermeyen i\u015fadamlar\u0131 \u201cilkesizlikle\u201d su\u00e7lan\u0131rken, \u201cErgenekon\u2019dan korkuyorlar\u2026 Herkes kendisine yak\u0131\u015fan\u0131 yapar\u201d \u015feklinde aba alt\u0131ndan sopa da g\u00f6sterildi. <\/p>\n","protected":false},"author":1,"featured_media":0,"comment_status":"open","ping_status":"closed","sticky":false,"template":"","format":"standard","meta":{"footnotes":""},"categories":[16],"tags":[],"class_list":["post-24058","post","type-post","status-publish","format-standard","hentry","category-kose-yazilari","odd"],"_links":{"self":[{"href":"http:\/\/www.korhanyilmaz.com\/index.php?rest_route=\/wp\/v2\/posts\/24058","targetHints":{"allow":["GET"]}}],"collection":[{"href":"http:\/\/www.korhanyilmaz.com\/index.php?rest_route=\/wp\/v2\/posts"}],"about":[{"href":"http:\/\/www.korhanyilmaz.com\/index.php?rest_route=\/wp\/v2\/types\/post"}],"author":[{"embeddable":true,"href":"http:\/\/www.korhanyilmaz.com\/index.php?rest_route=\/wp\/v2\/users\/1"}],"replies":[{"embeddable":true,"href":"http:\/\/www.korhanyilmaz.com\/index.php?rest_route=%2Fwp%2Fv2%2Fcomments&post=24058"}],"version-history":[{"count":0,"href":"http:\/\/www.korhanyilmaz.com\/index.php?rest_route=\/wp\/v2\/posts\/24058\/revisions"}],"wp:attachment":[{"href":"http:\/\/www.korhanyilmaz.com\/index.php?rest_route=%2Fwp%2Fv2%2Fmedia&parent=24058"}],"wp:term":[{"taxonomy":"category","embeddable":true,"href":"http:\/\/www.korhanyilmaz.com\/index.php?rest_route=%2Fwp%2Fv2%2Fcategories&post=24058"},{"taxonomy":"post_tag","embeddable":true,"href":"http:\/\/www.korhanyilmaz.com\/index.php?rest_route=%2Fwp%2Fv2%2Ftags&post=24058"}],"curies":[{"name":"wp","href":"https:\/\/api.w.org\/{rel}","templated":true}]}}