{"id":24047,"date":"2010-07-01T12:36:07","date_gmt":"2010-07-01T12:36:07","guid":{"rendered":"http:\/\/www.korhanyilmaz.com\/?p=24047"},"modified":"2010-07-01T12:36:07","modified_gmt":"2010-07-01T12:36:07","slug":"israilde-gizli-gorusme-depremi","status":"publish","type":"post","link":"http:\/\/www.korhanyilmaz.com\/?p=24047","title":{"rendered":"\u0130srail&#8217;de gizli g\u00f6r\u00fc\u015fme depremi"},"content":{"rendered":"<p style=\"text-align: center;\"><a href=\"http:\/\/www.korhanyilmaz.com\/wp-content\/uploads\/2010\/07\/204.jpg\"  class=\"lightview\"><img loading=\"lazy\" decoding=\"async\" class=\"aligncenter size-full wp-image-24048\" src=\"http:\/\/www.korhanyilmaz.com\/wp-content\/uploads\/2010\/07\/204.jpg\" alt=\"\" width=\"380\" height=\"195\" \/><\/a><\/p>\n<p style=\"text-align: justify;\">D\u0131\u015fi\u015fleri Bakan\u0131 Davuto\u011flu ile \u0130srail Sanayi Bakan\u0131 Eliezer ile Br\u00fcksel&#8217;de gizlice g\u00f6r\u00fc\u015fmesi, \u0130srail D\u0131\u015fi\u015fleri Bakan\u0131 Lieberman&#8217;\u0131 \u00e7ok k\u0131zd\u0131rd\u0131. Lieberman, &#8216;Bu durum, Netanyahu&#8217;ya olan g\u00fcvenime bir darbedir, arkamdan i\u015f \u00e7evirdiler&#8217; ifadelerini kulland\u0131.<!--more--><\/p>\n<p style=\"text-align: justify;\">T\u00fcrkiye-\u0130srail ili\u015fkilerindeki ciddi krizin giderilmesi amac\u0131yla D\u0131\u015fi\u015fleri Bakan\u0131 Ahmet Davuto\u011flu ile &#8220;T\u00fcrk dostu&#8221; olarak bilinen \u0130srail Sanayi, Ticaret ve \u00c7al\u0131\u015fma Bakan\u0131 Benjamin Ben-Eliezer aras\u0131nda yap\u0131lan &#8220;gizli&#8221; g\u00f6r\u00fc\u015fmenin, \u0130srail D\u0131\u015fi\u015fleri Bakan\u0131 Avigdor Lieberman\u2019\u0131n haberi olmadan ger\u00e7ekle\u015fmesi \u0130srail\u2019i kar\u0131\u015ft\u0131r\u0131rken g\u00f6r\u00fc\u015fmeye ili\u015fkin baz\u0131 ayr\u0131nt\u0131lar da ortaya \u00e7\u0131kmaya ba\u015flad\u0131. Lieberman\u2019\u0131n \u00f6fkesine dikkat \u00e7eken \u0130srail bas\u0131n\u0131, &#8220;gizli g\u00f6r\u00fc\u015fme&#8221;nin, \u00c7ar\u015famba g\u00fcn\u00fc \u0130svi\u00e7re\u2019nin Z\u00fcrih kentinde ger\u00e7ekle\u015ftirdi\u011fini, g\u00f6r\u00fc\u015fme talebinin T\u00fcrk taraf\u0131ndan geldi\u011fini belirtti.<\/p>\n<p style=\"text-align: justify;\"><strong>&#8220;G\u0130ZL\u0130 G\u00d6R\u00dc\u015eME NETANYAHU-L\u0130EBERMAN \u0130L\u0130\u015eK\u0130S\u0130N\u0130 BOZAL\u0130B\u0130R&#8221;<\/strong><\/p>\n<p style=\"text-align: justify;\">Jerusalem Post, &#8220;Ben Eliezer, gizlice T\u00fcrk D\u0131\u015fi\u015fleri Bakan\u0131 ile bulu\u015ftu&#8221; ba\u015fl\u0131\u011f\u0131n\u0131 kulland\u0131\u011f\u0131 haberinde &#8220;\u0130srailli-T\u00fcrk ba\u011flar\u0131n\u0131 onarmak amac\u0131yla Ben-Eliezer ile T\u00fcrk D\u0131\u015fi\u015fleri Bakan\u0131 Ahmet Davuto\u011flu aras\u0131nda ger\u00e7ekle\u015fen gizli g\u00f6r\u00fc\u015fme, Ba\u015fbakan Binyamin Netanyahu ile D\u0131\u015fi\u015fleri Bakan\u0131 Avigdor Lieberman aras\u0131ndaki ili\u015fkileri bozabilir&#8221; yorumunu yapt\u0131.<\/p>\n<p style=\"text-align: justify;\">G\u00f6r\u00fc\u015fmeyi ilk duyuran \u0130srail\u2019in Kanal 2 televizyonu, Netanyahu\u2019nun, Lieberman\u2019a bilgi vermeden T\u00fcrkiye ile iyi ili\u015fkileriyle bilinen Ben-Eliezer\u2019i Davuto\u011flu ile g\u00f6r\u00fc\u015fmek \u00fczere Z\u00fcrih\u2019e g\u00f6nderdi\u011fini, bulu\u015fma konusunda Milli Savunma Bakan\u0131 Ehud Barak\u2019\u0131n da haberi oldu\u011funu bildirdi\u011fine dikkat \u00e7eken JPost, Lieberman\u2019\u0131n ise, &#8220;Bu, Netanyahu\u2019ya olan g\u00fcvenime bir darbe&#8221; diyerek b\u00fcy\u00fck tepki g\u00f6sterdi\u011fine dikkat \u00e7ekti.  Yediot Ahronot gazetesi ise Lieberman&#8217;\u0131n,  &#8216;Arkamdan i\u015f \u00e7evirdiler&#8217; s\u00f6zlerine yer verdi.<\/p>\n<p style=\"text-align: justify;\">\u0130srail D\u0131\u015fi\u015fleri Bakanl\u0131\u011f\u0131nca yap\u0131lan ve Lieberman\u2019\u0131n, konunun tam olarak ayd\u0131nlat\u0131lmas\u0131 kararl\u0131\u011f\u0131n\u0131n yans\u0131tan a\u00e7\u0131klamas\u0131n\u0131 da aktaran gazete, \u0130srail Ba\u015fbakanl\u0131k B\u00fcrosunca da yap\u0131lan a\u00e7\u0131klamadaki, &#8220;Ba\u015fbakan, son birka\u00e7 hafta T\u00fcrkler ile temaslar i\u00e7in bir tak\u0131m giri\u015fimler yap\u0131ld\u0131\u011f\u0131 ve bundan D\u0131\u015fi\u015fleri Bakanl\u0131\u011f\u0131\u2019n\u0131n da haberdar oldu\u011fu i\u00e7in g\u00f6r\u00fc\u015fmenin yap\u0131lmamas\u0131 i\u00e7in bir neden g\u00f6rmedi&#8221; yolundaki s\u00f6zlerine de vurgu yapt\u0131.<\/p>\n<p style=\"text-align: justify;\">JPost haberinde ayr\u0131ca Ben Eliezer ile Davuto\u011flu aras\u0131ndaki g\u00f6r\u00fc\u015fmenin i\u00e7eri\u011fi konusunda bilgi verilmedi\u011fini de yazd\u0131.<\/p>\n<p style=\"text-align: justify;\">\u0130srail\u2019in \u00f6nde gelen gazetelerinden Haaretz ise, Davuto\u011flu ile Ben Eliezer aras\u0131ndaki g\u00f6r\u00fc\u015fmenin \u0130srail koalisyon h\u00fck\u00fcmetinde yaratt\u0131\u011f\u0131 depremi de\u011ferlendirdi\u011fi haberinde koalisyonda &#8220;gerilim&#8221; ya\u015fand\u0131\u011f\u0131n\u0131 belirtirken Lieberman\u2019\u0131n &#8220;\u00f6fkeli&#8221; bir tepki g\u00f6sterdi\u011fini kaydetti.<\/p>\n<p style=\"text-align: justify;\">&#8220;Lieberman, Ba\u015fbakan\u0131, otoritesini zedelemekle su\u00e7lad\u0131&#8221; diyen Haaretz, Ehud Barak\u2019\u0131n \u0130\u015f\u00e7i Partisi \u00fcyesi olan Ben-Eliezer\u2019in son birka\u00e7 hafta \u0130srail\u2019in T\u00fcrkiye ile bozulan ili\u015fki konusunda kayg\u0131s\u0131n\u0131 dile getirdi\u011fini de yazd\u0131.<\/p>\n<p style=\"text-align: justify;\">Gazete, &#8220;\u00c7ar\u015famba g\u00fcnk\u00fc g\u00f6r\u00fc\u015fmenin diplomatik zararlar\u0131 onarmay\u0131 ama\u00e7lad\u0131\u011f\u0131 gibi g\u00f6r\u00fcnd\u00fc\u011f\u00fcn\u00fc&#8221; belirtikten sonra &#8220;T\u00fcrk yetkililerinin, gayri resmi g\u00f6r\u00fc\u015fme talebiyle do\u011frudan Ben-Eliezer\u2019e ba\u015fvurduklar\u0131&#8221;n\u0131 kaydetti.<\/p>\n<p style=\"text-align: justify;\">Sert yakla\u015f\u0131m\u0131 nedeniyle Lieberman\u2019\u0131n, \u0130srail\u2019in bir\u00e7ok m\u00fcttefiki aras\u0131nda tepki g\u00f6rd\u00fc\u011f\u00fcn\u00fc, bu nedenle &#8220;y\u00fcksek d\u00fczeydeki diplomasi&#8221;nin daha \u00e7ok Netanyahu veya Barak taraf\u0131ndan y\u00fcr\u00fct\u00fcld\u00fc\u011f\u00fcne dikkat \u00e7eken gazete, haberinde ayr\u0131ca Ben-Eliezer\u2019in, di\u011fer bakanlardan farkl\u0131 olarak &#8220;Gazze filosu&#8221; olay\u0131 i\u00e7in uluslararas\u0131 soru\u015fturma talebinde bulundu\u011funu da an\u0131msatt\u0131.<\/p>\n<p style=\"text-align: justify;\">Buna kar\u015f\u0131n Haaretz, Ben-Eliezer\u2019in, T\u00fcrkiye ile ili\u015fkilerin yak\u0131nla\u015ft\u0131r\u0131lmas\u0131ndan yana tav\u0131r tak\u0131nmakla birlikte birka\u00e7 g\u00fcn \u00f6nce \u0130srail\u2019in, filo olay\u0131 nedeniyle T\u00fcrkiye\u2019den \u00f6z\u00fcr dileme niyetinin olmad\u0131\u011f\u0131n\u0131 da s\u00f6yledi\u011fine de dikkat \u00e7ekti.<\/p>\n<p style=\"text-align: justify;\"><span style=\"color: #888888;\">Gazeteport<\/span><\/p>\n","protected":false},"excerpt":{"rendered":"<p style=\"text-align: center;\">\n<p style=\"text-align: justify;\">D\u0131\u015fi\u015fleri Bakan\u0131 Davuto\u011flu ile \u0130srail Sanayi Bakan\u0131 Eliezer ile Br\u00fcksel&#8217;de gizlice g\u00f6r\u00fc\u015fmesi, \u0130srail D\u0131\u015fi\u015fleri Bakan\u0131 Lieberman&#8217;\u0131 \u00e7ok k\u0131zd\u0131rd\u0131. Lieberman, &#8216;Bu durum, Netanyahu&#8217;ya olan g\u00fcvenime bir darbedir, arkamdan i\u015f \u00e7evirdiler&#8217; ifadelerini kulland\u0131.<\/p>\n","protected":false},"author":1,"featured_media":0,"comment_status":"open","ping_status":"closed","sticky":false,"template":"","format":"standard","meta":{"footnotes":""},"categories":[3],"tags":[],"class_list":["post-24047","post","type-post","status-publish","format-standard","hentry","category-dunya","odd"],"_links":{"self":[{"href":"http:\/\/www.korhanyilmaz.com\/index.php?rest_route=\/wp\/v2\/posts\/24047","targetHints":{"allow":["GET"]}}],"collection":[{"href":"http:\/\/www.korhanyilmaz.com\/index.php?rest_route=\/wp\/v2\/posts"}],"about":[{"href":"http:\/\/www.korhanyilmaz.com\/index.php?rest_route=\/wp\/v2\/types\/post"}],"author":[{"embeddable":true,"href":"http:\/\/www.korhanyilmaz.com\/index.php?rest_route=\/wp\/v2\/users\/1"}],"replies":[{"embeddable":true,"href":"http:\/\/www.korhanyilmaz.com\/index.php?rest_route=%2Fwp%2Fv2%2Fcomments&post=24047"}],"version-history":[{"count":0,"href":"http:\/\/www.korhanyilmaz.com\/index.php?rest_route=\/wp\/v2\/posts\/24047\/revisions"}],"wp:attachment":[{"href":"http:\/\/www.korhanyilmaz.com\/index.php?rest_route=%2Fwp%2Fv2%2Fmedia&parent=24047"}],"wp:term":[{"taxonomy":"category","embeddable":true,"href":"http:\/\/www.korhanyilmaz.com\/index.php?rest_route=%2Fwp%2Fv2%2Fcategories&post=24047"},{"taxonomy":"post_tag","embeddable":true,"href":"http:\/\/www.korhanyilmaz.com\/index.php?rest_route=%2Fwp%2Fv2%2Ftags&post=24047"}],"curies":[{"name":"wp","href":"https:\/\/api.w.org\/{rel}","templated":true}]}}