{"id":24044,"date":"2010-06-30T22:13:09","date_gmt":"2010-06-30T22:13:09","guid":{"rendered":"http:\/\/www.korhanyilmaz.com\/?p=24044"},"modified":"2010-06-30T22:13:09","modified_gmt":"2010-06-30T22:13:09","slug":"israil-ile-turkiye-gizlice-gorustu","status":"publish","type":"post","link":"http:\/\/www.korhanyilmaz.com\/?p=24044","title":{"rendered":"&#8220;\u0130srail ile T\u00fcrkiye gizlice g\u00f6r\u00fc\u015ft\u00fc&#8221;"},"content":{"rendered":"<p style=\"text-align: center;\"><a href=\"http:\/\/www.korhanyilmaz.com\/wp-content\/uploads\/2010\/07\/203.jpg\"  class=\"lightview\"><img loading=\"lazy\" decoding=\"async\" class=\"aligncenter size-full wp-image-24045\" title=\"203\" src=\"http:\/\/www.korhanyilmaz.com\/wp-content\/uploads\/2010\/07\/203.jpg\" alt=\"\" width=\"380\" height=\"201\" \/><\/a><\/p>\n<p style=\"text-align: justify;\">D\u0131\u015fi\u015fleri Bakan\u0131 Ahmet Davuto\u011flu, \u0130srail Ticaret Bakan\u0131 Eliezer ile Br\u00fcksel&#8217;de gizli bir toplant\u0131 yapt\u0131. \u0130li\u015fkilerin onar\u0131lmas\u0131 masaya yat\u0131r\u0131l\u0131rken, \u0130srail bas\u0131n\u0131, T\u00fcrk taraf\u0131n\u0131n iste\u011fiyle ger\u00e7ekle\u015fen g\u00f6r\u00fc\u015fmeye Lieberman&#8217;\u0131n k\u0131zd\u0131\u011f\u0131n\u0131 yazd\u0131.<!--more--><\/p>\n<p style=\"text-align: justify;\">BR\u00dcKSEL &#8211; AB ile yeni bir ba\u015fl\u0131k a\u00e7\u0131lmas\u0131 i\u00e7in Br\u00fcksel\u2019de bulunan D\u0131\u015fi\u015fleri Bakan\u0131 Ahmet Davuto\u011flu, \u00fcst \u00fcste patlak veren krizlerle ili\u015fkilerin kopma noktas\u0131na geldi\u011fi \u0130srail ile bulu\u015ftu.<\/p>\n<p style=\"text-align: justify;\">Davuto\u011flu ile \u0130srail Ticaret Bakan\u0131 Ben Eliezer, Br\u00fcksel\u2019de bir otelin suitinde gizli bir toplant\u0131 yapt\u0131.<\/p>\n<p style=\"text-align: justify;\">TS\u0130 ile 12.30\u2019da ger\u00e7ekle\u015fti\u011fi ve 2.5 saat s\u00fcrd\u00fc\u011f\u00fc \u00f6\u011frenilen toplant\u0131da, \u0130srail\u2019in Mavi Marmara sald\u0131r\u0131s\u0131n\u0131n ard\u0131ndan ili\u015fkilerin nas\u0131l onar\u0131labilece\u011fi masaya yat\u0131r\u0131ld\u0131.<\/p>\n<p style=\"text-align: justify;\">Bakanlar, iki \u00fclke aras\u0131ndaki diyalo\u011fun yeniden kurulmas\u0131 i\u00e7in g\u00f6r\u00fc\u015f al\u0131\u015fveri\u015finde bulundu. Bir sonraki g\u00f6r\u00fc\u015fme i\u00e7in yine gizli bir yer ve tarih belirlendi\u011fi kaydedilirken, \u00f6ncelikle iki bakan\u0131n ba\u015fabakanlar\u0131na bilgi aktar\u0131m\u0131 yapmalar\u0131n\u0131n gerekece\u011fi ifade edildi.<\/p>\n<p style=\"text-align: justify;\">NTV&#8217;nin haberine g\u00f6re \u0130srailli bakana ilk olarak g\u00f6r\u00fc\u015fme i\u00e7in Strasbourgh ya da L\u00fcksemburg teklifi yap\u0131ld\u0131. Eliezer, bu iki teklifin yan\u0131 s\u0131ra T\u00fcrkiye&#8217;nin AB&#8217;deki daimi temsilcisi Selim Kuneralp&#8217;in rezidans\u0131 \u00f6nerisini de reddetti.<\/p>\n<p style=\"text-align: justify;\">\u2014 G\u00f6r\u00fc\u015fmenin gizli kalmas\u0131 i\u00e7in, suit oda ba\u015fka bir \u015fah\u0131s ad\u0131na tutuldu.<\/p>\n<p style=\"text-align: justify;\">\u2014 G\u00f6r\u00fc\u015fmede T\u00fcrkiye ad\u0131na Bakan Davuto\u011flu, D\u0131\u015fi\u015fleri M\u00fcste\u015far\u0131 Feridun Sinirli\u011flu ve Selim Kuneralp bulundu.<\/p>\n<p style=\"text-align: justify;\">\u2014 Davuto\u011flu ile birlikte Br\u00fcksel&#8217;de bulunan Tar\u0131m Bakan\u0131 Mehdi Eker ile Bakan Egemen Ba\u011f\u0131\u015f&#8217;\u0131n g\u00f6r\u00fc\u015fmeden haberi olmad\u0131.<\/p>\n<p style=\"text-align: justify;\"><strong>&#8220;T\u00dcRK TARAFI \u0130STED\u0130, L\u0130EBERMAN KIZGIN&#8221;<\/strong><\/p>\n<p style=\"text-align: justify;\">\u00d6te yandan, bulu\u015fman\u0131n T\u00fcrk taraf\u0131n\u0131n iste\u011fiyle ger\u00e7ekle\u015fti\u011fini yazan \u0130srail bas\u0131n\u0131nda, Ba\u015fbakan Binyamin Netanyahu ve Savunma Bakan\u0131 Ehud Barak\u2019\u0131n onay verdi\u011fi g\u00f6r\u00fc\u015fmeden, a\u015f\u0131r\u0131 sa\u011fc\u0131 D\u0131\u015fi\u015fleri Bakan\u0131 Avigdor Lieberman\u2019\u0131n ise haberdar edilmedi\u011fi belirtildi.<\/p>\n<p style=\"text-align: justify;\">Bu nedenle Lieberman\u2019\u0131n, team\u00fcllerin \u00e7i\u011fnendi\u011fini ve Netanyahu ile aras\u0131ndaki g\u00fcvenin sars\u0131ld\u0131\u011f\u0131n\u0131 ifade etti\u011fi belirtildi.<\/p>\n<p style=\"text-align: justify;\"><span style=\"color: #888888;\">Gazeteport<\/span><\/p>\n","protected":false},"excerpt":{"rendered":"<p style=\"text-align: center;\">\n<p style=\"text-align: justify;\">D\u0131\u015fi\u015fleri Bakan\u0131 Ahmet Davuto\u011flu, \u0130srail Ticaret Bakan\u0131 Eliezer ile Br\u00fcksel&#8217;de gizli bir toplant\u0131 yapt\u0131. \u0130li\u015fkilerin onar\u0131lmas\u0131 masaya yat\u0131r\u0131l\u0131rken, \u0130srail bas\u0131n\u0131, T\u00fcrk taraf\u0131n\u0131n iste\u011fiyle ger\u00e7ekle\u015fen g\u00f6r\u00fc\u015fmeye Lieberman&#8217;\u0131n k\u0131zd\u0131\u011f\u0131n\u0131 yazd\u0131.<\/p>\n","protected":false},"author":1,"featured_media":0,"comment_status":"open","ping_status":"closed","sticky":false,"template":"","format":"standard","meta":{"footnotes":""},"categories":[105],"tags":[],"class_list":["post-24044","post","type-post","status-publish","format-standard","hentry","category-gundem","odd"],"_links":{"self":[{"href":"http:\/\/www.korhanyilmaz.com\/index.php?rest_route=\/wp\/v2\/posts\/24044","targetHints":{"allow":["GET"]}}],"collection":[{"href":"http:\/\/www.korhanyilmaz.com\/index.php?rest_route=\/wp\/v2\/posts"}],"about":[{"href":"http:\/\/www.korhanyilmaz.com\/index.php?rest_route=\/wp\/v2\/types\/post"}],"author":[{"embeddable":true,"href":"http:\/\/www.korhanyilmaz.com\/index.php?rest_route=\/wp\/v2\/users\/1"}],"replies":[{"embeddable":true,"href":"http:\/\/www.korhanyilmaz.com\/index.php?rest_route=%2Fwp%2Fv2%2Fcomments&post=24044"}],"version-history":[{"count":0,"href":"http:\/\/www.korhanyilmaz.com\/index.php?rest_route=\/wp\/v2\/posts\/24044\/revisions"}],"wp:attachment":[{"href":"http:\/\/www.korhanyilmaz.com\/index.php?rest_route=%2Fwp%2Fv2%2Fmedia&parent=24044"}],"wp:term":[{"taxonomy":"category","embeddable":true,"href":"http:\/\/www.korhanyilmaz.com\/index.php?rest_route=%2Fwp%2Fv2%2Fcategories&post=24044"},{"taxonomy":"post_tag","embeddable":true,"href":"http:\/\/www.korhanyilmaz.com\/index.php?rest_route=%2Fwp%2Fv2%2Ftags&post=24044"}],"curies":[{"name":"wp","href":"https:\/\/api.w.org\/{rel}","templated":true}]}}